{"id":14305,"date":"2021-09-24T12:31:58","date_gmt":"2021-09-24T09:31:58","guid":{"rendered":"http:\/\/akdenizolaygazetesi.com\/?p=14305"},"modified":"2021-09-24T12:31:58","modified_gmt":"2021-09-24T09:31:58","slug":"gultak-universite-ogrencileri-icin-harekete-gecti","status":"publish","type":"post","link":"https:\/\/akdenizolaygazetesi.com\/?p=14305","title":{"rendered":"G\u00dcLTAK \u00dcN\u0130VERS\u0130TE \u00d6\u011eRENC\u0130LER\u0130 \u0130\u00c7\u0130N HAREKETE GE\u00c7T\u0130"},"content":{"rendered":"<p>Akdeniz Belediyesi, y\u00fcz y\u00fcze e\u011fitimin ba\u015flamas\u0131 ile beraber \u00fcniversite e\u011fitimi i\u00e7in Mersin&#8217;e gelen \u00f6\u011frencilerin konaklama ihtiyac\u0131 konusunda harekete ge\u00e7ti. \u0130htiya\u00e7 sahibi \u00f6\u011frencilerin, belediyeye ba\u015fvurmalar\u0131n\u0131n yeterli oldu\u011funu dile getiren Ba\u015fkan Mustafa G\u00fcltak, &#8220;Ekip arkada\u015flar\u0131m\u0131z gelen konaklama taleplerini ivedilikle de\u011ferlendirecek. Gelece\u011fimizin teminat\u0131 olan \u00f6\u011frencilerimizin her daim yan\u0131nday\u0131z. Bundan kimsenin \u015f\u00fcphesi olmas\u0131n&#8221; diye konu\u015ftu.<br \/>\nAkdeniz Belediye Ba\u015fkan\u0131 Mustafa G\u00fcltak; okullar\u0131n a\u00e7\u0131lmas\u0131 ve y\u00fcz y\u00fcze e\u011fitimin ba\u015flamas\u0131 ile beraber konaklama ihtiyac\u0131 olan \u00f6\u011frencilere kay\u0131ts\u0131z kalmad\u0131. Kente \u00fcniversite e\u011fitimi i\u00e7in gelen \u00f6\u011frencilere destek olacaklar\u0131n\u0131 dile getiren Ba\u015fkan G\u00fcltak; Akdeniz Belediyesi b\u00fcnyesinde \u00f6zel bir masa kurularak gelen konaklama taleplerinin vakit kaybetmeden de\u011ferlendirilmesi hususunda talimat verdi.<br \/>\nBa\u015fkan Mustafa G\u00fcltak konuya ili\u015fkin yapt\u0131\u011f\u0131 a\u00e7\u0131klamada, &#8220;\u00dclkemizin bir\u00e7ok yerinde oldu\u011fu gibi kentimize gelen \u00f6\u011frencilerin yo\u011funlu\u011funu da dikkate alarak devlet yurdu \u00e7\u0131kmayan, yedekte kalan ya da bir sebeple konaklamaya ihtiya\u00e7 duyan \u00f6\u011frencilerimiz i\u00e7in h\u0131zl\u0131ca \u00e7\u00f6z\u00fcm \u00fcretme noktas\u0131nda harekete ge\u00e7tik. \u00d6\u011frencilerimiz belediyemizin 0324-336 65 83 numaras\u0131n\u0131 arayarak ilgili ekip arkada\u015flar\u0131m\u0131zla ileti\u015fime ge\u00e7ebilirler&#8221; diye konu\u015ftu.<br \/>\nBa\u015fkan G\u00fcltak; &#8220;\u00d6\u011frenci dostu bir belediye olarak ekip arkada\u015flar\u0131m\u0131z arayan her karde\u015fimizle yak\u0131ndan ilgilenecektir. Bu konuda hi\u00e7 kimse kendisini yaln\u0131z hissetmesin. \u00d6\u011frencilerimiz bilimin \u0131\u015f\u0131\u011f\u0131nda daha iyi bir gelecek in\u015fa etmek ad\u0131na yaln\u0131zca derslerine konsantre olsunlar. Bizi bu fazlas\u0131yla mutlu edecektir&#8221; ifadelerini kulland\u0131. <\/p>\n","protected":false},"excerpt":{"rendered":"<p>Akdeniz Belediyesi, y\u00fcz y\u00fcze e\u011fitimin ba\u015flamas\u0131 ile beraber \u00fcniversite e\u011fitimi i\u00e7in Mersin&#8217;e gelen \u00f6\u011frencilerin konaklama ihtiyac\u0131 konusunda harekete ge\u00e7ti. \u0130htiya\u00e7 sahibi \u00f6\u011frencilerin, belediyeye ba\u015fvurmalar\u0131n\u0131n yeterli oldu\u011funu dile getiren Ba\u015fkan Mustafa &hellip; <a href=\"https:\/\/akdenizolaygazetesi.com\/?p=14305\" class=\"more-link\">Devam\u0131n\u0131 Oku&#8230;<\/a><\/p>\n","protected":false},"author":2,"featured_media":14306,"comment_status":"open","ping_status":"open","sticky":false,"template":"","format":"standard","meta":[],"categories":[1,3,5],"tags":[],"_links":{"self":[{"href":"https:\/\/akdenizolaygazetesi.com\/index.php?rest_route=\/wp\/v2\/posts\/14305"}],"collection":[{"href":"https:\/\/akdenizolaygazetesi.com\/index.php?rest_route=\/wp\/v2\/posts"}],"about":[{"href":"https:\/\/akdenizolaygazetesi.com\/index.php?rest_route=\/wp\/v2\/types\/post"}],"author":[{"embeddable":true,"href":"https:\/\/akdenizolaygazetesi.com\/index.php?rest_route=\/wp\/v2\/users\/2"}],"replies":[{"embeddable":true,"href":"https:\/\/akdenizolaygazetesi.com\/index.php?rest_route=%2Fwp%2Fv2%2Fcomments&post=14305"}],"version-history":[{"count":1,"href":"https:\/\/akdenizolaygazetesi.com\/index.php?rest_route=\/wp\/v2\/posts\/14305\/revisions"}],"predecessor-version":[{"id":14307,"href":"https:\/\/akdenizolaygazetesi.com\/index.php?rest_route=\/wp\/v2\/posts\/14305\/revisions\/14307"}],"wp:featuredmedia":[{"embeddable":true,"href":"https:\/\/akdenizolaygazetesi.com\/index.php?rest_route=\/wp\/v2\/media\/14306"}],"wp:attachment":[{"href":"https:\/\/akdenizolaygazetesi.com\/index.php?rest_route=%2Fwp%2Fv2%2Fmedia&parent=14305"}],"wp:term":[{"taxonomy":"category","embeddable":true,"href":"https:\/\/akdenizolaygazetesi.com\/index.php?rest_route=%2Fwp%2Fv2%2Fcategories&post=14305"},{"taxonomy":"post_tag","embeddable":true,"href":"https:\/\/akdenizolaygazetesi.com\/index.php?rest_route=%2Fwp%2Fv2%2Ftags&post=14305"}],"curies":[{"name":"wp","href":"https:\/\/api.w.org\/{rel}","templated":true}]}}