{"id":14308,"date":"2021-09-24T12:33:43","date_gmt":"2021-09-24T09:33:43","guid":{"rendered":"http:\/\/akdenizolaygazetesi.com\/?p=14308"},"modified":"2021-09-24T12:33:43","modified_gmt":"2021-09-24T09:33:43","slug":"baskan-yilmaz-hedeflerinizi-yuksek-tutun","status":"publish","type":"post","link":"https:\/\/akdenizolaygazetesi.com\/?p=14308","title":{"rendered":"Ba\u015fkan Y\u0131lmaz; &#8220;Hedeflerinizi Y\u00fcksek Tutun&#8221;"},"content":{"rendered":"<p>Toroslar Belediyesi, her y\u0131l 16-22 Eyl\u00fcl tarihleri aras\u0131nda kutlanan Avrupa Hareketlilik Haftas\u0131&#8217;na, d\u00fczenledi\u011fi birbirinden renkli ve sportif etkinliklerle damga vurdu, spora ve sa\u011fl\u0131kl\u0131 ya\u015fama dikkat \u00e7ekti.<\/p>\n<p>2021 y\u0131l\u0131 temas\u0131 &#8220;S\u00fcrd\u00fcr\u00fclebilir Ula\u015f\u0131m; Sa\u011fl\u0131kl\u0131 ve G\u00fcvenli Hareketlilik&#8221; olan haftan\u0131n son g\u00fcn\u00fcnde belediye, 2020 Tokyo Olimpiyatlar\u0131&#8217;nda \u00fclkemizi temsil eden milli sporcular Tu\u011f\u00e7e \u015eahuto\u011flu (\u00c7eki\u00e7 Atma) ve Ersu \u015ea\u015fma&#8217;y\u0131 (S\u0131r\u0131kla Atlama) gen\u00e7lerle bulu\u015fturdu.<\/p>\n<p>&#8220;Sporun Mutfa\u011f\u0131ndakiler&#8221; adl\u0131 panel, yo\u011fun ilgi g\u00f6rd\u00fc. Toroslar Belediye Ba\u015fkan\u0131 Ats\u0131z Af\u015f\u0131n Y\u0131lmaz da panelde gen\u00e7leri yaln\u0131z b\u0131rakmad\u0131.<\/p>\n<p>Yunus Emre K\u00fclt\u00fcr Merkezi&#8217;nde ger\u00e7ekle\u015fen panelde Milli Atletler Tu\u011f\u00e7e \u015eahuto\u011flu ve Ersu \u015ea\u015fma, kat\u0131l\u0131mc\u0131lara kariyerlerindeki ba\u015far\u0131lar\u0131 anlatt\u0131, tavsiyelerde bulundu.<\/p>\n<p>Ba\u015fkan Y\u0131lmaz; &#8220;Hedeflerinizi Y\u00fcksek Tutun&#8221;<\/p>\n<p>Sayg\u0131 duru\u015fu ve \u0130stiklal Mar\u015f\u0131&#8217;n\u0131n okunmas\u0131n\u0131n ard\u0131ndan ba\u015flayan panel \u00f6ncesi bir konu\u015fma yapan Toroslar Belediye Ba\u015fkan\u0131 Ats\u0131z Af\u015f\u0131n Y\u0131lmaz, Mersin&#8217;in gururu milli sporcular\u0131 Toroslar&#8217;da a\u011f\u0131rlaman\u0131n mutlulu\u011funu ya\u015fad\u0131klar\u0131n\u0131 belirtti.<\/p>\n<p>Konu\u015fmas\u0131nda t\u00fcm gen\u00e7lere de seslenen Ba\u015fkan Y\u0131lmaz; &#8220;Sizlerden iste\u011fimiz kendiniz i\u00e7in bir hedef koyman\u0131z ve o hedefe ula\u015fmak i\u00e7in azimle \u00e7al\u0131\u015fman\u0131zd\u0131r&#8221; dedi.<\/p>\n<p>&#8220;Spora ve Sa\u011fl\u0131kl\u0131 Ya\u015fama Katk\u0131 Sunmaya Devam Edece\u011fiz&#8221;<\/p>\n<p>Avrupa Hareketlilik Haftas\u0131 kapsam\u0131nda s\u00fcrd\u00fcr\u00fclebilir hareketin, bisiklet kullan\u0131m\u0131n\u0131n yayg\u0131nla\u015ft\u0131r\u0131lmas\u0131 ad\u0131na etkinlikler d\u00fczenlediklerini ve bir fark\u0131ndal\u0131k olu\u015fturmay\u0131 ama\u00e7lad\u0131klar\u0131n\u0131 belirten Ba\u015fkan Y\u0131lmaz; &#8220;Olimpiyatlarda \u00fclkemizi temsil eden milli sporcular\u0131m\u0131zla bir araday\u0131z. Biz, onlar\u0131n sadece olimpiyatlara kat\u0131lma s\u00fcrecini biliyoruz. Ama onlar\u0131n bu ba\u015far\u0131lar\u0131nda y\u0131llar s\u00fcren yo\u011fun \u00e7al\u0131\u015fmalar\u0131 ve ailelerinin de deste\u011fi de var. Bu panel ile milli sporcular\u0131m\u0131z\u0131n, elde ettikleri ba\u015far\u0131lar\u0131 sizlerle payla\u015fmalar\u0131n\u0131 istedik. Sizler bizim gelece\u011fimizsiniz ve sizleri ko\u015fulsuz seviyoruz. Sizlerin de birer milli sporcu olarak yeti\u015fmeniz en b\u00fcy\u00fck arzumuz. Bu anlamda gelece\u011fimiz olan \u00e7ocuklar\u0131m\u0131z\u0131n en iyi \u015fartlarda e\u011fitim almalar\u0131 i\u00e7in \u00e7aba g\u00f6steriyoruz. Sevgimiz, sayg\u0131m\u0131z oldu\u011fu s\u00fcrece ba\u015faramayaca\u011f\u0131m\u0131z hi\u00e7bir \u015fey yok. Milli sporcular\u0131m\u0131z Tu\u011f\u00e7e \u015eahuto\u011flu ve Ersu \u015ea\u015fma da kendilerine uygun spor dallar\u0131n\u0131 se\u00e7mi\u015fler. Disiplinli bir \u015fekilde \u00e7ok \u00e7al\u0131\u015fm\u0131\u015flar, hedeflerini y\u00fcksek tutmu\u015flar ve ba\u015farm\u0131\u015flar. Olimpiyatlarda ve d\u00fcnya \u015fampiyonalar\u0131nda \u00fclkemizi temsil ettiler. Onlar \u00e7a\u011f\u0131m\u0131z\u0131n s\u00fcper kahramanlar\u0131. Her iki sporcumuzu ve ailelerini Toroslar\u0131m\u0131zda a\u011f\u0131rlad\u0131\u011f\u0131m\u0131z i\u00e7in \u00e7ok mutlu olduk&#8221; diye konu\u015ftu.<\/p>\n<p>Soru ve cevap \u015feklinde ger\u00e7ekle\u015fen panelin ard\u0131ndan Ba\u015fkan Y\u0131lmaz, milli sporcular\u0131 tebrik ederek, hediyelerini verirken, \u0130l\u00e7e Milli E\u011fitim M\u00fcd\u00fcr\u00fc Nazmi Kendigelen ve \u0130l\u00e7e Halk E\u011fitim M\u00fcd\u00fcr\u00fc Mahmut G\u00fcl de milli sporculara \u00e7i\u00e7ek ve plaket takdim etti.<\/p>\n<p>&#8220;TOROSLAR&#8217;DA PEDALLAR &#8220;HAREKETL\u0130L\u0130K&#8221; \u0130\u00c7\u0130N \u00c7EVR\u0130LD\u0130&#8221;<\/p>\n<p>Toroslar Belediyesi, Avrupa Hareketlilik Haftas\u0131 kapsam\u0131nda &#8220;Bisiklet Fark\u0131ndal\u0131k S\u00fcr\u00fc\u015f\u00fc&#8221; etkinli\u011fi de ger\u00e7ekle\u015ftirdi.<\/p>\n<p>Toroslar Belediyesi hizmet binas\u0131 \u00f6n\u00fcnden ba\u015flayan etkinlikte; il\u00e7e protokol\u00fc, belediye personeli, Mersin Bisiklet Derne\u011fi \u00dcyeleri, sivil toplum kurulu\u015flar\u0131n\u0131n temsilcileri ve vatanda\u015flar, Toroslar Belediyesi \u00f6n\u00fcnden bisiklet turu atarak, Toroslar \u0130l\u00e7e Kaymakaml\u0131\u011f\u0131\u2019na kadar pedal \u00e7evirdi.<\/p>\n<p>\u0130l\u00e7enin caddelerinde al bayraklarla donat\u0131lan bisikletler, yo\u011fun ilgi g\u00f6rd\u00fc. Sa\u011fl\u0131kl\u0131 ya\u015fam i\u00e7in fark\u0131ndal\u0131k olu\u015fturulan bisiklet turunun ard\u0131ndan Toroslar Kaymakam\u0131 \u0130brahim \u00c7enet&#8217;e bayrak takdimi yap\u0131ld\u0131. Kaymakam \u00c7enet, il\u00e7ede bu etkinlikleri d\u00fczenleyen Toroslar Belediye Ba\u015fkan\u0131 Ats\u0131z Af\u015f\u0131n Y\u0131lmaz&#8217;a ve ekibine te\u015fekk\u00fcr etti.<\/p>\n<p>&#8220;SPORUN MERKEZ\u0130 TOROSLAR&#8217;DA B\u0130S\u0130KLETL\u0130 VE KO\u015eARAK ORYANT\u0130R\u0130NG HEYECANI&#8221;<\/p>\n<p>T\u00fcm spor dallar\u0131n\u0131 gen\u00e7lerle ve Toroslar halk\u0131yla bulu\u015fturan Toroslar Belediyesi&#8217;nin, &#8220;Bisikletli ve Ko\u015farak Oryantiring&#8221; etkinli\u011fi de yo\u011fun ilgi g\u00f6rd\u00fc.<\/p>\n<p>Harita yard\u0131m\u0131 ile y\u00f6n bulmay\u0131 i\u00e7eren, zamana kar\u015f\u0131 yap\u0131lan bir spor dal\u0131 olan Oryantiring etkinli\u011fi, Halkkent Mahallesi&#8217;nde bulunan Devlet Bah\u00e7eli park\u0131nda Y\u0131ld\u0131z Erkekler, Yeti\u015fkin Erkekler, Y\u0131ld\u0131z K\u0131zlar ve Yeti\u015fkin K\u0131zlar kategorilerinde yap\u0131ld\u0131. Heyecanl\u0131 ge\u00e7en yar\u0131\u015flar\u0131n ard\u0131ndan dereceye giren sporculara madalya ve kupalar\u0131 ile para \u00f6d\u00fclleri takdim edildi.<\/p>\n<p>&#8220;TARTAN P\u0130STTE Y\u00dcR\u00dcY\u00dc\u015e YAPTILAR&#8221;<\/p>\n<p>Toroslar Belediyesi taraf\u0131ndan H\u00fcseyin Okan Merzeci Mahallesi&#8217;nde bulunan Mehmet\u00e7ik Park\u0131&#8217;na kazand\u0131r\u0131lan Tartan Pistte Y\u00fcr\u00fcy\u00fc\u015f etkinli\u011fi de Avrupa Hareketlilik Haftas\u0131&#8217;n\u0131n dolu dolu ge\u00e7en program\u0131 aras\u0131nda yer ald\u0131. \u00c7ocuklar Tartan Pistte Y\u00fcr\u00fcy\u00fc\u015f yapman\u0131n keyfini ya\u015fad\u0131.<\/p>\n<p>H\u00fcseyin Okan Merzeci Mahalle Muhtar\u0131 Aziz Filiz ise spora ve sporcuya sundu\u011fu desteklerin yan\u0131 s\u0131ra mahallelerine kazand\u0131r\u0131lan Tartan Pist i\u00e7in de Toroslar Belediye Ba\u015fkan\u0131 Ats\u0131z Af\u015f\u0131n Y\u0131lmaz&#8217;a te\u015fekk\u00fcr etti.<\/p>\n","protected":false},"excerpt":{"rendered":"<p>Toroslar Belediyesi, her y\u0131l 16-22 Eyl\u00fcl tarihleri aras\u0131nda kutlanan Avrupa Hareketlilik Haftas\u0131&#8217;na, d\u00fczenledi\u011fi birbirinden renkli ve sportif etkinliklerle damga vurdu, spora ve sa\u011fl\u0131kl\u0131 ya\u015fama dikkat \u00e7ekti. 2021 y\u0131l\u0131 temas\u0131 &#8220;S\u00fcrd\u00fcr\u00fclebilir &hellip; <a href=\"https:\/\/akdenizolaygazetesi.com\/?p=14308\" class=\"more-link\">Devam\u0131n\u0131 Oku&#8230;<\/a><\/p>\n","protected":false},"author":2,"featured_media":14309,"comment_status":"open","ping_status":"open","sticky":false,"template":"","format":"standard","meta":[],"categories":[3,5,10],"tags":[],"_links":{"self":[{"href":"https:\/\/akdenizolaygazetesi.com\/index.php?rest_route=\/wp\/v2\/posts\/14308"}],"collection":[{"href":"https:\/\/akdenizolaygazetesi.com\/index.php?rest_route=\/wp\/v2\/posts"}],"about":[{"href":"https:\/\/akdenizolaygazetesi.com\/index.php?rest_route=\/wp\/v2\/types\/post"}],"author":[{"embeddable":true,"href":"https:\/\/akdenizolaygazetesi.com\/index.php?rest_route=\/wp\/v2\/users\/2"}],"replies":[{"embeddable":true,"href":"https:\/\/akdenizolaygazetesi.com\/index.php?rest_route=%2Fwp%2Fv2%2Fcomments&post=14308"}],"version-history":[{"count":1,"href":"https:\/\/akdenizolaygazetesi.com\/index.php?rest_route=\/wp\/v2\/posts\/14308\/revisions"}],"predecessor-version":[{"id":14310,"href":"https:\/\/akdenizolaygazetesi.com\/index.php?rest_route=\/wp\/v2\/posts\/14308\/revisions\/14310"}],"wp:featuredmedia":[{"embeddable":true,"href":"https:\/\/akdenizolaygazetesi.com\/index.php?rest_route=\/wp\/v2\/media\/14309"}],"wp:attachment":[{"href":"https:\/\/akdenizolaygazetesi.com\/index.php?rest_route=%2Fwp%2Fv2%2Fmedia&parent=14308"}],"wp:term":[{"taxonomy":"category","embeddable":true,"href":"https:\/\/akdenizolaygazetesi.com\/index.php?rest_route=%2Fwp%2Fv2%2Fcategories&post=14308"},{"taxonomy":"post_tag","embeddable":true,"href":"https:\/\/akdenizolaygazetesi.com\/index.php?rest_route=%2Fwp%2Fv2%2Ftags&post=14308"}],"curies":[{"name":"wp","href":"https:\/\/api.w.org\/{rel}","templated":true}]}}