{"id":14317,"date":"2021-09-24T12:39:14","date_gmt":"2021-09-24T09:39:14","guid":{"rendered":"http:\/\/akdenizolaygazetesi.com\/?p=14317"},"modified":"2021-09-24T12:39:14","modified_gmt":"2021-09-24T09:39:14","slug":"akdeniz-belediyesi-fen-isleri-ekipleri-her-mahalleye-hizmet-veriyor","status":"publish","type":"post","link":"https:\/\/akdenizolaygazetesi.com\/?p=14317","title":{"rendered":"AKDEN\u0130Z BELED\u0130YES\u0130  FEN \u0130\u015eLER\u0130 EK\u0130PLER\u0130 HER MAHALLEYE H\u0130ZMET VER\u0130YOR"},"content":{"rendered":"<p>Akdeniz Belediyesi, merkez-k\u0131rsal ay\u0131r\u0131m\u0131 yapmadan il\u00e7enin bir\u00e7ok mahallesinin ihtiya\u00e7 duyan soka\u011f\u0131nda, asfalt yama, kilitli parke ta\u015f\u0131, kald\u0131r\u0131m karo ve bord\u00fcr yenileme ve yeni kadastral yol a\u00e7ma \u00e7al\u0131\u015fmalar\u0131 ger\u00e7ekle\u015ftiriyor.<br \/>\nAkdeniz Belediyesi Fen \u0130\u015fleri M\u00fcd\u00fcrl\u00fc\u011f\u00fc taraf\u0131ndan; Yeni Mahalle, Nusratiye, \u0130hsaniye, \u015eevket S\u00fcmer, Bar\u0131\u015f, K\u00fclt\u00fcr, Siteler, \u00dc\u00e7 Ocak, Bah\u00e7e, \u00c7ilek ve Adanal\u0131o\u011flu mahallelerinin ihtiya\u00e7 duyan onlarca soka\u011f\u0131nda asfalt yama, kilit ta\u015f\u0131, bord\u00fcr ve kald\u0131r\u0131m karo tamir \u00e7al\u0131\u015fmalar\u0131 yap\u0131ld\u0131. \u00d6zellikle k\u0131rsal b\u00f6lgelerde, \u00fcreticiler ve vatanda\u015flar\u0131n her t\u00fcrl\u00fc ula\u015f\u0131m ve nakliye i\u015fini kolayla\u015ft\u0131rmak amac\u0131yla yol a\u00e7ma \u00e7al\u0131\u015fmalar\u0131 da ger\u00e7ekle\u015ftiren fen i\u015fleri ekipleri, i\u015f makineleri yard\u0131m\u0131yla Adanal\u0131o\u011flu\u2019nda yakla\u015f\u0131k 2 kilometre uzunlu\u011funda kadastral yol; \u00c7ilek Mahallesi 63119 Sokak\u2019ta da imar yolu a\u00e7ma \u00e7al\u0131\u015fmas\u0131 yapt\u0131.<br \/>\nYa\u011fmur suyu bask\u0131nlar\u0131n\u0131n \u00f6n\u00fcne ge\u00e7iliyor<br \/>\nEkipler; mevsim de\u011fi\u015fimiyle birlikte ya\u011f\u0131\u015flar\u0131n ba\u015flad\u0131\u011f\u0131 bu g\u00fcnlerde, kot fark\u0131ndan dolay\u0131 ya\u015fanan ya\u011fmur suyu bask\u0131nlar\u0131n\u0131n \u00f6n\u00fcne ge\u00e7mek amac\u0131yla \u00c7ilek Mahallesi\u2019nin bir\u00e7ok soka\u011f\u0131nda eskiyen asfalt\u0131 s\u00f6k\u00fcp reglaj ve kot \u00e7al\u0131\u015fmas\u0131 yapt\u0131ktan sonra kilit ta\u015f\u0131 ile kapl\u0131yor, kald\u0131r\u0131mlar\u0131 da yenileyip oluk bord\u00fcr d\u00f6\u015feme \u00e7al\u0131\u015fmas\u0131 yap\u0131yor. Mahallede, bir imar adas\u0131 i\u00e7inde toplam 7 soka\u011f\u0131n eski asfalt\u0131 s\u00f6k\u00fcl\u00fcp reglaj ve kot \u00e7al\u0131\u015fmas\u0131 yap\u0131ld\u0131ktan sonra kilitta\u015f\u0131 d\u00f6\u015fenmeye ba\u015fland\u0131. Bu sokaklarda ya\u011fmur sular\u0131n\u0131n birikmesinden kaynakl\u0131 su bask\u0131nlar\u0131 ya\u015fan\u0131yordu. Bu \u00e7al\u0131\u015fma sayesinde su bask\u0131nlar\u0131n\u0131n \u00f6n\u00fcne ge\u00e7ilecek, mahallenin sokaklar\u0131na toplamda yakla\u015f\u0131k 6 bin metrekare kilitta\u015f\u0131 d\u00f6\u015fenecek.<\/p>\n","protected":false},"excerpt":{"rendered":"<p>Akdeniz Belediyesi, merkez-k\u0131rsal ay\u0131r\u0131m\u0131 yapmadan il\u00e7enin bir\u00e7ok mahallesinin ihtiya\u00e7 duyan soka\u011f\u0131nda, asfalt yama, kilitli parke ta\u015f\u0131, kald\u0131r\u0131m karo ve bord\u00fcr yenileme ve yeni kadastral yol a\u00e7ma \u00e7al\u0131\u015fmalar\u0131 ger\u00e7ekle\u015ftiriyor. Akdeniz Belediyesi &hellip; <a href=\"https:\/\/akdenizolaygazetesi.com\/?p=14317\" class=\"more-link\">Devam\u0131n\u0131 Oku&#8230;<\/a><\/p>\n","protected":false},"author":2,"featured_media":14318,"comment_status":"open","ping_status":"open","sticky":false,"template":"","format":"standard","meta":[],"categories":[1,3,5],"tags":[],"_links":{"self":[{"href":"https:\/\/akdenizolaygazetesi.com\/index.php?rest_route=\/wp\/v2\/posts\/14317"}],"collection":[{"href":"https:\/\/akdenizolaygazetesi.com\/index.php?rest_route=\/wp\/v2\/posts"}],"about":[{"href":"https:\/\/akdenizolaygazetesi.com\/index.php?rest_route=\/wp\/v2\/types\/post"}],"author":[{"embeddable":true,"href":"https:\/\/akdenizolaygazetesi.com\/index.php?rest_route=\/wp\/v2\/users\/2"}],"replies":[{"embeddable":true,"href":"https:\/\/akdenizolaygazetesi.com\/index.php?rest_route=%2Fwp%2Fv2%2Fcomments&post=14317"}],"version-history":[{"count":1,"href":"https:\/\/akdenizolaygazetesi.com\/index.php?rest_route=\/wp\/v2\/posts\/14317\/revisions"}],"predecessor-version":[{"id":14319,"href":"https:\/\/akdenizolaygazetesi.com\/index.php?rest_route=\/wp\/v2\/posts\/14317\/revisions\/14319"}],"wp:featuredmedia":[{"embeddable":true,"href":"https:\/\/akdenizolaygazetesi.com\/index.php?rest_route=\/wp\/v2\/media\/14318"}],"wp:attachment":[{"href":"https:\/\/akdenizolaygazetesi.com\/index.php?rest_route=%2Fwp%2Fv2%2Fmedia&parent=14317"}],"wp:term":[{"taxonomy":"category","embeddable":true,"href":"https:\/\/akdenizolaygazetesi.com\/index.php?rest_route=%2Fwp%2Fv2%2Fcategories&post=14317"},{"taxonomy":"post_tag","embeddable":true,"href":"https:\/\/akdenizolaygazetesi.com\/index.php?rest_route=%2Fwp%2Fv2%2Ftags&post=14317"}],"curies":[{"name":"wp","href":"https:\/\/api.w.org\/{rel}","templated":true}]}}