{"id":1432,"date":"2020-11-04T18:22:00","date_gmt":"2020-11-04T15:22:00","guid":{"rendered":"http:\/\/mersinekonomipolitikagazetesi.com\/?p=1432"},"modified":"2020-11-04T18:22:00","modified_gmt":"2020-11-04T15:22:00","slug":"iscilere-verilen-degerin-karesi","status":"publish","type":"post","link":"https:\/\/akdenizolaygazetesi.com\/?p=1432","title":{"rendered":"\u0130\u015e\u00c7\u0130LERE VER\u0130LEN DE\u011eER\u0130N KARES\u0130!"},"content":{"rendered":"<p>\u0130\u015f\u00e7i \u00f6l\u00fcm oranlar\u0131nda \u00fcst s\u0131ralarda yer alan T\u00fcrkiye&#8217;nin tan\u0131d\u0131k karelerinden biri; 7 i\u015f\u00e7i kep\u00e7eyle i\u015fe g\u00f6t\u00fcr\u00fcl\u00fcyor.<\/p>\n<div id=\":4\">\n<div id=\":2\">\n<div role=\"main\">\n<div style=\"clear:both;\">\n<p>Yeterince al\u0131nmayan i\u015f g\u00fcvenlikleri nedeniyle her ay y\u00fczlerce i\u015f\u00e7inin hayat\u0131n\u0131 kaybetti\u011fi \u00fclkemizde, i\u015f\u00e7i hayat\u0131na verilen de\u011feri g\u00f6steren bir kare objektiflerimize yans\u0131d\u0131.<\/p>\n<p>Ba\u015fka yere nakledilmesi gereken i\u015f\u00e7iler servisle de\u011fil kep\u00e7eyle ta\u015f\u0131nd\u0131. Kep\u00e7eye bindirilen 5 i\u015f\u00e7inin yan\u0131 s\u0131ra kap\u0131 e\u015feklerine bindirilen 2 i\u015f\u00e7inin hayat\u0131 hi\u00e7e say\u0131ld\u0131.<\/p>\n<p>7 i\u015f\u00e7inin bu \u015fekilde ta\u015f\u0131nmas\u0131 ise vatanda\u015flar\u0131 hayretlere d\u00fc\u015f\u00fcr\u00fcrken, i\u015f\u00e7ileri ta\u015f\u0131yan ara\u00e7 ara sokaklara girerek izini kaybettirdi.<\/p>\n<p>\u00a0<\/p>\n<\/div>\n<\/div>\n<\/div>\n<\/div>\n","protected":false},"excerpt":{"rendered":"<p>\u0130\u015f\u00e7i \u00f6l\u00fcm oranlar\u0131nda \u00fcst s\u0131ralarda yer alan T\u00fcrkiye&#8217;nin tan\u0131d\u0131k karelerinden biri; 7 i\u015f\u00e7i kep\u00e7eyle i\u015fe g\u00f6t\u00fcr\u00fcl\u00fcyor. Yeterince al\u0131nmayan i\u015f g\u00fcvenlikleri nedeniyle her ay y\u00fczlerce i\u015f\u00e7inin hayat\u0131n\u0131 kaybetti\u011fi \u00fclkemizde, i\u015f\u00e7i hayat\u0131na &hellip; <a href=\"https:\/\/akdenizolaygazetesi.com\/?p=1432\" class=\"more-link\">Devam\u0131n\u0131 Oku&#8230;<\/a><\/p>\n","protected":false},"author":1,"featured_media":0,"comment_status":"open","ping_status":"open","sticky":false,"template":"","format":"standard","meta":[],"categories":[],"tags":[],"_links":{"self":[{"href":"https:\/\/akdenizolaygazetesi.com\/index.php?rest_route=\/wp\/v2\/posts\/1432"}],"collection":[{"href":"https:\/\/akdenizolaygazetesi.com\/index.php?rest_route=\/wp\/v2\/posts"}],"about":[{"href":"https:\/\/akdenizolaygazetesi.com\/index.php?rest_route=\/wp\/v2\/types\/post"}],"author":[{"embeddable":true,"href":"https:\/\/akdenizolaygazetesi.com\/index.php?rest_route=\/wp\/v2\/users\/1"}],"replies":[{"embeddable":true,"href":"https:\/\/akdenizolaygazetesi.com\/index.php?rest_route=%2Fwp%2Fv2%2Fcomments&post=1432"}],"version-history":[{"count":0,"href":"https:\/\/akdenizolaygazetesi.com\/index.php?rest_route=\/wp\/v2\/posts\/1432\/revisions"}],"wp:attachment":[{"href":"https:\/\/akdenizolaygazetesi.com\/index.php?rest_route=%2Fwp%2Fv2%2Fmedia&parent=1432"}],"wp:term":[{"taxonomy":"category","embeddable":true,"href":"https:\/\/akdenizolaygazetesi.com\/index.php?rest_route=%2Fwp%2Fv2%2Fcategories&post=1432"},{"taxonomy":"post_tag","embeddable":true,"href":"https:\/\/akdenizolaygazetesi.com\/index.php?rest_route=%2Fwp%2Fv2%2Ftags&post=1432"}],"curies":[{"name":"wp","href":"https:\/\/api.w.org\/{rel}","templated":true}]}}