{"id":14320,"date":"2021-09-24T12:41:18","date_gmt":"2021-09-24T09:41:18","guid":{"rendered":"http:\/\/akdenizolaygazetesi.com\/?p=14320"},"modified":"2021-09-24T12:41:18","modified_gmt":"2021-09-24T09:41:18","slug":"akdeniz-belediyesi-vezneleri-hafta-sonu-acik-2","status":"publish","type":"post","link":"https:\/\/akdenizolaygazetesi.com\/?p=14320","title":{"rendered":"AKDEN\u0130Z BELED\u0130YES\u0130 VEZNELER\u0130 HAFTA SONU A\u00c7IK"},"content":{"rendered":"<p>Akdeniz Belediyesi, vergi m\u00fckelleflerine yasayla sa\u011flanan yap\u0131land\u0131rma f\u0131rsat\u0131ndan faydalanmak isteyen vatanda\u015flar i\u00e7in bu hafta sonunda merkez binada bulunan tahakkuk servisi ile vezneleri a\u00e7\u0131k tutacak.<br \/>\n\u00c7evre temizlik, emlak, ilan-reklam ve \u00e7e\u015fitli vergi ve cezalar\u0131n \u00f6denmesini kolayla\u015ft\u0131rmaya ili\u015fkin 7326 Say\u0131l\u0131 Bor\u00e7lar\u0131 Yeniden Yap\u0131land\u0131rma Kanunu ile vergi m\u00fckelleflerine sa\u011flanan yap\u0131land\u0131rma imk\u00e2n\u0131 30 Eyl\u00fcl 2021 Per\u015fembe tarihinde sona eriyor.<br \/>\nVezneler, hafta sonu 10:00-16:00 saatleri aras\u0131 a\u00e7\u0131k<br \/>\nAkdeniz Belediyesi, vergi ve bor\u00e7lar\u0131n\u0131 \u00f6demelerinde vatanda\u015flara kolayl\u0131k sa\u011flamak, ayr\u0131ca Covid19 salg\u0131n\u0131 ile m\u00fccadelede olas\u0131 yo\u011funluklar\u0131 \u00f6nlemek amac\u0131yla 25 Eyl\u00fcl Cumartesi ile 26 Eyl\u00fcl Pazar g\u00fcnlerinde, merkez binada bulunan tahakkuk servisi ile veznelerini saat 10.00 ila 16:00 aras\u0131nda a\u00e7\u0131k tutacak.<br \/>\nBa\u015fkan G\u00fcltak\u2019tan vatanda\u015flara \u00e7a\u011fr\u0131\u2026<br \/>\nAkdeniz Belediye Ba\u015fkan\u0131 M. Mustafa G\u00fcltak da \u00e7e\u015fitli vergi, bor\u00e7 ve cezalar\u0131 \u00f6demede b\u00fcy\u00fck kolayl\u0131k sa\u011flayan yap\u0131land\u0131rma f\u0131rsat\u0131ndan yararlanmalar\u0131 i\u00e7in vatanda\u015flara \u00e7a\u011fr\u0131da bulundu. Ba\u015fkan G\u00fcltak; \u201cBelediyemiz merkez binada bulunan tahakkuk servisi ile veznelerimiz, bu hafta sonunda vatanda\u015flar\u0131m\u0131z\u0131n hizmetinde olacak. Dileyen vatanda\u015flar\u0131m\u0131z ise, belediyemizin https:\/\/e-belediye.akdeniz.bel.tr\/ internet adresi \u00fczerinden de vergi veya bor\u00e7lar\u0131n\u0131 yap\u0131land\u0131rabilecektir. Amac\u0131m\u0131z, hem Koronavir\u00fcs salg\u0131n\u0131 ile m\u00fccadele ederken olas\u0131 yo\u011funluklar\u0131 engelleyip \u00f6n\u00fcne ge\u00e7mek, hem de vatanda\u015flar\u0131m\u0131z\u0131n \u00e7e\u015fitli i\u015f ve i\u015flemlerini kolayca yerine getirmelerini sa\u011flamakt\u0131r\u201d dedi.<br \/>\nPe\u015fin \u00f6demelerde b\u00fcy\u00fck indirim sa\u011flan\u0131yor<br \/>\nYasa ile m\u00fckelleflerin; vergi ve di\u011fer \u00e7e\u015fitli bor\u00e7lar\u0131yla ilgili pe\u015fin \u00f6demelerinde gecikme zamm\u0131 ve vergi oranlar\u0131nda y\u00fczde 90 oran\u0131nda indirim sa\u011flan\u0131rken, dileyen m\u00fckelleflere \u00f6demelerini taksitler halinde yap\u0131land\u0131rma imk\u00e2n\u0131 da sunuluyor. M\u00fckelleflerin, 30 Nisan 2021 \u00f6ncesi d\u00f6neme ait bor\u00e7lar\u0131 d\u00fczenleme kapsam\u0131na girerken, yasadan faydalan\u0131p vergi, bor\u00e7 ve gecikme faizlerini yap\u0131land\u0131rmak isteyen vergi m\u00fckellefi vatanda\u015flar\u0131n 30 Eyl\u00fcl 2021 tarihine kadar ilgili kuruma ba\u015fvuru yapmas\u0131 gerekiyor.<\/p>\n","protected":false},"excerpt":{"rendered":"<p>Akdeniz Belediyesi, vergi m\u00fckelleflerine yasayla sa\u011flanan yap\u0131land\u0131rma f\u0131rsat\u0131ndan faydalanmak isteyen vatanda\u015flar i\u00e7in bu hafta sonunda merkez binada bulunan tahakkuk servisi ile vezneleri a\u00e7\u0131k tutacak. \u00c7evre temizlik, emlak, ilan-reklam ve \u00e7e\u015fitli &hellip; <a href=\"https:\/\/akdenizolaygazetesi.com\/?p=14320\" class=\"more-link\">Devam\u0131n\u0131 Oku&#8230;<\/a><\/p>\n","protected":false},"author":2,"featured_media":14321,"comment_status":"open","ping_status":"open","sticky":false,"template":"","format":"standard","meta":[],"categories":[3,5],"tags":[],"_links":{"self":[{"href":"https:\/\/akdenizolaygazetesi.com\/index.php?rest_route=\/wp\/v2\/posts\/14320"}],"collection":[{"href":"https:\/\/akdenizolaygazetesi.com\/index.php?rest_route=\/wp\/v2\/posts"}],"about":[{"href":"https:\/\/akdenizolaygazetesi.com\/index.php?rest_route=\/wp\/v2\/types\/post"}],"author":[{"embeddable":true,"href":"https:\/\/akdenizolaygazetesi.com\/index.php?rest_route=\/wp\/v2\/users\/2"}],"replies":[{"embeddable":true,"href":"https:\/\/akdenizolaygazetesi.com\/index.php?rest_route=%2Fwp%2Fv2%2Fcomments&post=14320"}],"version-history":[{"count":1,"href":"https:\/\/akdenizolaygazetesi.com\/index.php?rest_route=\/wp\/v2\/posts\/14320\/revisions"}],"predecessor-version":[{"id":14322,"href":"https:\/\/akdenizolaygazetesi.com\/index.php?rest_route=\/wp\/v2\/posts\/14320\/revisions\/14322"}],"wp:featuredmedia":[{"embeddable":true,"href":"https:\/\/akdenizolaygazetesi.com\/index.php?rest_route=\/wp\/v2\/media\/14321"}],"wp:attachment":[{"href":"https:\/\/akdenizolaygazetesi.com\/index.php?rest_route=%2Fwp%2Fv2%2Fmedia&parent=14320"}],"wp:term":[{"taxonomy":"category","embeddable":true,"href":"https:\/\/akdenizolaygazetesi.com\/index.php?rest_route=%2Fwp%2Fv2%2Fcategories&post=14320"},{"taxonomy":"post_tag","embeddable":true,"href":"https:\/\/akdenizolaygazetesi.com\/index.php?rest_route=%2Fwp%2Fv2%2Ftags&post=14320"}],"curies":[{"name":"wp","href":"https:\/\/api.w.org\/{rel}","templated":true}]}}