{"id":14331,"date":"2021-09-25T16:49:17","date_gmt":"2021-09-25T13:49:17","guid":{"rendered":"http:\/\/akdenizolaygazetesi.com\/?p=14331"},"modified":"2021-09-25T16:49:17","modified_gmt":"2021-09-25T13:49:17","slug":"mersinin-marka-kent-olmasi-yolunda-metro-cok-onemli-bir-deger","status":"publish","type":"post","link":"https:\/\/akdenizolaygazetesi.com\/?p=14331","title":{"rendered":"\u201cMERS\u0130N\u2019\u0130N MARKA KENT OLMASI YOLUNDA METRO \u00c7OK \u00d6NEML\u0130 B\u0130R DE\u011eER\u201d"},"content":{"rendered":"<p>Mersin B\u00fcy\u00fck\u015fehir Belediye Ba\u015fkan\u0131 Vahap Se\u00e7er, Habert\u00fcrk ekranlar\u0131nda canl\u0131 olarak yay\u0131nlanan ve gazeteci Ceren Bekta\u015f Atuk\u2019un sundu\u011fu Ak\u015fam Haberleri\u2019ne konuk oldu. Atuk\u2019un sorular\u0131n\u0131 yan\u0131tlayan Ba\u015fkan Se\u00e7er, g\u00f6reve geldikleri g\u00fcnden bu yana Mersin\u2019de hayata ge\u00e7irdikleri projelere ili\u015fkin de\u011ferlendirmelerde bulundu. Metro projesinde yap\u0131m a\u015famas\u0131na geldiklerini anlatan Se\u00e7er, \u201cBu, Mersin tarihindeki en b\u00fcy\u00fck yerel y\u00f6netim yat\u0131r\u0131m\u0131\u201d dedi.<\/p>\n<p>\u201cYapacak \u00e7ok i\u015fimiz, y\u00fcr\u00fcyecek \u00e7ok yolumuz var\u201d<\/p>\n<p>Ceren Bekta\u015f Atuk\u2019un, \u201c2,5 y\u0131l i\u00e7erisinde Mersin\u2019de ne de\u011fi\u015fti?\u201d sorusunu yan\u0131tlayan Ba\u015fkan Se\u00e7er, g\u00f6reve geldikleri g\u00fcnden bu yana \u00f6nemli hizmetler yapt\u0131klar\u0131n\u0131 ifade ederek, \u201c\u00c7ok \u015fey yap\u0131ld\u0131. Ama bu demek de\u011fildir ki Mersin hizmete doydu. Tabi daha yapacak \u00e7ok i\u015fimiz, y\u00fcr\u00fcyecek \u00e7ok yolumuz var\u201d dedi.<\/p>\n<p>\u201cSosyal belediyecilik; bizim as\u0131l g\u00f6revimiz bu\u201d<\/p>\n<p>Ba\u015fkan Se\u00e7er, CHP\u2019li 11 B\u00fcy\u00fck\u015fehir Belediye Ba\u015fkan\u0131\u2019n\u0131n s\u0131k s\u0131k bir araya gelerek de\u011ferlendirmeler yapt\u0131\u011f\u0131n\u0131 hat\u0131rlatarak, pandemi d\u00f6neminde b\u00fcy\u00fck yat\u0131r\u0131mlara ara verdiklerini ve sosyal hizmetleri \u00f6n plana \u00e7\u0131kard\u0131klar\u0131n\u0131 s\u00f6yledi. Hayata ge\u00e7irdikleri hizmetlerle vatanda\u015flardan g\u00fczel d\u00f6n\u00fc\u015fler ald\u0131klar\u0131n\u0131 ifade eden Ba\u015fkan Se\u00e7er, \u201c\u0130nsanlar a\u00e7ken, ekonomik s\u0131k\u0131nt\u0131 ya\u015farken, ac\u0131 \u00e7ekerken, travma ya\u015farken; yolu, kald\u0131r\u0131m\u0131 ya da bir ba\u015fka beton yat\u0131r\u0131m\u0131n\u0131 d\u00fc\u015f\u00fcnemez bir belediye ba\u015fkan\u0131. Belediyecilikte zaten Cumhuriyet Halk Partili Belediyelerin bak\u0131\u015f a\u00e7\u0131s\u0131 bu de\u011fil. Sosyal belediyecilik; insanlara dokunmak, onlar\u0131n ac\u0131s\u0131n\u0131 dindirmek, mutlulu\u011funda beraber olmak, zorlu\u011funu payla\u015fmak, bizim as\u0131l g\u00f6revimiz bu. Bunu da gayet g\u00fczel ba\u015fard\u0131k. Sokaktan ald\u0131\u011f\u0131m\u0131z d\u00f6n\u00fc\u015fler, insanlar\u0131n bizimle payla\u015ft\u0131klar\u0131 mutluluklar\u0131; bunlar\u0131 g\u00f6rebiliyoruz\u201d diye konu\u015ftu.<\/p>\n<p>\u201cBelediye b\u00fcnyesinde G\u00f6\u00e7 Masas\u0131 olu\u015fturduk\u201d<\/p>\n<p>Ba\u015fkan Se\u00e7er, 2011 y\u0131l\u0131nda Suriye\u2019de ba\u015flayan olaylar\u0131n ard\u0131ndan Mersin\u2019in de yo\u011fun g\u00f6\u00e7 ald\u0131\u011f\u0131n\u0131, bunun sonucu olarak Mersin\u2019in 1 milyon 868 bin d\u00fczeyinde bulunan n\u00fcfusuna 400 bin g\u00f6\u00e7menin eklendi\u011fini s\u00f6yledi. Ba\u015fkan Se\u00e7er, \u015f\u00f6yle devam etti:<\/p>\n<p>\u201cSizin b\u00fct\u00fcn imkanlar\u0131n\u0131z\u0131, gelirlerinizi 1 milyon 868 bine g\u00f6re yasalar belirlemi\u015f ama sizin hizmet etti\u011finiz vatanda\u015f say\u0131s\u0131 bunun 400 bin \u00fczerinde. Yani yakla\u015f\u0131k olarak %25 daha fazla n\u00fcfusa hizmet etmek durumunda kal\u0131yorsunuz. Bir kere olay\u0131n ekonomik travmas\u0131ndan ba\u015flayal\u0131m. Tabi ki sosyal olarak da \u00f6nemli sorunlarla kar\u015f\u0131 kar\u015f\u0131ya kal\u0131yoruz ama ben kentin Belediye Ba\u015fkan\u0131y\u0131m. Her konuda oldu\u011fu gibi bu konuda da \u015fikayetten \u00f6te \u00e7\u00f6z\u00fcm \u00fcretmek zorunday\u0131z. \u00d6rne\u011fin, belediye b\u00fcnyesinde G\u00f6\u00e7 Masas\u0131 olu\u015fturduk. Birle\u015fmi\u015f Milletlerin G\u00f6\u00e7 \u00d6rg\u00fct\u00fc, M\u00fclteciler Y\u00fcksek Komiserli\u011fi ya da Alman G\u0130Z Te\u015fkilat\u0131\u2019na kadar bir\u00e7ok uluslararas\u0131 kurulu\u015fla i\u015fbirli\u011fi yap\u0131yoruz. \u0130ller Bankas\u0131\u2019n\u0131n koordinasyonunda FRIT II kapsam\u0131nda alt yap\u0131 kredileri, imkanlar\u0131 zorluyoruz ki, bu ekonomik travmay\u0131 atlatabilelim diye. \u2018Ne derece yeterli oluyor\u2019 derseniz, tabi ki yeterli olmuyor. Ne ac\u0131d\u0131r ki bunun % 50\u2019si kay\u0131t d\u0131\u015f\u0131 olanlar. Kay\u0131tl\u0131 olarak kontrol alt\u0131nda tuttu\u011funuz Mersin\u2019de yakla\u015f\u0131k 220 bin Suriyeli var ama bir o kadar da yakla\u015f\u0131k olarak kay\u0131t d\u0131\u015f\u0131. Nerede, nas\u0131l ya\u015fad\u0131\u011f\u0131 belli olmayan insanlar. Bunlar\u0131n e\u011fitimden sa\u011fl\u0131\u011fa kadar kente verdi\u011fi ilave y\u00fckler var. Bu \u015fartlar alt\u0131nda tabi ki s\u00fcrd\u00fcr\u00fclebilirli\u011fi yok bu i\u015fin.\u201d<\/p>\n<p>\u201cKad\u0131nlar kente enerji kat\u0131yorlar\u201d<\/p>\n<p>Kad\u0131nlar\u0131n ekonomik hayata kat\u0131lmalar\u0131n\u0131 sa\u011flamak ad\u0131na geli\u015ftirdikleri projeleri anlatan Ba\u015fkan Se\u00e7er, Mersin\u2019de T\u00fcrkiye\u2019nin bir\u00e7ok y\u00f6resinden kad\u0131n\u0131n ya\u015fad\u0131\u011f\u0131n\u0131 s\u00f6yledi. Ba\u015fkan Se\u00e7er,  \u201cHer birinin ayr\u0131 bir k\u00fclt\u00fcr\u00fc, ayr\u0131 bir ya\u015fam bi\u00e7imi var. Bu kad\u0131nlar kente enerji kat\u0131yorlar. Bu kad\u0131nlar \u00e7al\u0131\u015fmak, \u00fcretmek istiyor. Biz zaten Kad\u0131n ve Aile Hizmetleri Daire Ba\u015fkanl\u0131\u011f\u0131\u2019n\u0131 kurduk. Bu konuyu ne kadar \u00f6nemsedi\u011fimizi ortaya koymak i\u00e7in. Di\u011fer taraftan Mersinden Kad\u0131n Kooperatifi; bunu takip etmenizi arzu ederim. Kad\u0131nlar\u0131n ekonomik hayata kat\u0131lmalar\u0131 ve evdeki gizli i\u015f g\u00fcc\u00fcn\u00fcn a\u00e7\u0131\u011fa \u00e7\u0131kar\u0131lmas\u0131 i\u00e7in \u00e7ok \u00f6nemli, de\u011ferli projeler yap\u0131yorlar. Biz de destekliyoruz. Ba\u015fka kurumlarla, uluslararas\u0131 \u00f6rg\u00fctlerle i\u015f birli\u011fi yap\u0131yoruz\u201d dedi. Ba\u015fkan Se\u00e7er, her kademede kad\u0131n istihdam oran\u0131n\u0131 art\u0131rd\u0131klar\u0131n\u0131 vurgulad\u0131.<\/p>\n<p>Se\u00e7er, tar\u0131m ve hayvanc\u0131l\u0131\u011fa verdikleri destekleri anlatt\u0131<\/p>\n<p>Ba\u015fkan Se\u00e7er, Mersin\u2019in tar\u0131m ve hayvanc\u0131l\u0131k potansiyelini art\u0131rmak i\u00e7in \u00f6nemli projeleri s\u00fcrd\u00fcrd\u00fcklerini belirterek, hayvan yeti\u015ftiricilerinin desteklenmesine y\u00f6nelik olarak hayata ge\u00e7irdikleri \u201cHaydi Gel K\u00f6y\u00fcm\u00fcze Destek Verelim Projesi\u201d ile \u201cKazan\u00e7 Projesi\u201dni anlatt\u0131. Se\u00e7er, \u201cMemleket \u00fcreterek kazanacaksa, \u00fcreterek geli\u015fecekse; insanlar \u00e7al\u0131\u015facak, \u00fcretecek, onlar ekonomik de\u011fere d\u00f6n\u00fc\u015fecek. Bu refaha yans\u0131yacak, e\u011fitim ve sa\u011fl\u0131k artacak, o refah hayat\u0131n her alan\u0131na bir de\u011fer katacak, y\u00fckseltecek ve T\u00fcrkiye geli\u015fecek. Burada yerel y\u00f6netimlerin fonksiyonunun \u00e7ok b\u00fcy\u00fck oldu\u011funu d\u00fc\u015f\u00fcn\u00fcyorum\u201d dedi.<\/p>\n<p>\u201cBug\u00fcn 120 bin turist a\u011f\u0131rlayan Mersin, Antalya gibi y\u0131lda 15 milyon turist a\u011f\u0131rlayabilirdi\u201d<\/p>\n<p>Mersin\u2019in turizm potansiyelini de\u011ferlendiren Ba\u015fkan Se\u00e7er, Mersin\u2019in do\u011fa konusunda Antalya\u2019ya benzedi\u011fini, inan\u00e7 turizmi a\u00e7\u0131s\u0131ndan da de\u011ferli mekanlara ev sahipli\u011fi yapt\u0131\u011f\u0131n\u0131 belirtti. Ancak ge\u00e7mi\u015f y\u0131llarda Mersin\u2019e turizmde \u00f6ncelikli b\u00f6lge olarak te\u015fvikler yap\u0131lmad\u0131\u011f\u0131n\u0131n alt\u0131n\u0131 \u00e7izen Se\u00e7er, \u201cAntalya gibi turizmde \u00f6ncelikli b\u00f6lge olarak bak\u0131lsayd\u0131, te\u015fvik kapsam\u0131nda Mersin&#8217;de olmu\u015f olsayd\u0131, bug\u00fcn 120 bin turist a\u011f\u0131rlayan Mersin, Antalya gibi y\u0131lda 15 milyon turist a\u011f\u0131rlayabilirdi. Bizim de k\u0131y\u0131lar\u0131m\u0131z son derece g\u00fczel. Tarih olarak muazzam. \u00dc\u00e7 semavi dinin sembollerini g\u00f6r\u00fcrs\u00fcn\u00fcz orada ama istedi\u011fimiz noktalarda de\u011filiz\u201d diye konu\u015ftu. <\/p>\n<p>\u201cMersin\u2019in marka kent olmas\u0131 yolunda Metro \u00e7ok \u00f6nemli bir de\u011fer\u201d<\/p>\n<p>Ba\u015fkan Se\u00e7er, vizyon projelerden biri olarak hayata ge\u00e7irecekleri Mersin Metrosu\u2019nun s\u00fcreci hakk\u0131nda da bilgiler vererek, \u201cYap\u0131m a\u015famas\u0131na gelindi. \u015eu anda Ankara\u2019dan baz\u0131 imzalar\u0131 bekliyoruz. \u00c7\u00fcnk\u00fc finans aray\u0131\u015f\u0131na \u00e7\u0131kt\u0131k, ihalesi yap\u0131ld\u0131, in\u015faat ba\u015flayacak. Buna para tedarik etmemiz laz\u0131m. Umut ediyorum; Ankara\u2019dan, ilgili bakanl\u0131klardan k\u0131sa s\u00fcre i\u00e7erisinde bu imzalar \u00e7\u0131kar ve bize ula\u015f\u0131r. Biz de metroya ba\u015flar\u0131z. Bu Mersin\u2019in tarihindeki en b\u00fcy\u00fck yerel y\u00f6netim yat\u0131r\u0131m\u0131. Tarihinde bu kadar b\u00fcy\u00fck bir yat\u0131r\u0131m olmad\u0131. Adana i\u00e7in de ge\u00e7erli oldu\u011funu d\u00fc\u015f\u00fcn\u00fcyorum. \u00c7\u00fcnk\u00fc parasal de\u011ferine bakt\u0131\u011f\u0131n\u0131z zaman proje \u00e7ok \u00f6nemli, \u00e7ok de\u011ferli. Mersin\u2019in marka kent olmas\u0131 yolunda da metronun olmas\u0131 \u00e7ok \u00f6nemli bir de\u011fer\u201d dedi.<\/p>\n","protected":false},"excerpt":{"rendered":"<p>Mersin B\u00fcy\u00fck\u015fehir Belediye Ba\u015fkan\u0131 Vahap Se\u00e7er, Habert\u00fcrk ekranlar\u0131nda canl\u0131 olarak yay\u0131nlanan ve gazeteci Ceren Bekta\u015f Atuk\u2019un sundu\u011fu Ak\u015fam Haberleri\u2019ne konuk oldu. Atuk\u2019un sorular\u0131n\u0131 yan\u0131tlayan Ba\u015fkan Se\u00e7er, g\u00f6reve geldikleri g\u00fcnden bu &hellip; <a href=\"https:\/\/akdenizolaygazetesi.com\/?p=14331\" class=\"more-link\">Devam\u0131n\u0131 Oku&#8230;<\/a><\/p>\n","protected":false},"author":2,"featured_media":14332,"comment_status":"open","ping_status":"open","sticky":false,"template":"","format":"standard","meta":[],"categories":[8,1,2,3,6],"tags":[],"_links":{"self":[{"href":"https:\/\/akdenizolaygazetesi.com\/index.php?rest_route=\/wp\/v2\/posts\/14331"}],"collection":[{"href":"https:\/\/akdenizolaygazetesi.com\/index.php?rest_route=\/wp\/v2\/posts"}],"about":[{"href":"https:\/\/akdenizolaygazetesi.com\/index.php?rest_route=\/wp\/v2\/types\/post"}],"author":[{"embeddable":true,"href":"https:\/\/akdenizolaygazetesi.com\/index.php?rest_route=\/wp\/v2\/users\/2"}],"replies":[{"embeddable":true,"href":"https:\/\/akdenizolaygazetesi.com\/index.php?rest_route=%2Fwp%2Fv2%2Fcomments&post=14331"}],"version-history":[{"count":1,"href":"https:\/\/akdenizolaygazetesi.com\/index.php?rest_route=\/wp\/v2\/posts\/14331\/revisions"}],"predecessor-version":[{"id":14333,"href":"https:\/\/akdenizolaygazetesi.com\/index.php?rest_route=\/wp\/v2\/posts\/14331\/revisions\/14333"}],"wp:featuredmedia":[{"embeddable":true,"href":"https:\/\/akdenizolaygazetesi.com\/index.php?rest_route=\/wp\/v2\/media\/14332"}],"wp:attachment":[{"href":"https:\/\/akdenizolaygazetesi.com\/index.php?rest_route=%2Fwp%2Fv2%2Fmedia&parent=14331"}],"wp:term":[{"taxonomy":"category","embeddable":true,"href":"https:\/\/akdenizolaygazetesi.com\/index.php?rest_route=%2Fwp%2Fv2%2Fcategories&post=14331"},{"taxonomy":"post_tag","embeddable":true,"href":"https:\/\/akdenizolaygazetesi.com\/index.php?rest_route=%2Fwp%2Fv2%2Ftags&post=14331"}],"curies":[{"name":"wp","href":"https:\/\/api.w.org\/{rel}","templated":true}]}}