{"id":14334,"date":"2021-09-25T16:52:25","date_gmt":"2021-09-25T13:52:25","guid":{"rendered":"http:\/\/akdenizolaygazetesi.com\/?p=14334"},"modified":"2021-09-25T16:52:25","modified_gmt":"2021-09-25T13:52:25","slug":"unlu-klarnetci-husnu-senlendirici-toroslari-senlendirdi","status":"publish","type":"post","link":"https:\/\/akdenizolaygazetesi.com\/?p=14334","title":{"rendered":"\u00dcNL\u00dc KLARNET\u00c7\u0130 H\u00dcSN\u00dc \u015eENLEND\u0130R\u0130C\u0130 TOROSLAR\u2019I \u201c\u015eENLEND\u0130RD\u0130\u201d"},"content":{"rendered":"<p>\u00dcnl\u00fc klarnet Sanat\u00e7\u0131s\u0131 H\u00fcsn\u00fc \u015eenlendirici, Toroslar\u2019da sevenleriyle bulu\u015ftu.<\/p>\n<p>Toroslar Belediyesi\u2019nin de destek verdi\u011fi, bu y\u0131l 19\u2019uncusu d\u00fczenlenen Mersin Uluslararas\u0131 M\u00fczik Festivali kapsam\u0131nda Toroslar Belediyesi Amfi Tiyatro\u2019da sahne alan \u015eenlendirici, Mersinlilere m\u00fczik dolu bir gece ya\u015fatt\u0131.<\/p>\n<p>Toroslar Belediye Ba\u015fkan\u0131 Ats\u0131z Af\u015f\u0131n Y\u0131lmaz, \u00fcnl\u00fc klarnet\u00e7iyle birlikte sahnede \u201cAlt\u0131n H\u0131zma M\u00fclayim\u201d \u015fark\u0131s\u0131n\u0131 s\u00f6yledi, co\u015fkuyu daha da art\u0131rd\u0131. \u015eenlendirici\u2019yi Toroslar\u2019da a\u011f\u0131rlamaktan mutluluk duyduklar\u0131n\u0131 belirten Ba\u015fkan Y\u0131lmaz, sanat\u0131n ve sanat\u00e7\u0131n\u0131n her zaman yan\u0131nda olmaya devam edeceklerini s\u00f6yledi.<\/p>\n<p>Mersinlilerin b\u00fcy\u00fck ilgi g\u00f6sterdi\u011fi ve co\u015fkuyla ge\u00e7en konsere; MHP Mersin Milletvekili Olcay K\u0131lavuz, Mersin \u00dclk\u00fc Ocaklar\u0131 Ba\u015fkan\u0131 Murat Sezer, MHP Toroslar \u0130l\u00e7e Ba\u015fkan\u0131 H\u00fcsn\u00fc Do\u011fan, Toroslar \u00dclk\u00fc Ocaklar\u0131 Ba\u015fkan\u0131 Vural Koparan, Mersin Uluslararas\u0131 M\u00fczik Festivali Y\u00fcr\u00fctme Kurulu Ba\u015fkan\u0131 Selma Ya\u011fc\u0131 ve Y\u00f6netim Kurulu \u00dcyeleri ile \u00e7ok say\u0131da sanatsever kat\u0131ld\u0131.<\/p>\n<p>\u015eenlendirici, amfi tiyatroda verdi\u011fi a\u00e7\u0131k hava konserinde Toroslar\u2019daki co\u015fkunun sahneye yans\u0131d\u0131\u011f\u0131n\u0131 belirterek, herkese te\u015fekk\u00fcr etti.<\/p>\n<p>\u201c\u015eenlendirici\u2019den Ba\u015fkan Y\u0131lmaz\u2019a S\u00fcrpriz\u201d<\/p>\n<p>Klarnetiyle, seslendirdi\u011fi eserlerle sevenlerini bir kez daha kendisine hayran b\u0131rakan \u015eenlendirici, Toroslar Belediye Ba\u015fkan\u0131 Ats\u0131z Af\u015f\u0131n Y\u0131lmaz\u2019\u0131 sahneye davet ederek, Ba\u015fkan Y\u0131lmaz\u2019dan \u00e7ok sevdi\u011fi \u201cAlt\u0131n H\u0131zma M\u00fclayim\u201d \u015fark\u0131s\u0131na d\u00fcet yapmas\u0131n\u0131 istedi.<\/p>\n<p>Ba\u015fkan Y\u0131lmaz da \u015eenlendirici\u2019nin bu s\u00fcrprizine kar\u015f\u0131l\u0131k vererek, \u015fark\u0131ya birlikte e\u015flik etti. \u015eenlendirici, \u201cAlt\u0131n H\u0131zma M\u00fclayim\u201d \u015fark\u0131s\u0131n\u0131n ard\u0131ndan Toroslar\u2019dan t\u00fcm Azeri vatanda\u015flara selam g\u00f6nderirken, Ba\u015fkan Y\u0131lmaz\u2019a kendilerini a\u011f\u0131rlad\u0131\u011f\u0131 i\u00e7in de te\u015fekk\u00fcr etti.<\/p>\n<p>Ba\u015fkan Y\u0131lmaz: \u201cSanata Olan Deste\u011fimiz Devam Edecek\u201d<\/p>\n<p>Ba\u015fkan Y\u0131lmaz; \u201cBinlerce y\u0131ldan s\u00fcz\u00fcl\u00fcp gelen duygular\u0131 bu kadar etkili bir \u015fekilde yorumlad\u0131\u011f\u0131 i\u00e7in H\u00fcsn\u00fc \u015eenlendirici\u2019ye te\u015fekk\u00fcr ediyoruz\u201d dedi.<\/p>\n<p>Mersin Uluslararas\u0131 M\u00fczik Festivali\u2019nin, kenti ulusal ve uluslararas\u0131 tan\u0131tan \u00f6nemli bir k\u00fclt\u00fcr ve sanat organizasyonu oldu\u011funu belirten Ba\u015fkan Y\u0131lmaz; \u201cMersin Uluslararas\u0131 M\u00fczik Festivali Y\u00fcr\u00fctme Kurulu Ba\u015fkan\u0131 Selma Ya\u011fc\u0131 ve Y\u00f6netim Kurulu \u00dcyelerini tebrik ediyorum. Bu organizasyon bir y\u0131l boyunca emek veren ekibin ba\u015far\u0131l\u0131 \u00e7al\u0131\u015fman\u0131n sonucudur. Sanata olan desteklerimiz devam edecek\u201d ifadelerinde bulundu.<\/p>\n<p>Konserin finalinde \u00fcnl\u00fc klarnet sanat\u00e7\u0131s\u0131 \u015eenlendirici, kat\u0131l\u0131mc\u0131lar\u0131n aras\u0131ndan davet etti\u011fi minik \u00e7ocuklar\u0131n, klarnet ve davul g\u00f6sterilerine hayran kald\u0131, kendisi de klarnetiyle miniklere e\u015flik etti.<\/p>\n<p>Ba\u015fkan Y\u0131lmaz, konserin ard\u0131ndan \u015eenlendirici\u2019ye, Toroslar\u2019da verdi\u011fi co\u015fkulu konserden dolay\u0131 \u00e7i\u00e7ek ve Toroslar\u2019\u0131n 1453 rak\u0131ml\u0131 Arslank\u00f6y yaylas\u0131nda bulunan g\u00f6letin 3 boyutlu k\u00e2\u011f\u0131t r\u00f6lyef tablosunu takim ederek, te\u015fekk\u00fcr etti.<\/p>\n","protected":false},"excerpt":{"rendered":"<p>\u00dcnl\u00fc klarnet Sanat\u00e7\u0131s\u0131 H\u00fcsn\u00fc \u015eenlendirici, Toroslar\u2019da sevenleriyle bulu\u015ftu. Toroslar Belediyesi\u2019nin de destek verdi\u011fi, bu y\u0131l 19\u2019uncusu d\u00fczenlenen Mersin Uluslararas\u0131 M\u00fczik Festivali kapsam\u0131nda Toroslar Belediyesi Amfi Tiyatro\u2019da sahne alan \u015eenlendirici, Mersinlilere &hellip; <a href=\"https:\/\/akdenizolaygazetesi.com\/?p=14334\" class=\"more-link\">Devam\u0131n\u0131 Oku&#8230;<\/a><\/p>\n","protected":false},"author":2,"featured_media":14335,"comment_status":"open","ping_status":"open","sticky":false,"template":"","format":"standard","meta":[],"categories":[1,2,3],"tags":[],"_links":{"self":[{"href":"https:\/\/akdenizolaygazetesi.com\/index.php?rest_route=\/wp\/v2\/posts\/14334"}],"collection":[{"href":"https:\/\/akdenizolaygazetesi.com\/index.php?rest_route=\/wp\/v2\/posts"}],"about":[{"href":"https:\/\/akdenizolaygazetesi.com\/index.php?rest_route=\/wp\/v2\/types\/post"}],"author":[{"embeddable":true,"href":"https:\/\/akdenizolaygazetesi.com\/index.php?rest_route=\/wp\/v2\/users\/2"}],"replies":[{"embeddable":true,"href":"https:\/\/akdenizolaygazetesi.com\/index.php?rest_route=%2Fwp%2Fv2%2Fcomments&post=14334"}],"version-history":[{"count":1,"href":"https:\/\/akdenizolaygazetesi.com\/index.php?rest_route=\/wp\/v2\/posts\/14334\/revisions"}],"predecessor-version":[{"id":14336,"href":"https:\/\/akdenizolaygazetesi.com\/index.php?rest_route=\/wp\/v2\/posts\/14334\/revisions\/14336"}],"wp:featuredmedia":[{"embeddable":true,"href":"https:\/\/akdenizolaygazetesi.com\/index.php?rest_route=\/wp\/v2\/media\/14335"}],"wp:attachment":[{"href":"https:\/\/akdenizolaygazetesi.com\/index.php?rest_route=%2Fwp%2Fv2%2Fmedia&parent=14334"}],"wp:term":[{"taxonomy":"category","embeddable":true,"href":"https:\/\/akdenizolaygazetesi.com\/index.php?rest_route=%2Fwp%2Fv2%2Fcategories&post=14334"},{"taxonomy":"post_tag","embeddable":true,"href":"https:\/\/akdenizolaygazetesi.com\/index.php?rest_route=%2Fwp%2Fv2%2Ftags&post=14334"}],"curies":[{"name":"wp","href":"https:\/\/api.w.org\/{rel}","templated":true}]}}