{"id":14337,"date":"2021-09-25T16:55:09","date_gmt":"2021-09-25T13:55:09","guid":{"rendered":"http:\/\/akdenizolaygazetesi.com\/?p=14337"},"modified":"2021-09-25T16:55:09","modified_gmt":"2021-09-25T13:55:09","slug":"her-okul-en-fazla-4-eserle-katilabiliyor","status":"publish","type":"post","link":"https:\/\/akdenizolaygazetesi.com\/?p=14337","title":{"rendered":"Her okul en fazla 4 eserle kat\u0131labiliyor"},"content":{"rendered":"<p>Akdeniz\u2019de S\u0131f\u0131r At\u0131k Projesi kapsam\u0131nda il\u00e7e s\u0131n\u0131rlar\u0131 i\u00e7erisindeki ortaokullarda temizlik bilincinin olu\u015fturulmas\u0131, \u00e7evre temizli\u011finin \u00f6nemi ve geri d\u00f6n\u00fc\u015f\u00fcm temal\u0131 \u00f6d\u00fcll\u00fc resim yar\u0131\u015fmas\u0131 d\u00fczenleniyor.<br \/>\nAkdeniz Belediyesi, il\u00e7ede ya\u015fayan \u00e7ocuklar\u0131n yarat\u0131c\u0131l\u0131klar\u0131n\u0131 ortaya \u00e7\u0131karmak, hayal g\u00fc\u00e7lerine katk\u0131 sunmak, evrene, do\u011faya ve at\u0131klara olan perspektiflerini sanatla b\u00fct\u00fcnle\u015ftirip g\u00f6rsel olarak ifade edebilmelerini sa\u011flamak amac\u0131yla Akdeniz \u0130l\u00e7e Milli E\u011fitim M\u00fcd\u00fcrl\u00fc\u011f\u00fc ile \u00f6nemli bir projeye imza atarak, ortaokullar aras\u0131 resim yar\u0131\u015fmas\u0131 d\u00fczenliyor.<br \/>\nHer okul en fazla 4 eserle kat\u0131labiliyor<br \/>\nAkdeniz Belediyesi ve Akdeniz \u0130l\u00e7e Milli E\u011fitim M\u00fcd\u00fcrl\u00fc\u011f\u00fc i\u015fbirli\u011finde d\u00fczenlenecek resim yar\u0131\u015fmas\u0131na il\u00e7e s\u0131n\u0131rlar\u0131 i\u00e7erisinde e\u011fitim g\u00f6ren ortaokul \u00f6\u011frencileri kat\u0131labiliyor. Akdeniz Belediyesi \u00c7evre Koruma ve Kontrol M\u00fcd\u00fcrl\u00fc\u011f\u00fc&#8217;nden yap\u0131lan a\u00e7\u0131klamaya g\u00f6re resimlerin 35&#215;50 ebad\u0131nda resim ka\u011f\u0131d\u0131na serbest teknikle yap\u0131labilece\u011fi bildirildi. Her okulun kendi se\u00e7imini yaparak en fazla 4 eserle, her \u00f6\u011frencinin ise bir eserle kat\u0131labilece\u011fi yar\u0131\u015fmaya dahil edilen resmin arkas\u0131na, sol alt k\u00f6\u015feye, yar\u0131\u015fmac\u0131 \u00f6\u011frenci ile ilgili bilgilerin yaz\u0131lmas\u0131n\u0131n \u00f6nemine vurgu yap\u0131ld\u0131.<br \/>\nSon kat\u0131l\u0131m tarihi 8 Ekim<br \/>\n\u00d6te yandan resimlerin zarar g\u00f6rmemesi i\u00e7in iki mukavva aras\u0131na konularak g\u00f6nderilmelisi gereklili\u011finin alt\u0131 \u00e7izilen yar\u0131\u015fma \u015fartnamesinde mukavvan\u0131n \u00fczerine kat\u0131lan \u00f6\u011frencilerin ad\u0131 soyad\u0131, e\u011fitim g\u00f6rd\u00fc\u011f\u00fc okulun ad\u0131 ve kat\u0131ld\u0131\u011f\u0131 kategorinin de yaz\u0131lmas\u0131 gerekiyor. Yar\u0131\u015fmaya kat\u0131lacak eserler 22 Eyl\u00fcl-08 Ekim 2021 tarihleri aras\u0131nda mesai bitimine kadar Akdeniz \u0130l\u00e7e Milli E\u011fitim M\u00fcd\u00fcrl\u00fc\u011f\u00fc\u2019ne teslim edilebilecek.<br \/>\n\u0130lk 3 eser sahibine tablet hediye edilecek<br \/>\nA\u00e7\u0131klamada ayr\u0131ca 11-15 Ekim 2021 tarihleri aras\u0131nda \u0130l\u00e7e Milli E\u011fitim M\u00fcd\u00fcrl\u00fc\u011f\u00fc taraf\u0131ndan kurulacak olan bir komisyonla ba\u015far\u0131l\u0131 bulunan ilk 20 resmin belirlenece\u011fi ve beraberinde en iyi ilk \u00fc\u00e7 eser sahibine de tablet bilgisayar hediye edilece\u011fi a\u00e7\u0131kland\u0131. Sonraki on yedi resme ise s\u00fcrpriz hediyelerin verilece\u011fi bildirilirken, yar\u0131\u015fma sonu\u00e7lar\u0131n\u0131n ise 15 Ekim 2021 tarihinde a\u00e7\u0131klanaca\u011f\u0131 aktar\u0131ld\u0131.<br \/>\nBa\u015fkan G\u00fcltak; &#8220;B\u00fcy\u00fcklere ilham kayna\u011f\u0131 olacaklar&#8221;<br \/>\n\u00c7ocuklar\u0131n hayallerinin bir \u00fclkenin gelece\u011fini in\u015fa edecek en \u00f6nemli unsurlardan biri oldu\u011funa dikkat \u00e7eken Akdeniz Belediye Ba\u015fkan\u0131 Mustafa G\u00fcltak; &#8220;Yavrular\u0131m\u0131z\u0131n nas\u0131l bir \u00e7evre beklentisi i\u00e7inde olduklar\u0131, d\u00fcnyaya nas\u0131l bakt\u0131klar\u0131 olduk\u00e7a \u00f6nemlidir. Bizler de Akdeniz \u0130l\u00e7e Milli E\u011fitim M\u00fcd\u00fcrl\u00fc\u011f\u00fc ile \u00e7ocuklarda temiz bir \u00e7evre bilinci yaratmak, geri d\u00f6n\u00fc\u015f\u00fcm\u00fcn \u00f6nemine de\u011finmek, daha temiz ve ya\u015fan\u0131labilir bir d\u00fcnya olu\u015fumuna katk\u0131 sunmak amac\u0131yla &#8216;Akdeniz\u2018de S\u0131f\u0131r At\u0131k&#8217; temal\u0131 bu resim yar\u0131\u015fmas\u0131n\u0131 d\u00fczenlemeye karar verdik. Evlatlar\u0131m\u0131z\u0131n bak\u0131\u015f a\u00e7\u0131lar\u0131n\u0131 sanatla b\u00fct\u00fcnle\u015ftirmek de yarat\u0131c\u0131l\u0131klar\u0131n\u0131 ortaya koymalar\u0131 noktas\u0131nda bizleri fazlas\u0131yla heyecanland\u0131r\u0131yor. \u00c7evreyi resme yans\u0131tarak b\u00fcy\u00fcklere ilham kayna\u011f\u0131 olacaklar\u0131ndan hi\u00e7bir \u015f\u00fcphemiz yok. Hepsine ba\u015far\u0131lar diliyorum&#8221; dedi. <\/p>\n","protected":false},"excerpt":{"rendered":"<p>Akdeniz\u2019de S\u0131f\u0131r At\u0131k Projesi kapsam\u0131nda il\u00e7e s\u0131n\u0131rlar\u0131 i\u00e7erisindeki ortaokullarda temizlik bilincinin olu\u015fturulmas\u0131, \u00e7evre temizli\u011finin \u00f6nemi ve geri d\u00f6n\u00fc\u015f\u00fcm temal\u0131 \u00f6d\u00fcll\u00fc resim yar\u0131\u015fmas\u0131 d\u00fczenleniyor. Akdeniz Belediyesi, il\u00e7ede ya\u015fayan \u00e7ocuklar\u0131n yarat\u0131c\u0131l\u0131klar\u0131n\u0131 ortaya &hellip; <a href=\"https:\/\/akdenizolaygazetesi.com\/?p=14337\" class=\"more-link\">Devam\u0131n\u0131 Oku&#8230;<\/a><\/p>\n","protected":false},"author":2,"featured_media":14338,"comment_status":"open","ping_status":"open","sticky":false,"template":"","format":"standard","meta":[],"categories":[34,1,2,3,5],"tags":[],"_links":{"self":[{"href":"https:\/\/akdenizolaygazetesi.com\/index.php?rest_route=\/wp\/v2\/posts\/14337"}],"collection":[{"href":"https:\/\/akdenizolaygazetesi.com\/index.php?rest_route=\/wp\/v2\/posts"}],"about":[{"href":"https:\/\/akdenizolaygazetesi.com\/index.php?rest_route=\/wp\/v2\/types\/post"}],"author":[{"embeddable":true,"href":"https:\/\/akdenizolaygazetesi.com\/index.php?rest_route=\/wp\/v2\/users\/2"}],"replies":[{"embeddable":true,"href":"https:\/\/akdenizolaygazetesi.com\/index.php?rest_route=%2Fwp%2Fv2%2Fcomments&post=14337"}],"version-history":[{"count":1,"href":"https:\/\/akdenizolaygazetesi.com\/index.php?rest_route=\/wp\/v2\/posts\/14337\/revisions"}],"predecessor-version":[{"id":14339,"href":"https:\/\/akdenizolaygazetesi.com\/index.php?rest_route=\/wp\/v2\/posts\/14337\/revisions\/14339"}],"wp:featuredmedia":[{"embeddable":true,"href":"https:\/\/akdenizolaygazetesi.com\/index.php?rest_route=\/wp\/v2\/media\/14338"}],"wp:attachment":[{"href":"https:\/\/akdenizolaygazetesi.com\/index.php?rest_route=%2Fwp%2Fv2%2Fmedia&parent=14337"}],"wp:term":[{"taxonomy":"category","embeddable":true,"href":"https:\/\/akdenizolaygazetesi.com\/index.php?rest_route=%2Fwp%2Fv2%2Fcategories&post=14337"},{"taxonomy":"post_tag","embeddable":true,"href":"https:\/\/akdenizolaygazetesi.com\/index.php?rest_route=%2Fwp%2Fv2%2Ftags&post=14337"}],"curies":[{"name":"wp","href":"https:\/\/api.w.org\/{rel}","templated":true}]}}