{"id":1434,"date":"2020-11-04T18:22:00","date_gmt":"2020-11-04T15:22:00","guid":{"rendered":"http:\/\/mersinekonomipolitikagazetesi.com\/?p=1434"},"modified":"2020-11-04T18:22:00","modified_gmt":"2020-11-04T15:22:00","slug":"bozdagdan-mersindeki-bombali-saldiri-aciklamasi","status":"publish","type":"post","link":"https:\/\/akdenizolaygazetesi.com\/?p=1434","title":{"rendered":"Bozda\u011f&#8217;dan Mersin&#8217;deki bombal\u0131 sald\u0131r\u0131 a\u00e7\u0131klamas\u0131"},"content":{"rendered":"<p>Ba\u015fbakan Yard\u0131mc\u0131s\u0131 Bekir Bozda\u011f, \u201cT\u00fcrkiye\u2019nin ter\u00f6rle m\u00fccadelesi her \u015feye ra\u011fmen her \u015fartta devam edecektir. Bunlar ter\u00f6rle m\u00fccadelemizi zaafa d\u00fc\u015f\u00fcrmez T\u00fcrkiye\u2019nin daha etkin m\u00fccadelesi bundan sonra da s\u00fcrecektir\u201d dedi.<\/p>\n<p><span style=\"color: rgb(0, 0, 0); font-family: Tahoma, Arial, &quot;Times New Roman TUR&quot;, Verdana; font-size: 15px;\">Bozda\u011f, TBMMB Genel Kurulu\u2019nda milletvekillerine bilgi verdi. \u015e\u0131rnak \u2018ta meydana gelen g\u00f6\u00e7\u00fckte 8 vatanda\u015f\u0131m\u0131z kalm\u0131\u015ft\u0131r. Bunlardan 7\u2019si maalesef hayat\u0131n\u0131 kaybetmi\u015f, bir tanesi kay\u0131p durumdad\u0131r. Hayat\u0131n\u0131 kaybeden vatanda\u015flar\u0131m\u0131za Allah\u2019tan rahmet diliyorum, ailelerine ba\u015fsa\u011fl\u0131\u011f\u0131 ve sab\u0131r diliyorum. \u015eu anda b\u00fct\u00fcn ilgili birimler olay yerinde ve umar\u0131m ki kay\u0131p olan vatanda\u015f\u0131m\u0131z sa\u011f salim ula\u015fma imkan\u0131 olur\u201d ifadelerini kulland\u0131.<\/span><br style=\"color: rgb(0, 0, 0); font-family: Tahoma, Arial, &quot;Times New Roman TUR&quot;, Verdana; font-size: 15px;\" \/><br \/>\n<span style=\"color: rgb(0, 0, 0); font-family: Tahoma, Arial, &quot;Times New Roman TUR&quot;, Verdana; font-size: 15px;\">Enerji Bakan\u0131\u2019n\u0131n a\u00e7\u0131klamas\u0131na ili\u015fkin olarak Bozda\u011f, a\u00e7\u0131klaman\u0131n savunma a\u00e7\u0131klamas\u0131 olmad\u0131\u011f\u0131n\u0131 s\u00f6yleyerek, \u201cOradaki madenin durumunu tespitine dair bir a\u00e7\u0131klamad\u0131r. Ruhsats\u0131z, izinsiz, kapal\u0131 olan, kapal\u0131 oldu\u011fu bilinen ve kapal\u0131 olup olmad\u0131\u011f\u0131 kontrol edilen bir maden. Maalesef burada para h\u0131rs\u0131yla, ka\u00e7ak yollarla \u00e7al\u0131\u015ft\u0131rma yapan birileri var. Devlet denetim yap\u0131yor. Buna ra\u011fmen bir \u00e7al\u0131\u015fma yap\u0131lm\u0131\u015f. Bunlarla ilgili adli s\u00fcre\u00e7 ba\u015flat\u0131lm\u0131\u015ft\u0131r. Her t\u00fcrl\u00fc tetkik yap\u0131l\u0131p, ilgili ki\u015filer hakk\u0131nda yasal gereklilikler neyse o yap\u0131lacakt\u0131r\u201d \u015feklinde konu\u015ftu.<\/span><br style=\"color: rgb(0, 0, 0); font-family: Tahoma, Arial, &quot;Times New Roman TUR&quot;, Verdana; font-size: 15px;\" \/><br \/>\n<span style=\"color: rgb(0, 0, 0); font-family: Tahoma, Arial, &quot;Times New Roman TUR&quot;, Verdana; font-size: 15px;\">Mersin\u2019de patlamaya ili\u015fkin olarak Bozda\u011f, \u201c\u015eu anda olay taze, hen\u00fcz net rakamlar\u0131, olaya dair detayl\u0131 bilgiyi verme imkan\u0131m yok. Elimde baz\u0131 bilgiler var, onlarda teyitli de\u011fil. Yaral\u0131lar oldu\u011funa dair bilgiler var. Ambulanslar olay yerine sevk edilmi\u015f. Yaral\u0131lara acil \u015fifalar diliyorum. T\u00fcrkiye\u2019nin ter\u00f6rle m\u00fccadelesi her \u015feye ra\u011fmen her \u015fartta devam edecektir. Bunlar ter\u00f6rle m\u00fccadelemizi zaafa d\u00fc\u015f\u00fcrmez T\u00fcrkiye\u2019nin daha etkin m\u00fccadelesi bundan sonra da s\u00fcrecektir\u201d dedi.<\/span><\/p>\n","protected":false},"excerpt":{"rendered":"<p>Ba\u015fbakan Yard\u0131mc\u0131s\u0131 Bekir Bozda\u011f, \u201cT\u00fcrkiye\u2019nin ter\u00f6rle m\u00fccadelesi her \u015feye ra\u011fmen her \u015fartta devam edecektir. Bunlar ter\u00f6rle m\u00fccadelemizi zaafa d\u00fc\u015f\u00fcrmez T\u00fcrkiye\u2019nin daha etkin m\u00fccadelesi bundan sonra da s\u00fcrecektir\u201d dedi. Bozda\u011f, TBMMB &hellip; <a href=\"https:\/\/akdenizolaygazetesi.com\/?p=1434\" class=\"more-link\">Devam\u0131n\u0131 Oku&#8230;<\/a><\/p>\n","protected":false},"author":1,"featured_media":0,"comment_status":"open","ping_status":"open","sticky":false,"template":"","format":"standard","meta":[],"categories":[],"tags":[],"_links":{"self":[{"href":"https:\/\/akdenizolaygazetesi.com\/index.php?rest_route=\/wp\/v2\/posts\/1434"}],"collection":[{"href":"https:\/\/akdenizolaygazetesi.com\/index.php?rest_route=\/wp\/v2\/posts"}],"about":[{"href":"https:\/\/akdenizolaygazetesi.com\/index.php?rest_route=\/wp\/v2\/types\/post"}],"author":[{"embeddable":true,"href":"https:\/\/akdenizolaygazetesi.com\/index.php?rest_route=\/wp\/v2\/users\/1"}],"replies":[{"embeddable":true,"href":"https:\/\/akdenizolaygazetesi.com\/index.php?rest_route=%2Fwp%2Fv2%2Fcomments&post=1434"}],"version-history":[{"count":0,"href":"https:\/\/akdenizolaygazetesi.com\/index.php?rest_route=\/wp\/v2\/posts\/1434\/revisions"}],"wp:attachment":[{"href":"https:\/\/akdenizolaygazetesi.com\/index.php?rest_route=%2Fwp%2Fv2%2Fmedia&parent=1434"}],"wp:term":[{"taxonomy":"category","embeddable":true,"href":"https:\/\/akdenizolaygazetesi.com\/index.php?rest_route=%2Fwp%2Fv2%2Fcategories&post=1434"},{"taxonomy":"post_tag","embeddable":true,"href":"https:\/\/akdenizolaygazetesi.com\/index.php?rest_route=%2Fwp%2Fv2%2Ftags&post=1434"}],"curies":[{"name":"wp","href":"https:\/\/api.w.org\/{rel}","templated":true}]}}