{"id":14340,"date":"2021-09-25T16:57:33","date_gmt":"2021-09-25T13:57:33","guid":{"rendered":"http:\/\/akdenizolaygazetesi.com\/?p=14340"},"modified":"2021-09-25T16:57:33","modified_gmt":"2021-09-25T13:57:33","slug":"layikli-basarili-olacagimiza-inaniyorum","status":"publish","type":"post","link":"https:\/\/akdenizolaygazetesi.com\/?p=14340","title":{"rendered":"Lay\u0131kl\u0131: &#8220;Ba\u015far\u0131l\u0131 olaca\u011f\u0131m\u0131za inan\u0131yorum&#8221;"},"content":{"rendered":"<p>T\u00fcrkiye Bedensel Engelliler Spor Federasyonu ile Mersin Engelliler Sanat ve Spor Kul\u00fcb\u00fc yetkilileri Akdeniz Belediye Ba\u015fkan\u0131 Mustafa G\u00fcltak&#8217;\u0131 ziyaret etti. Ba\u015fkan G\u00fcltak, &#8220;\u00d6n\u00fcm\u00fczdeki s\u00fcre\u00e7te engelli sporcu karde\u015flerimize nas\u0131l daha faydal\u0131 olabileceksek deste\u011fimizi s\u00fcrd\u00fcrmeye devam edece\u011fiz&#8221; diye konu\u015ftu.<br \/>\nT\u00fcrkiye Bedensel Engelliler Spor Federasyonu Yelken Teknik Kurulu Ba\u015fkan\u0131 Aynur Olga\u00e7, Mersin Engelliler Sanat ve Spor Kul\u00fcb\u00fc Ba\u015fkan\u0131 Ali Lay\u0131kl\u0131; Ba\u015fkan Yard\u0131mc\u0131s\u0131 Hakan \u00c7imenlik; Muhasip Faik Suba\u015f\u0131 ve Genel Sekreter Ferhat \u015ea\u015f Akdeniz Belediye Ba\u015fkan\u0131 Mustafa G\u00fcltak&#8217;\u0131 ziyaret etti.<br \/>\nLay\u0131kl\u0131: &#8220;Ba\u015far\u0131l\u0131 olaca\u011f\u0131m\u0131za inan\u0131yorum&#8221;<br \/>\nAkdeniz&#8217;i ve Mersin&#8217;i \u00f6ncelikle T\u00fcrkiye&#8217;de ar\u0131ndan d\u00fcnyada temsil etme noktas\u0131nda \u00e7ok \u00e7al\u0131\u015ft\u0131klar\u0131n\u0131 dile getiren Mersin Engelliler Sanat ve Spor Kul\u00fcb\u00fc Ba\u015fkan\u0131 Ali Lay\u0131kl\u0131, &#8220;Bu s\u00fcre\u00e7te bizlere her zaman katk\u0131 sunan Ba\u015fkan\u0131m\u0131z Say\u0131n Mustafa G\u00fcltak&#8217;a te\u015fekk\u00fcrlerimizi sunuyoruz. \u00d6n\u00fcm\u00fczdeki hedefleri tek tek a\u015f\u0131yoruz. \u00d6nce \u015fampiyonluk sonra da 2. Ligde m\u00fccadele etme iste\u011fimiz devam ediyor. Ba\u015far\u0131l\u0131 olaca\u011f\u0131m\u0131za inan\u0131yoruz&#8221; dedi.<br \/>\nOlga\u00e7: &#8220;Mersin&#8217;in kara sular\u0131ndan d\u00fcnyaya a\u00e7\u0131l\u0131yoruz&#8221;<br \/>\nT\u00fcrkiye Bedensel Engelliler Spor Federasyonu Yelken Teknik Kurulu Ba\u015fkan\u0131 Aynur Olga\u00e7 ise, &#8220;Mevcut 5 tane teknemiz, Akdeniz Belediyesi&#8217;nin s\u0131n\u0131rlar\u0131 i\u00e7erisinde olan bal\u0131k\u00e7\u0131 bar\u0131na\u011f\u0131nda yer al\u0131yor. Bu bran\u015f\u0131 2017 y\u0131l\u0131nda devrald\u0131\u011f\u0131m\u0131zda 3 il, 5 tekne, 10 sporcu ile devam ediyorduk. Bug\u00fcn 8 il, 17 tekne, 40 sporcu ile yolumuza devam ediyoruz. Sporcular\u0131m\u0131z Mersin&#8217;in kara sular\u0131ndan d\u00fcnyaya a\u00e7\u0131l\u0131yor. Federasyonun en pahal\u0131 envanterine sahip bran\u015f\u0131z&#8221; ifadelerini kulland\u0131.<br \/>\n&#8220;G\u00fcltak; spor konusunda herkesin i\u015faret etti\u011fi \u00f6nemli bir isim&#8221;<br \/>\nTekneleri i\u00e7in bir alana ihtiya\u00e7lar\u0131 oldu\u011fundan s\u00f6z eden Olga\u00e7, &#8220;Ba\u015fkan\u0131m\u0131z zaten spor adam\u0131. Spora da g\u00f6n\u00fcl verip destek sunan bir ba\u015fkan. Spor konusunda herkesin i\u015faret etti\u011fi \u00f6nemli bir isim. Teknelerimiz i\u00e7in bir yer ayarlad\u0131ktan sonra hedefimizde burada bir Avrupa \u015eampiyonas\u0131&#8217;n\u0131n d\u00fczenlenmesi hususunda \u00e7al\u0131\u015fmalar yapmak var. Bu sebeple Akdeniz Belediye Ba\u015fkan\u0131 Say\u0131n Mustafa G\u00fcltak ile isti\u015fare etmek istedik. Kendisine destekleri ve anlay\u0131\u015f\u0131 i\u00e7in \u00e7ok te\u015fekk\u00fcr ediyoruz&#8221; \u015feklinde konu\u015ftu.<br \/>\n&#8220;Hedefimiz \u00f6nce \u015fampiyonluk sonra 2. Lig&#8221;<br \/>\nBa\u015fkan G\u00fcltak; &#8220;Bizler Akdeniz Belediyesi olarak gerek k\u00fclt\u00fcrel ya da sanatsal faaliyetler, gerekse sportif \u00e7al\u0131\u015fmalar noktas\u0131nda her daim elimizden geldi\u011fi kadar engelli karde\u015flerimize destek olmay\u0131 s\u00fcrd\u00fcr\u00fcyoruz. Federasyon ve kul\u00fcp yetkililerimiz ile isti\u015farelerimizi devam ettirip bu bilin\u00e7le de \u00f6n\u00fcm\u00fczdeki s\u00fcre\u00e7te onlara nas\u0131l daha faydal\u0131 olabileceksek elimizden geleni yapaca\u011f\u0131z&#8221; dedi.<br \/>\n&#8220;Yeni bir ba\u015flang\u0131\u00e7 yaparak yola devam edecekler&#8221;<br \/>\nAkdeniz Belediyespor Kul\u00fcb\u00fc b\u00fcnyesinde basketbol tak\u0131m\u0131n\u0131n elde ettikleri her ba\u015far\u0131n\u0131n kendilerini motive etti\u011fine de\u011finen Ba\u015fkan G\u00fcltak; &#8220;\u015eu an tak\u0131m\u0131m\u0131z 3. Lig&#8217;de m\u00fccadele ediyor. Tak\u0131m\u0131m\u0131z\u0131n \u015fampiyonluk yolunda ilerlemesi ve sonucunda 2. Lig\u2019de m\u00fccadele etmesi noktas\u0131nda gerekli destekleri s\u00fcrd\u00fcrmeye devam edece\u011fiz. Biz ge\u00e7en y\u0131ldan itibaren kendilerini kul\u00fcp b\u00fcnyemize dahil etmi\u015ftik. Biliyorsunuz pandemiden kaynakl\u0131 ligler oynanmad\u0131. \u00d6n\u00fcm\u00fczdeki s\u00fcre\u00e7te umar\u0131m yeni bir ba\u015flang\u0131\u00e7 yap\u0131p ba\u015far\u0131l\u0131 bir \u015fekilde yollar\u0131na devam edecekler&#8221; dedi.<\/p>\n","protected":false},"excerpt":{"rendered":"<p>T\u00fcrkiye Bedensel Engelliler Spor Federasyonu ile Mersin Engelliler Sanat ve Spor Kul\u00fcb\u00fc yetkilileri Akdeniz Belediye Ba\u015fkan\u0131 Mustafa G\u00fcltak&#8217;\u0131 ziyaret etti. Ba\u015fkan G\u00fcltak, &#8220;\u00d6n\u00fcm\u00fczdeki s\u00fcre\u00e7te engelli sporcu karde\u015flerimize nas\u0131l daha faydal\u0131 &hellip; <a href=\"https:\/\/akdenizolaygazetesi.com\/?p=14340\" class=\"more-link\">Devam\u0131n\u0131 Oku&#8230;<\/a><\/p>\n","protected":false},"author":2,"featured_media":14341,"comment_status":"open","ping_status":"open","sticky":false,"template":"","format":"standard","meta":[],"categories":[3,5,10],"tags":[],"_links":{"self":[{"href":"https:\/\/akdenizolaygazetesi.com\/index.php?rest_route=\/wp\/v2\/posts\/14340"}],"collection":[{"href":"https:\/\/akdenizolaygazetesi.com\/index.php?rest_route=\/wp\/v2\/posts"}],"about":[{"href":"https:\/\/akdenizolaygazetesi.com\/index.php?rest_route=\/wp\/v2\/types\/post"}],"author":[{"embeddable":true,"href":"https:\/\/akdenizolaygazetesi.com\/index.php?rest_route=\/wp\/v2\/users\/2"}],"replies":[{"embeddable":true,"href":"https:\/\/akdenizolaygazetesi.com\/index.php?rest_route=%2Fwp%2Fv2%2Fcomments&post=14340"}],"version-history":[{"count":1,"href":"https:\/\/akdenizolaygazetesi.com\/index.php?rest_route=\/wp\/v2\/posts\/14340\/revisions"}],"predecessor-version":[{"id":14342,"href":"https:\/\/akdenizolaygazetesi.com\/index.php?rest_route=\/wp\/v2\/posts\/14340\/revisions\/14342"}],"wp:featuredmedia":[{"embeddable":true,"href":"https:\/\/akdenizolaygazetesi.com\/index.php?rest_route=\/wp\/v2\/media\/14341"}],"wp:attachment":[{"href":"https:\/\/akdenizolaygazetesi.com\/index.php?rest_route=%2Fwp%2Fv2%2Fmedia&parent=14340"}],"wp:term":[{"taxonomy":"category","embeddable":true,"href":"https:\/\/akdenizolaygazetesi.com\/index.php?rest_route=%2Fwp%2Fv2%2Fcategories&post=14340"},{"taxonomy":"post_tag","embeddable":true,"href":"https:\/\/akdenizolaygazetesi.com\/index.php?rest_route=%2Fwp%2Fv2%2Ftags&post=14340"}],"curies":[{"name":"wp","href":"https:\/\/api.w.org\/{rel}","templated":true}]}}