{"id":1435,"date":"2020-11-04T18:22:00","date_gmt":"2020-11-04T15:22:00","guid":{"rendered":"http:\/\/mersinekonomipolitikagazetesi.com\/?p=1435"},"modified":"2020-11-04T18:22:00","modified_gmt":"2020-11-04T15:22:00","slug":"kalkinma-bakani-elvan-mersindeki-bombali-saldiriyi-kinadi","status":"publish","type":"post","link":"https:\/\/akdenizolaygazetesi.com\/?p=1435","title":{"rendered":"Kalk\u0131nma Bakan\u0131 Elvan Mersin\u2019deki bombal\u0131 sald\u0131r\u0131y\u0131 k\u0131nad\u0131"},"content":{"rendered":"<p>Kalk\u0131nma Bakan\u0131 L\u00fctfi Elvan, \u201cMersin&#8217;de polisimize ve milletimize y\u00f6nelik ger\u00e7ekle\u015ftirilen hain sald\u0131r\u0131y\u0131 \u015fiddetle k\u0131n\u0131yorum\u201d dedi.<\/p>\n<p><span style=\"color: rgb(0, 0, 0); font-family: Tahoma, Arial, &quot;Times New Roman TUR&quot;, Verdana; font-size: 15px;\">Kalk\u0131nma Bakan\u0131 Elvan, Mersin&#8217;deki sald\u0131r\u0131ya ili\u015fkin sosyal medya hesab\u0131ndan yapt\u0131\u011f\u0131 a\u00e7\u0131klamada, \u201cMersin&#8217;de polisimize ve milletimize y\u00f6nelik ger\u00e7ekle\u015ftirilen hain sald\u0131r\u0131y\u0131 \u015fiddetle k\u0131n\u0131yorum. Bu sald\u0131r\u0131n\u0131n arkas\u0131nda kim veya kimler varsa g\u00fcvenlik g\u00fc\u00e7lerimiz bunu ortaya \u00e7\u0131karacakt\u0131r. Mersin Valili\u011fimiz, Cumhuriyet Ba\u015fsavc\u0131l\u0131\u011f\u0131m\u0131z ve g\u00fcvenlik g\u00fc\u00e7lerimiz sald\u0131r\u0131 ile ilgili detayl\u0131 bir inceleme ba\u015flatm\u0131\u015ft\u0131r. Yaral\u0131lar\u0131m\u0131za acil \u015fifalar diliyorum. T\u00fcm Mersin halk\u0131na ve milletimize ge\u00e7mi\u015f olsun\u201d ifadelerini kulland\u0131.\u00a0<\/span><\/p>\n","protected":false},"excerpt":{"rendered":"<p>Kalk\u0131nma Bakan\u0131 L\u00fctfi Elvan, \u201cMersin&#8217;de polisimize ve milletimize y\u00f6nelik ger\u00e7ekle\u015ftirilen hain sald\u0131r\u0131y\u0131 \u015fiddetle k\u0131n\u0131yorum\u201d dedi. Kalk\u0131nma Bakan\u0131 Elvan, Mersin&#8217;deki sald\u0131r\u0131ya ili\u015fkin sosyal medya hesab\u0131ndan yapt\u0131\u011f\u0131 a\u00e7\u0131klamada, \u201cMersin&#8217;de polisimize ve milletimize &hellip; <a href=\"https:\/\/akdenizolaygazetesi.com\/?p=1435\" class=\"more-link\">Devam\u0131n\u0131 Oku&#8230;<\/a><\/p>\n","protected":false},"author":1,"featured_media":0,"comment_status":"open","ping_status":"open","sticky":false,"template":"","format":"standard","meta":[],"categories":[],"tags":[],"_links":{"self":[{"href":"https:\/\/akdenizolaygazetesi.com\/index.php?rest_route=\/wp\/v2\/posts\/1435"}],"collection":[{"href":"https:\/\/akdenizolaygazetesi.com\/index.php?rest_route=\/wp\/v2\/posts"}],"about":[{"href":"https:\/\/akdenizolaygazetesi.com\/index.php?rest_route=\/wp\/v2\/types\/post"}],"author":[{"embeddable":true,"href":"https:\/\/akdenizolaygazetesi.com\/index.php?rest_route=\/wp\/v2\/users\/1"}],"replies":[{"embeddable":true,"href":"https:\/\/akdenizolaygazetesi.com\/index.php?rest_route=%2Fwp%2Fv2%2Fcomments&post=1435"}],"version-history":[{"count":0,"href":"https:\/\/akdenizolaygazetesi.com\/index.php?rest_route=\/wp\/v2\/posts\/1435\/revisions"}],"wp:attachment":[{"href":"https:\/\/akdenizolaygazetesi.com\/index.php?rest_route=%2Fwp%2Fv2%2Fmedia&parent=1435"}],"wp:term":[{"taxonomy":"category","embeddable":true,"href":"https:\/\/akdenizolaygazetesi.com\/index.php?rest_route=%2Fwp%2Fv2%2Fcategories&post=1435"},{"taxonomy":"post_tag","embeddable":true,"href":"https:\/\/akdenizolaygazetesi.com\/index.php?rest_route=%2Fwp%2Fv2%2Ftags&post=1435"}],"curies":[{"name":"wp","href":"https:\/\/api.w.org\/{rel}","templated":true}]}}