{"id":14359,"date":"2021-09-26T10:33:30","date_gmt":"2021-09-26T07:33:30","guid":{"rendered":"http:\/\/akdenizolaygazetesi.com\/?p=14359"},"modified":"2021-09-26T10:33:30","modified_gmt":"2021-09-26T07:33:30","slug":"salginda-en-on-cephede-mucadele-veren-saglik-calisanlarimiz-oldu","status":"publish","type":"post","link":"https:\/\/akdenizolaygazetesi.com\/?p=14359","title":{"rendered":"\u201cSalg\u0131nda en \u00f6n cephede m\u00fccadele veren sa\u011fl\u0131k \u00e7al\u0131\u015fanlar\u0131m\u0131z oldu\u201d"},"content":{"rendered":"<p>Mersin B\u00fcy\u00fck\u015fehir Belediye Ba\u015fkan Vekili G\u00fclcan K\u0131\u015f, Mersin Eczac\u0131 Odas\u0131\u2019n\u0131n 25 Eyl\u00fcl D\u00fcnya Eczac\u0131l\u0131k G\u00fcn\u00fc\u2019nde ger\u00e7ekle\u015ftirilen 2021 Y\u0131l\u0131 Ola\u011fan Se\u00e7imli Genel Kurulu\u2019na kat\u0131ld\u0131. D\u00fcnya Eczac\u0131l\u0131k G\u00fcn\u00fc\u2019n\u00fc kutlayan Ba\u015fkan Vekili G\u00fclcan K\u0131\u015f, \u201cKoranavir\u00fcs salg\u0131n\u0131yla en \u00f6n cephede m\u00fccadele veren sa\u011fl\u0131k \u00e7al\u0131\u015fanlar\u0131m\u0131z oldu\u201d dedi. <\/p>\n<p>Yeni\u015fehir Atat\u00fcrk K\u00fclt\u00fcr Merkezi\u2019nde d\u00fczenlenen Genel Kurula, Yeni\u015fehir Belediye Ba\u015fkan\u0131 Abdullah \u00d6zyi\u011fit, Akdeniz Belediye Ba\u015fkan\u0131 Mustafa Muhammet G\u00fcltak, Mersin Eczac\u0131 Odas\u0131 Ba\u015fkan\u0131 Uzman Eczac\u0131 \u00d6zg\u00fcn Sa\u011f\u0131r, G\u00fcney Ecza Kooperatifi Y\u00f6netim Kurulu Ba\u015fkan\u0131 Eczac\u0131 Tarkan Bir, Mersin \u00dcniversitesi Eczac\u0131l\u0131k Fak\u00fcltesi Dekan\u0131 Prof. Dr. Necmiye Canacankatan, Mersin Kent Konseyi Ba\u015fkan\u0131 Faik Burakgazi de kat\u0131ld\u0131.<\/p>\n<p>\u201cSalg\u0131nda en \u00f6n cephede m\u00fccadele veren sa\u011fl\u0131k \u00e7al\u0131\u015fanlar\u0131m\u0131z oldu\u201d<\/p>\n<p>Mersin B\u00fcy\u00fck\u015fehir Belediye Ba\u015fkan Vekili G\u00fclcan K\u0131\u015f, konu\u015fmas\u0131na 25 Eyl\u00fcl D\u00fcnya Eczac\u0131l\u0131k G\u00fcn\u00fc\u2019n\u00fc kutlayarak ba\u015flad\u0131. Vekil G\u00fclcan K\u0131\u015f,  pandemiden en \u00e7ok etkilenen kesimin sa\u011fl\u0131k \u00e7al\u0131\u015fanlar\u0131 oldu\u011funu ifade ederek, \u201cKoranavir\u00fcs salg\u0131n\u0131yla en \u00f6n cephede m\u00fccadele veren sa\u011fl\u0131k \u00e7al\u0131\u015fanlar\u0131m\u0131z oldu. Uzun mesai saatleri i\u00e7inde, \u00e7ocuklar\u0131na ve sevdiklerine hasret kalma pahas\u0131na \u00f6zveriyle \u00e7al\u0131\u015fan sa\u011fl\u0131k \u00e7al\u0131\u015fanlar\u0131m\u0131z\u0131n i\u00e7inde hi\u00e7 \u015f\u00fcphesiz siz eczac\u0131lar\u0131m\u0131z da bulunuyordunuz. Sizler halk\u0131n sa\u011fl\u0131\u011f\u0131n\u0131 korumak i\u00e7in sab\u0131rla, canla ba\u015fla \u00e7al\u0131\u015ft\u0131n\u0131z, hala da \u00e7al\u0131\u015f\u0131yorsunuz. \u00c7ocuklar\u0131n\u0131, e\u015flerini, anne ve babalar\u0131n\u0131 uzun s\u00fcre g\u00f6rmeyen, telefonlar\u0131ndan g\u00f6r\u00fcnt\u00fcl\u00fc olarak hasret gidermeye \u00e7al\u0131\u015fan manzaralara \u00e7ok \u015fahit olduk. Bu manzaralar i\u00e7in ve bunu bizzat ya\u015fayan siz sa\u011fl\u0131k \u00e7al\u0131\u015fanlar\u0131 i\u00e7in ne s\u00f6ylersek az\u201d dedi.<\/p>\n<p>\u201cT\u00fcm eczac\u0131 arkada\u015flar\u0131m\u0131z pandemide adeta hepimize derman oldu\u201d<\/p>\n<p>Salg\u0131n\u0131n ilk s\u00fcre\u00e7lerinde eczac\u0131lar\u0131n vatanda\u015flar\u0131 do\u011fru bilgilendirme ad\u0131na yo\u011fun \u00e7aba sarf etti\u011fini ifade eden Vekil G\u00fclcan K\u0131\u015f, \u201c\u0130lk basamak olarak g\u00f6rd\u00fc\u011f\u00fcm\u00fcz sa\u011fl\u0131k dan\u0131\u015fman\u0131m\u0131z olan sizler, Covid-19 tedavisinin tam olarak bilinmedi\u011fi o ilk d\u00f6nemlerde, hastalar\u0131, hasta yak\u0131nlar\u0131n\u0131, hepimizi do\u011fru bilgilendirmeye, ciddi anlamda destek olmaya gayret ettiniz. Kentimizdeki ve \u00fclkemizdeki t\u00fcm eczac\u0131 arkada\u015flar\u0131m\u0131z, pandemide adeta hepimize derman oldu, ila\u00e7 oldu. Sizlere \u015f\u00fckranlar\u0131m\u0131z\u0131 sunuyorum\u201d diye konu\u015ftu.<\/p>\n<p>Ba\u015fkan Vekili G\u00fclcan K\u0131\u015f, pandeminin ba\u015flad\u0131\u011f\u0131 ilk g\u00fcnden itibaren B\u00fcy\u00fck\u015fehir Belediyesi olarak Kriz Merkezi\u2019ni olu\u015fturduklar\u0131n\u0131 s\u00f6yleyerek, bu s\u00fcre\u00e7te verdikleri hizmetleri anlatt\u0131. B\u00fcy\u00fck\u015fehir Belediyesi olarak sa\u011fl\u0131k \u00e7al\u0131\u015fanlar\u0131na y\u00f6nelik pandemide hayata ge\u00e7irdikleri \u00fccretsiz ula\u015f\u0131m, yemek ve konaklama gibi hizmetlerle de onlar\u0131n yanlar\u0131nda olduklar\u0131n\u0131 vurgulayan G\u00fclcan K\u0131\u015f, \u201cBiz pandemi ba\u015flad\u0131\u011f\u0131 ilk g\u00fcnden itibaren krizi y\u00f6netmek ad\u0131na vatanda\u015flar\u0131m\u0131za maske ve hijyen paketi da\u011f\u0131t\u0131m\u0131, evden \u00e7\u0131kamayan 65 ya\u015f \u00fcst\u00fc hasta ve ya\u015f alm\u0131\u015f vatanda\u015flar\u0131m\u0131za raporlu ila\u00e7lar\u0131n\u0131n da\u011f\u0131t\u0131lmas\u0131, onlar\u0131n bilgilendirilmesi ve destek olma konusunda \u00e7al\u0131\u015fmalar\u0131m\u0131z\u0131 ciddi bir ekiple y\u00fcr\u00fctt\u00fck\u201d diye konu\u015ftu.<\/p>\n<p>\u201cHerkesin a\u015f\u0131lar\u0131n\u0131 yapt\u0131rmas\u0131n\u0131n \u00f6nemini yeniden vurgulamak istiyorum\u201d<\/p>\n<p>Ba\u015fkan Vekili K\u0131\u015f, pandemi d\u00f6neminde sa\u011fl\u0131k sekt\u00f6r\u00fcnde \u00e7ok ciddi kay\u0131plar verildi\u011fini belirterek, a\u015f\u0131 yapt\u0131rman\u0131n \u00f6nemine vurgu yapt\u0131. Vekil G\u00fclcan K\u0131\u015f, \u201cPandemi d\u00f6neminde Covid-19\u2019dan dolay\u0131 sa\u011fl\u0131k personelleri aras\u0131nda \u00e7ok ciddi kay\u0131plar\u0131m\u0131z oldu. Hepimizi derinden \u00fczd\u00fc. Doktorlar\u0131m\u0131z, hem\u015firelerimiz, eczac\u0131lar\u0131m\u0131z\u2026 Bu vesileyle yitirdi\u011fimiz t\u00fcm vatanda\u015flar\u0131m\u0131z\u0131 ama \u00f6zelde fedak\u00e2r sa\u011fl\u0131k \u00e7al\u0131\u015fanlar\u0131m\u0131z\u0131 bir kez daha rahmetle an\u0131yor, yak\u0131nlar\u0131na sab\u0131r diliyorum huzurlar\u0131n\u0131zda. Ve k\u00f6t\u00fc g\u00fcnleri en h\u0131zl\u0131 \u015fekilde geride b\u0131rakabilmek ad\u0131na a\u015f\u0131 konusunda bir kez daha bu ortamda uyar\u0131da bulunmak istiyorum. Herkesin a\u015f\u0131lar\u0131n\u0131 yapt\u0131rmas\u0131n\u0131n \u00f6nemini yeniden vurgulamak istiyorum\u201d dedi.<\/p>\n<p>Eczac\u0131l\u0131k mesle\u011finin kar\u015f\u0131 kar\u015f\u0131ya oldu\u011fu sorunlar\u0131 da bildi\u011fini ifade eden G\u00fclcan K\u0131\u015f, \u201cAma sizleri izledi\u011fim kadar\u0131yla gerekli m\u00fccadeleyi de verdi\u011finizi g\u00f6r\u00fcyorum. Ba\u015far\u0131lar diliyorum. Bu yap\u0131sal sorunlar\u0131n bir an \u00f6nce de son bulmas\u0131n\u0131 ve g\u00fczel yar\u0131nlar\u0131n gelmesini t\u00fcm kalbimle diliyorum. Genel kurulunuzun ba\u015far\u0131l\u0131 ge\u00e7mesini diliyorum\u201d diye konu\u015ftu.<\/p>\n","protected":false},"excerpt":{"rendered":"<p>Mersin B\u00fcy\u00fck\u015fehir Belediye Ba\u015fkan Vekili G\u00fclcan K\u0131\u015f, Mersin Eczac\u0131 Odas\u0131\u2019n\u0131n 25 Eyl\u00fcl D\u00fcnya Eczac\u0131l\u0131k G\u00fcn\u00fc\u2019nde ger\u00e7ekle\u015ftirilen 2021 Y\u0131l\u0131 Ola\u011fan Se\u00e7imli Genel Kurulu\u2019na kat\u0131ld\u0131. D\u00fcnya Eczac\u0131l\u0131k G\u00fcn\u00fc\u2019n\u00fc kutlayan Ba\u015fkan Vekili G\u00fclcan &hellip; <a href=\"https:\/\/akdenizolaygazetesi.com\/?p=14359\" class=\"more-link\">Devam\u0131n\u0131 Oku&#8230;<\/a><\/p>\n","protected":false},"author":2,"featured_media":14360,"comment_status":"open","ping_status":"open","sticky":false,"template":"","format":"standard","meta":[],"categories":[3,5],"tags":[],"_links":{"self":[{"href":"https:\/\/akdenizolaygazetesi.com\/index.php?rest_route=\/wp\/v2\/posts\/14359"}],"collection":[{"href":"https:\/\/akdenizolaygazetesi.com\/index.php?rest_route=\/wp\/v2\/posts"}],"about":[{"href":"https:\/\/akdenizolaygazetesi.com\/index.php?rest_route=\/wp\/v2\/types\/post"}],"author":[{"embeddable":true,"href":"https:\/\/akdenizolaygazetesi.com\/index.php?rest_route=\/wp\/v2\/users\/2"}],"replies":[{"embeddable":true,"href":"https:\/\/akdenizolaygazetesi.com\/index.php?rest_route=%2Fwp%2Fv2%2Fcomments&post=14359"}],"version-history":[{"count":1,"href":"https:\/\/akdenizolaygazetesi.com\/index.php?rest_route=\/wp\/v2\/posts\/14359\/revisions"}],"predecessor-version":[{"id":14361,"href":"https:\/\/akdenizolaygazetesi.com\/index.php?rest_route=\/wp\/v2\/posts\/14359\/revisions\/14361"}],"wp:featuredmedia":[{"embeddable":true,"href":"https:\/\/akdenizolaygazetesi.com\/index.php?rest_route=\/wp\/v2\/media\/14360"}],"wp:attachment":[{"href":"https:\/\/akdenizolaygazetesi.com\/index.php?rest_route=%2Fwp%2Fv2%2Fmedia&parent=14359"}],"wp:term":[{"taxonomy":"category","embeddable":true,"href":"https:\/\/akdenizolaygazetesi.com\/index.php?rest_route=%2Fwp%2Fv2%2Fcategories&post=14359"},{"taxonomy":"post_tag","embeddable":true,"href":"https:\/\/akdenizolaygazetesi.com\/index.php?rest_route=%2Fwp%2Fv2%2Ftags&post=14359"}],"curies":[{"name":"wp","href":"https:\/\/api.w.org\/{rel}","templated":true}]}}