{"id":14362,"date":"2021-09-26T10:35:07","date_gmt":"2021-09-26T07:35:07","guid":{"rendered":"http:\/\/akdenizolaygazetesi.com\/?p=14362"},"modified":"2021-09-26T10:35:07","modified_gmt":"2021-09-26T07:35:07","slug":"iple-ve-merdiven-teknigi-ile-kurtarma-operasyonu","status":"publish","type":"post","link":"https:\/\/akdenizolaygazetesi.com\/?p=14362","title":{"rendered":"\u0130PLE VE MERD\u0130VEN TEKN\u0130\u011e\u0130 \u0130LE KURTARMA OPERASYONU"},"content":{"rendered":"<p>Mersin B\u00fcy\u00fck\u015fehir Belediyesi, ana \u00e7\u00f6z\u00fcm orta\u011f\u0131 oldu\u011fu T\u00fcrkiye Afet M\u00fcdahale Plan\u0131 (TAMP) \u00e7er\u00e7evesinde ger\u00e7e\u011fi aratmayan bir yang\u0131n tatbikat\u0131 ger\u00e7ekle\u015ftirdi. AFAD g\u00f6zetiminde, \u0130tfaiye Dairesi taraf\u0131ndan Mezitli Grup Amirli\u011fi\u2019nde ger\u00e7ekle\u015ftirilen tatbikatta; olas\u0131 yerle\u015fim yeri, sanayi ve orman yang\u0131n\u0131 sonras\u0131 yap\u0131lan m\u00fcdahale \u015fekilleri i\u015flendi. \u0130ple ve merdivenle eri\u015fim tekni\u011fi ile yaral\u0131 kurtarma, ard\u0131ndan yang\u0131n s\u00f6nd\u00fcrme m\u00fcdahalesinin yap\u0131ld\u0131\u011f\u0131 tatbikatta kad\u0131n itfaiye personeli de i\u015f ba\u015f\u0131ndayd\u0131.<\/p>\n<p>\u0130p ve merdivenle eri\u015fim tekni\u011fi ile kurtarma operasyonu<\/p>\n<p>AFAD\u2019dan g\u00f6nderilen senaryo gere\u011fi merkez \u00fcss\u00fc Tarsus olan 7.0 b\u00fcy\u00fckl\u00fc\u011f\u00fcnde deprem ve sonras\u0131nda olu\u015fabilecek ikincil afetlere m\u00fcdahale konusunun i\u015flendi\u011fi tatbikatta; \u00e7\u0131kan yang\u0131n sonucu binada mahsur kalan ve \u00e7at\u0131ya \u00e7\u0131kan vatanda\u015f\u0131n kurtar\u0131lmas\u0131 i\u00e7in itfaiye ekipleri harekete ge\u00e7ti.<\/p>\n<p>Vatanda\u015f\u0131n mahsur kald\u0131\u011f\u0131 binaya gelen ekipler, itfaiye arac\u0131n\u0131n kovas\u0131 ile \u00e7at\u0131ya ula\u015farak yaral\u0131y\u0131 kurtard\u0131. Ard\u0131ndan orman gibi do\u011fa ko\u015fullar\u0131nda olabilecek kurtarma operasyonunda kullan\u0131lan iple kurtarma tekni\u011fi kat\u0131l\u0131mc\u0131lara uygulamal\u0131 olarak anlat\u0131ld\u0131. Tatbikat kapsam\u0131nda son olarak yang\u0131n s\u00f6nd\u00fcrme t\u00fcpleri ile de yang\u0131n s\u00f6nd\u00fcrme i\u015flemi yap\u0131ld\u0131.<\/p>\n<p>Olas\u0131 afet durumunda meydana gelebilecek yang\u0131nlara m\u00fcdahale ve mahsur kalan canl\u0131lar\u0131n kurtar\u0131lmas\u0131na y\u00f6nelik AFAD g\u00f6zetmenli\u011finde yap\u0131lan tatbikatta, destek \u00e7\u00f6z\u00fcm orta\u011f\u0131 olan \u0130l Jandarma Komutanl\u0131\u011f\u0131, \u0130l Emniyet, \u00c7evre ve \u015eehircilik, Orman B\u00f6lge ve Meteoroloji M\u00fcd\u00fcrl\u00fc\u011f\u00fc yetkilileri de yer ald\u0131.<\/p>\n<p>Afet s\u0131ras\u0131 ve sonras\u0131nda yap\u0131lacak en etkin m\u00fcdahale y\u00f6ntemleri anlat\u0131ld\u0131<\/p>\n<p>\u0130tfaiye Dairesi Ba\u015fkanl\u0131\u011f\u0131 Sivil Savunma \u015eube M\u00fcd\u00fcrl\u00fc\u011f\u00fc\u2019nde Sivil Savunma Amiri olarak g\u00f6rev yapan Mehmet Elal, TAMP\u2019ta bulunan 26 yerel d\u00fczeyde \u00e7al\u0131\u015fma grubundan biri olan Mersin B\u00fcy\u00fck\u015fehir Belediyesi\u2019nin sorumlulu\u011fundaki Yang\u0131n \u00c7al\u0131\u015fma Grubu\u2019nun g\u00f6revlerini anlatt\u0131. Y\u0131lda 1 kez yap\u0131lmas\u0131 zorunlu olan e\u011fitimin ve senaryo gere\u011fi ger\u00e7ekle\u015ftirilen tatbikat\u0131n detaylar\u0131n\u0131 da payla\u015fan Elal, \u201cDeprem sonras\u0131nda meydana gelen ikincil afetler dedi\u011fimiz afetlerde \u015fehrimizde sanayi b\u00f6lgesinde ve \u015fehrimizin belirli kesimlerinde yang\u0131nlar meydana geldi\u011fi, hasar g\u00f6ren baz\u0131 binalarda vatanda\u015flar\u0131m\u0131z\u0131n mahsur kald\u0131\u011f\u0131 bilgisini ald\u0131k. Hasarl\u0131 binada kalm\u0131\u015f olan vatanda\u015f\u0131n indirilmesi ve \u015fehrimizde muhtelif b\u00f6lgelerde \u00e7\u0131km\u0131\u015f olan yang\u0131nlar\u0131n s\u00f6nd\u00fcr\u00fclmesine m\u00fcdahale ettik\u201d dedi.<\/p>\n<p>Elal, afet \u00f6ncesinde, afet s\u0131ras\u0131nda ve sonras\u0131nda en etkin m\u00fccadele ve m\u00fcdahale \u015fekliyle, olu\u015fabilecek maddi ve manevi kayb\u0131n en aza indirmesinin ama\u00e7lad\u0131klar\u0131n\u0131 s\u00f6yleyerek, \u201cDi\u011fer kamu kurum ve kurulu\u015flar\u0131yla bir afet esnas\u0131nda nas\u0131l m\u00fccadele edece\u011fimizi, nas\u0131l d\u00fczenli ve koordineli bir \u015fekilde \u00e7al\u0131\u015faca\u011f\u0131m\u0131z\u0131 isti\u015fare ettik\u201d diye konu\u015ftu.<\/p>\n","protected":false},"excerpt":{"rendered":"<p>Mersin B\u00fcy\u00fck\u015fehir Belediyesi, ana \u00e7\u00f6z\u00fcm orta\u011f\u0131 oldu\u011fu T\u00fcrkiye Afet M\u00fcdahale Plan\u0131 (TAMP) \u00e7er\u00e7evesinde ger\u00e7e\u011fi aratmayan bir yang\u0131n tatbikat\u0131 ger\u00e7ekle\u015ftirdi. AFAD g\u00f6zetiminde, \u0130tfaiye Dairesi taraf\u0131ndan Mezitli Grup Amirli\u011fi\u2019nde ger\u00e7ekle\u015ftirilen tatbikatta; olas\u0131 &hellip; <a href=\"https:\/\/akdenizolaygazetesi.com\/?p=14362\" class=\"more-link\">Devam\u0131n\u0131 Oku&#8230;<\/a><\/p>\n","protected":false},"author":2,"featured_media":14363,"comment_status":"open","ping_status":"open","sticky":false,"template":"","format":"standard","meta":[],"categories":[2,3,5],"tags":[],"_links":{"self":[{"href":"https:\/\/akdenizolaygazetesi.com\/index.php?rest_route=\/wp\/v2\/posts\/14362"}],"collection":[{"href":"https:\/\/akdenizolaygazetesi.com\/index.php?rest_route=\/wp\/v2\/posts"}],"about":[{"href":"https:\/\/akdenizolaygazetesi.com\/index.php?rest_route=\/wp\/v2\/types\/post"}],"author":[{"embeddable":true,"href":"https:\/\/akdenizolaygazetesi.com\/index.php?rest_route=\/wp\/v2\/users\/2"}],"replies":[{"embeddable":true,"href":"https:\/\/akdenizolaygazetesi.com\/index.php?rest_route=%2Fwp%2Fv2%2Fcomments&post=14362"}],"version-history":[{"count":1,"href":"https:\/\/akdenizolaygazetesi.com\/index.php?rest_route=\/wp\/v2\/posts\/14362\/revisions"}],"predecessor-version":[{"id":14364,"href":"https:\/\/akdenizolaygazetesi.com\/index.php?rest_route=\/wp\/v2\/posts\/14362\/revisions\/14364"}],"wp:featuredmedia":[{"embeddable":true,"href":"https:\/\/akdenizolaygazetesi.com\/index.php?rest_route=\/wp\/v2\/media\/14363"}],"wp:attachment":[{"href":"https:\/\/akdenizolaygazetesi.com\/index.php?rest_route=%2Fwp%2Fv2%2Fmedia&parent=14362"}],"wp:term":[{"taxonomy":"category","embeddable":true,"href":"https:\/\/akdenizolaygazetesi.com\/index.php?rest_route=%2Fwp%2Fv2%2Fcategories&post=14362"},{"taxonomy":"post_tag","embeddable":true,"href":"https:\/\/akdenizolaygazetesi.com\/index.php?rest_route=%2Fwp%2Fv2%2Ftags&post=14362"}],"curies":[{"name":"wp","href":"https:\/\/api.w.org\/{rel}","templated":true}]}}