{"id":14365,"date":"2021-09-26T10:36:49","date_gmt":"2021-09-26T07:36:49","guid":{"rendered":"http:\/\/akdenizolaygazetesi.com\/?p=14365"},"modified":"2021-09-26T10:36:49","modified_gmt":"2021-09-26T07:36:49","slug":"kredi-ve-yurtlar-kurumu-butun-imkanlarini-seferber-etmeli","status":"publish","type":"post","link":"https:\/\/akdenizolaygazetesi.com\/?p=14365","title":{"rendered":"\u201cKRED\u0130 VE YURTLAR KURUMU B\u00dcT\u00dcN \u0130MK\u00c2NLARINI SEFERBER ETMEL\u0130\u201d"},"content":{"rendered":"<p>Mersin B\u00fcy\u00fck\u015fehir Belediye Ba\u015fkan\u0131 Vahap Se\u00e7er, TV100 ekranlar\u0131nda yay\u0131nlanan Mine Uzun ile \u2018Siyaset Alan\u0131\u2019 program\u0131n\u0131n canl\u0131 yay\u0131n konu\u011fu oldu. Mersin B\u00fcy\u00fck\u015fehir Belediye Meclisi\u2019nden bor\u00e7lanma alamad\u0131klar\u0131n\u0131 vurgulayan Ba\u015fkan Se\u00e7er, gelecek Meclis toplant\u0131s\u0131na 2022 y\u0131l\u0131n\u0131n b\u00fct\u00e7esini getireceklerini bildirdi. Se\u00e7er, metro projesinin Mersin\u2019i marka kent haline getirece\u011fini s\u00f6yledi.<\/p>\n<p>Mine Uzun\u2019un, Mersin\u2019deki ho\u015fg\u00f6r\u00fc ortam\u0131ndan s\u00f6z etmesi \u00fczerine Ba\u015fkan Se\u00e7er, her k\u00fclt\u00fcrden insan\u0131n Mersin\u2019de karde\u015f\u00e7e ya\u015fad\u0131\u011f\u0131n\u0131 vurgulad\u0131. Se\u00e7er, \u201cHer ge\u00e7en g\u00fcn de bunu tahkim etmeye \u00e7al\u0131\u015f\u0131yoruz. Netice itibariyle kentin belediye ba\u015fkan\u0131n\u0131n d\u00fc\u015f\u00fcnceleri, ya\u015fam tarz\u0131, giyimi, ku\u015fam\u0131, hatta renk se\u00e7imi dahi \u015fehre yans\u0131yor. Benim de d\u00fc\u015f\u00fcncelerim zaten hangi renkten olursa olsun, insanlar\u0131n karde\u015f\u00e7e bir arada ya\u015famas\u0131. Ben Belediye Ba\u015fkan\u0131 olarak b\u00f6yle davran\u0131yorum\u201d dedi. Ba\u015fkan Se\u00e7er, bir\u00e7ok k\u00fclt\u00fcr\u00fc b\u00fcnyesinde bar\u0131nd\u0131ran, 16 bin kilometrekare alana sahip Mersin\u2019in \u00e7ok kadim bir co\u011frafya oldu\u011funu ancak yeteri kadar tan\u0131t\u0131lmad\u0131\u011f\u0131n\u0131 ifade etti.<\/p>\n<p>\u201cK\u00fclt\u00fcr ve sanat da \u00f6ncelikli ihtiya\u00e7lardan\u201d<\/p>\n<p>Mersin\u2019de ger\u00e7ekle\u015ftirilen k\u00fclt\u00fcr-sanat etkinliklerinden s\u00f6z eden Ba\u015fkan Se\u00e7er, 3 Ekim\u2019de B\u00fcy\u00fck\u015fehir Belediyesi\u2019nin organizasyonuyla Rus K\u0131z\u0131lordu Korosu\u2019nun ve Haluk Levent\u2019in sahne alaca\u011f\u0131n\u0131 aktard\u0131. Se\u00e7er, \u201cBu tip etkinlikleri destekleme nedenimiz bu kent mozai\u011fini, bu farkl\u0131 k\u00fclt\u00fcrleri, farkl\u0131 me\u015frepleri bir arada ya\u015fatmak, bir araya getirmek\u201d ifadelerini kulland\u0131. Belediye olarak imkanlar\u0131 \u00f6l\u00e7\u00fcs\u00fcnde k\u00fclt\u00fcr ve sanata \u00e7ok ayr\u0131 bir yer a\u00e7t\u0131klar\u0131n\u0131 ifade eden Se\u00e7er, \u201cMersin \u00f6zelinde bu \u00e7ok de\u011ferli. \u0130\u015fte bu s\u00f6yledi\u011fimiz etkinlikler, festivaller, \u015fark\u0131, t\u00fcrk\u00fc, folklor, bu insanlar\u0131 bir arada tutuyor, kayna\u015ft\u0131r\u0131yor. Muazzam bir iklim yarat\u0131yor bize\u201d dedi.<\/p>\n<p>\u201cMersin B\u00fcy\u00fck\u015fehir Belediyesi, tarihin en \u00f6nemli belediye yat\u0131r\u0131m\u0131n\u0131 yap\u0131yor\u201d<\/p>\n<p>Metro projesi ile ilgili de bilgiler veren Ba\u015fkan Se\u00e7er, \u201c\u015eimdi metro i\u00e7in 1 milyar lira civar\u0131nda bir bono ihrac\u0131 i\u00e7in Meclis\u2019ten bor\u00e7lanma yetkisi ald\u0131k. Tarihin en \u00f6nemli belediye yat\u0131r\u0131m\u0131n\u0131 yap\u0131yor Mersin B\u00fcy\u00fck\u015fehir Belediyesi. 13.4 kilometre yeralt\u0131 rayl\u0131 sistem ya da metro da diyebiliriz, kente muazzam \u00f6nem ve de\u011fer katacak, marka kent haline getirecek bir proje. \u015eimdi bunun da Hazine\u2019den onay\u0131, daha \u00f6nce yat\u0131r\u0131m program\u0131na al\u0131nmas\u0131 i\u00e7in bir s\u00fcre ge\u00e7ti. Bunlar ayr\u0131 bir \u015fey ve bekliyoruz. Ama zaman kaybediyorsunuz\u201d ifadelerini kulland\u0131.<\/p>\n<p>\u201c\u00d6n\u00fcm\u00fczdeki Meclis\u2019te 2022 y\u0131l\u0131n\u0131n b\u00fct\u00e7esini getirece\u011fiz\u201d<\/p>\n<p>Mine Uzun\u2019un \u201cBor\u00e7lanma yetkisini Belediye Ba\u015fkan\u0131na vermiyorlar m\u0131?\u201d sorusunu yan\u0131tlayan Ba\u015fkan Se\u00e7er, \u201cVermiyorlar, alam\u0131yoruz ya da Meclis\u2019ten b\u00f6yle bir karar \u00e7\u0131kartam\u0131yorum. Ben tamamen politik oldu\u011funu d\u00fc\u015f\u00fcn\u00fcyorum. Hukuki olarak biz yarg\u0131ya da g\u00f6t\u00fcrd\u00fck. Ge\u00e7ti\u011fimiz y\u0131l da alamam\u0131\u015ft\u0131k\u201d dedi. Se\u00e7er, IBRD kredisiyle alacaklar\u0131 otob\u00fcsler i\u00e7in de, \u201c10 ayd\u0131r Ankara\u2019da imza a\u015famas\u0131, Cumhurba\u015fkan\u0131 imzalad\u0131. \u015eimdi Hazine imzalayacak, Strateji Daire Ba\u015fkanl\u0131\u011f\u0131\u2019nda inceleniyor. S\u00fcre kaybediyorsunuz\u201d diye konu\u015ftu. Ba\u015fkan Se\u00e7er, \u015funlar\u0131 s\u00f6yledi:<\/p>\n<p>\u201c\u015eimdi \u00f6n\u00fcm\u00fczdeki Meclis\u2019te biz 2022 y\u0131l\u0131n\u0131n b\u00fct\u00e7esini getirece\u011fiz, tart\u0131\u015faca\u011f\u0131z, konu\u015faca\u011f\u0131z. Diyece\u011fiz ki \u20183 milyar 650 milyon lira 2022 y\u0131l\u0131nda Mersin B\u00fcy\u00fck\u015fehir Belediyesi\u2019nin b\u00fct\u00e7esi. Gider kalemimiz bunlar, gelir kalemimiz bunlar\u2019. Hepsini yazaca\u011f\u0131z. \u015euraya bunu harcayaca\u011f\u0131z, personel giderimiz bu, yat\u0131r\u0131mlar\u0131m\u0131z bunlar. Bunlar da gelir kalemlerimiz. Maliye\u2019den, \u0130ller Bankas\u0131\u2019ndan, \u00f6z gelirlerimiz. Diyece\u011fiz ki \u20183 milyar 250 milyon lira gelir var, 3 milyar 650 milyon lira da gider var. Arada b\u00fct\u00e7e denkli\u011fi i\u00e7in 400 milyon var. Onu da bor\u00e7lanma kalemine alaca\u011f\u0131z. Bu b\u00fct\u00e7eyi kabul ediyor musun Meclis? Kabul edenler, etmeyenler\u2019. \u2018Ediyoruz\u2019. Sonra 1 y\u0131l ge\u00e7iyor. 2022&#8217;ye geliyoruz. Diyoruz ki, \u2018Biz bu borcu kullanmak istiyoruz\u2019. \u2018Hay\u0131r, kullanamazs\u0131n\u2019 diyor. \u015eimdi s\u0131k\u0131nt\u0131 burada. Bunlar hukuki de\u011fil. Bunlar tamamen siyasi tav\u0131rlar.\u201d<\/p>\n<p>Ba\u015fkan Se\u00e7er, Cumhur \u0130ttifak\u0131\u2019na mensup belediyelere olan bak\u0131\u015f a\u00e7\u0131s\u0131 ile CHP\u2019li belediyelere olan bak\u0131\u015f a\u00e7\u0131s\u0131n\u0131n ayn\u0131 olmas\u0131n\u0131 arzu etti\u011fini ifade ederek, ya\u015fanan tart\u0131\u015fmalardan yerel y\u00f6netimleri olumsuz etkilendi\u011fini, hizmetlerde gecikme ya\u015fand\u0131\u011f\u0131n\u0131 s\u00f6yledi.<\/p>\n<p>Ba\u015fkan Se\u00e7er hayata ge\u00e7irdikleri sosyal projeleri anlatt\u0131<\/p>\n<p>Ba\u015fkan Se\u00e7er, Mahalle Mutfaklar\u0131\u2019ndan Evde Sa\u011fl\u0131k ve Bak\u0131m Hizmetlerine, \u0130lk \u00c7antam projesinden Toptanc\u0131 Hali i\u00e7erisinde a\u00e7t\u0131klar\u0131 kre\u015fe kadar bir\u00e7ok alanda hayata ge\u00e7irdikleri sosyal projeleri de anlatt\u0131. Sosyal belediyecili\u011fi t\u00fcm il geneline yayd\u0131klar\u0131n\u0131n alt\u0131n\u0131 \u00e7izen Se\u00e7er, \u201cSosyal politikalar bizim Mersin i\u00e7in \u00e7ok \u00f6nemli bir alan, \u00e7ok da etkin \u00e7al\u0131\u015f\u0131lmas\u0131 gereken bir alan\u201d dedi.<\/p>\n<p>Spor konusunda yetenekli olan k\u0131z \u00e7ocuklar\u0131n\u0131n e\u011fitildi\u011fi K\u0131r \u00c7i\u00e7ekleri Projesi\u2019ni detayl\u0131 olarak anlatan Se\u00e7er, \u201cK\u0131r \u00c7i\u00e7ekleri de asl\u0131nda e\u011fitimde f\u0131rsat e\u015fitli\u011fi. Hani da\u011f\u0131n ba\u015f\u0131nda bir nadide, endemik bitki. Gidip onu ke\u015ffetmezseniz, g\u00f6z \u00f6n\u00fcne getirmezseniz kimse onun muazzam, nadide bir bitki oldu\u011funu bilmez. Biz Toroslar\u2019\u0131n eteklerinden, ovalar\u0131ndan o K\u0131r \u00c7i\u00e7ekleri\u2019ni, o endemik bitkileri, nadide bitkileri bir \u015fekilde ke\u015ffediyoruz\u201d dedi. Gelecek y\u0131l kapasitelerini 2 kat\u0131na \u00e7\u0131karacaklar\u0131n\u0131 anlatan Se\u00e7er, \u201cMersinli d\u00fcnya \u015fampiyonu k\u0131z\u0131m\u0131z\u0131 oradan yeti\u015ftirebilirsek; in\u015fallah bunu g\u00f6rebiliriz umut ediyorum; bu bizim i\u00e7in de \u00e7ok b\u00fcy\u00fck bir de\u011fer\u201d ifadelerini kulland\u0131.<\/p>\n<p>\u201cKredi ve Yurtlar Kurumu b\u00fct\u00fcn imk\u00e2nlar\u0131n\u0131 seferber etmeli\u201d<\/p>\n<p>Ba\u015fkan Se\u00e7er, \u00fclke g\u00fcndemini me\u015fgul eden yurt sorunu konusuna da de\u011findi. Kendi g\u00f6rev alanlar\u0131 olmamas\u0131na ra\u011fmen bu konuda da \u00e7al\u0131\u015fmalar yapt\u0131klar\u0131n\u0131 belirten Se\u00e7er, \u201cBizim k\u0131rsalda bir misafirhanemiz var. 108 \u00f6\u011frenci kapasiteli, 68 k\u0131z, 40 erkek. G\u00fclnar- Karaman s\u0131n\u0131r\u0131n\u0131 d\u00fc\u015f\u00fcn\u00fcn. \u00c7ok k\u0131rsal bir yer oldu\u011fu i\u00e7in \u00f6zellikle anlat\u0131yorum. Orada \u00f6n\u00fcm\u00fczdeki hafta hizmete giriyor. Orada Meslek Y\u00fcksekokulu var. G\u00fclnar&#8217;\u0131n k\u00f6ylerinden merkeze gelip lisede okuyacak \u00e7ocuklar\u0131n da kalacak yeri yok. \u015eimdi biz iki g\u00f6revi bir arada yapmaya \u00e7al\u0131\u015f\u0131yoruz. \u00d6zellikle bu yurt krizinden sonra. Merkezde de yeni bir yurt yap\u0131m\u0131 devam ediyor bizde. 120 yatakl\u0131 o da\u201d dedi.<\/p>\n<p>Yurt problemini \u00e7\u00f6zme konusunda birinci derecede sorumlunun Kredi ve Yurtlar Kurumu oldu\u011funu an\u0131msatan Se\u00e7er, \u201cKredi ve Yurtlar Kurumu b\u00fct\u00fcn imk\u00e2nlar\u0131n\u0131 seferber etmeli. B\u00fct\u00e7e onlarda, imkan onlarda, mevzuat onlar\u0131 imkanl\u0131 k\u0131l\u0131yor. Bu a\u00e7\u0131\u011f\u0131 onlar\u0131n g\u00f6rmesi laz\u0131m. Yani pandemi vesaire bu tip gerek\u00e7elerin arkas\u0131na s\u0131\u011f\u0131nmalar\u0131n\u0131 da \u00e7ok do\u011fru bulmuyorum. Bu ger\u00e7ekten \u00e7ok s\u0131k\u0131nt\u0131l\u0131 bir durum. Bir an \u00f6nce de el atmalar\u0131 gerekiyor. Sadece Mersin B\u00fcy\u00fck\u015fehir Belediyesi de\u011fil bir\u00e7ok b\u00f6lgede belediyeler bu i\u015fe el atm\u0131\u015f durumda. \u0130l\u00e7e belediyeleri de bu konuda hassas davran\u0131yorlar\u201d ifadelerine yer verdi.<\/p>\n<p>Lisans \u00f6\u011frencilerine sa\u011flad\u0131klar\u0131 1400 TL \u00f6\u011frenim yard\u0131m\u0131n\u0131 1600 TL\u2019ye \u00e7\u0131kard\u0131klar\u0131n\u0131 ve \u00f6n lisans \u00f6\u011frencilerine de 500 TL \u00f6\u011frenim yard\u0131m\u0131 i\u00e7in Meclis\u2019ten onay ald\u0131klar\u0131n\u0131 belirten Ba\u015fkan Se\u00e7er, ula\u015f\u0131m\u0131n 2024 y\u0131l\u0131na kadar \u00f6\u011frencilere 1 TL oldu\u011funu vurgulad\u0131.<\/p>\n<p>Mersin\u2019de tar\u0131m ve hayvanc\u0131l\u0131\u011fa y\u00f6nelik hayata ge\u00e7irdikleri projelere de\u011finen Ba\u015fkan Se\u00e7er, fide ve fidan desteklerinden ekipmanlara kadar bir\u00e7ok alanda destek sunduklar\u0131n\u0131 s\u00f6yledi. Kooperatif\u00e7ilik konusuna da de\u011finen Se\u00e7er, B\u00fcy\u00fck\u015fehir Belediyesi olarak Mersinden Kad\u0131n Kooperatifi\u2019yle bir\u00e7ok ortak proje yapt\u0131klar\u0131n\u0131 s\u00f6yledi. Silifke\u2019de bulunan ve Ulu \u00d6nder Mustafa Kemal Atat\u00fcrk\u2019\u00fcn emaneti olan Gazi \u00c7iftli\u011fi\u2019ne yeniden i\u015flev kazand\u0131rd\u0131klar\u0131n\u0131 anlatan Se\u00e7er, \u201cMersin B\u00fcy\u00fck\u015fehir Belediyesi ile Mersinden Kad\u0131n Kooperatifi oray\u0131 halka a\u00e7t\u0131. \u0130nsanlar oralar\u0131 ziyaret ediyor. O b\u00f6lgedeki insanlar orada e\u011fitim al\u0131yorlar, farkl\u0131 alanlarda e\u011fitim verebiliyoruz. K\u00f6yl\u00fc kad\u0131nlar\u0131n ekonomik hayata katk\u0131lar\u0131n\u0131 sa\u011flayabilecek \u00fcretim kalemlerinin \u00f6\u011fretilmesi orada sa\u011flan\u0131yor ve \u00e7ok say\u0131da da ziyaret\u00e7isi var. Tabi ki Gazi \u00c7iftli\u011fi sembolik olarak da \u00e7ok \u00f6nemli, \u00e7ok de\u011ferli. Tarihi bir mekan oras\u0131. 1930\u2019lu y\u0131llar\u0131n havas\u0131n\u0131 ya\u015fat\u0131yor size. Mustafa Kemal Atat\u00fcrk&#8217;\u00fc an\u0131msat\u0131yor. O d\u00f6nemde T\u00fcrkiye&#8217;nin kalk\u0131nmas\u0131 y\u00f6n\u00fcnde \u00e7abalar\u0131n ne kadar iyi niyetle sarf edildi\u011fini ortaya \u00e7\u0131kar\u0131yor\u201d dedi.<\/p>\n","protected":false},"excerpt":{"rendered":"<p>Mersin B\u00fcy\u00fck\u015fehir Belediye Ba\u015fkan\u0131 Vahap Se\u00e7er, TV100 ekranlar\u0131nda yay\u0131nlanan Mine Uzun ile \u2018Siyaset Alan\u0131\u2019 program\u0131n\u0131n canl\u0131 yay\u0131n konu\u011fu oldu. Mersin B\u00fcy\u00fck\u015fehir Belediye Meclisi\u2019nden bor\u00e7lanma alamad\u0131klar\u0131n\u0131 vurgulayan Ba\u015fkan Se\u00e7er, gelecek Meclis &hellip; <a href=\"https:\/\/akdenizolaygazetesi.com\/?p=14365\" class=\"more-link\">Devam\u0131n\u0131 Oku&#8230;<\/a><\/p>\n","protected":false},"author":2,"featured_media":14366,"comment_status":"open","ping_status":"open","sticky":false,"template":"","format":"standard","meta":[],"categories":[2,3,5],"tags":[],"_links":{"self":[{"href":"https:\/\/akdenizolaygazetesi.com\/index.php?rest_route=\/wp\/v2\/posts\/14365"}],"collection":[{"href":"https:\/\/akdenizolaygazetesi.com\/index.php?rest_route=\/wp\/v2\/posts"}],"about":[{"href":"https:\/\/akdenizolaygazetesi.com\/index.php?rest_route=\/wp\/v2\/types\/post"}],"author":[{"embeddable":true,"href":"https:\/\/akdenizolaygazetesi.com\/index.php?rest_route=\/wp\/v2\/users\/2"}],"replies":[{"embeddable":true,"href":"https:\/\/akdenizolaygazetesi.com\/index.php?rest_route=%2Fwp%2Fv2%2Fcomments&post=14365"}],"version-history":[{"count":1,"href":"https:\/\/akdenizolaygazetesi.com\/index.php?rest_route=\/wp\/v2\/posts\/14365\/revisions"}],"predecessor-version":[{"id":14367,"href":"https:\/\/akdenizolaygazetesi.com\/index.php?rest_route=\/wp\/v2\/posts\/14365\/revisions\/14367"}],"wp:featuredmedia":[{"embeddable":true,"href":"https:\/\/akdenizolaygazetesi.com\/index.php?rest_route=\/wp\/v2\/media\/14366"}],"wp:attachment":[{"href":"https:\/\/akdenizolaygazetesi.com\/index.php?rest_route=%2Fwp%2Fv2%2Fmedia&parent=14365"}],"wp:term":[{"taxonomy":"category","embeddable":true,"href":"https:\/\/akdenizolaygazetesi.com\/index.php?rest_route=%2Fwp%2Fv2%2Fcategories&post=14365"},{"taxonomy":"post_tag","embeddable":true,"href":"https:\/\/akdenizolaygazetesi.com\/index.php?rest_route=%2Fwp%2Fv2%2Ftags&post=14365"}],"curies":[{"name":"wp","href":"https:\/\/api.w.org\/{rel}","templated":true}]}}