{"id":14368,"date":"2021-09-27T12:21:42","date_gmt":"2021-09-27T09:21:42","guid":{"rendered":"http:\/\/akdenizolaygazetesi.com\/?p=14368"},"modified":"2021-09-27T12:21:42","modified_gmt":"2021-09-27T09:21:42","slug":"evimiz-atolye-ile-elde-var-yetenek-evde-var-ekmek","status":"publish","type":"post","link":"https:\/\/akdenizolaygazetesi.com\/?p=14368","title":{"rendered":"EV\u0130M\u0130Z AT\u00d6LYE \u0130LE \u2018ELDE VAR YETENEK, EVDE VAR EKMEK\u2019"},"content":{"rendered":"<p>Mersin B\u00fcy\u00fck\u015fehir Belediyesi Kad\u0131n ve Aile Hizmetleri Dairesi G\u00f6n\u00fcll\u00fcler \u015eube M\u00fcd\u00fcrl\u00fc\u011f\u00fc\u2019n\u00fcn Mersinden Kad\u0131n Kooperatifi\u2019yle i\u015f birli\u011fi i\u00e7erisinde \u2018Elde Var Yetenek, Evde Var Ekmek\u2019 slogan\u0131yla y\u00fcr\u00fctt\u00fc\u011f\u00fc \u201cEvimiz At\u00f6lye\u201d projesinin \u00fc\u00e7\u00fcnc\u00fc dura\u011f\u0131 Tarsus\u2019a ba\u011fl\u0131 Ye\u015fil Mahalle oldu.<\/p>\n<p>Proje, Mevlana ve Turgutreis Mahallelerinden ba\u015flam\u0131\u015ft\u0131<\/p>\n<p>Evde gizli kalm\u0131\u015f kad\u0131n i\u015f g\u00fcc\u00fcn\u00fc ortaya \u00e7\u0131kart\u0131p ekonomik de\u011fere d\u00f6n\u00fc\u015ft\u00fcrmeyi ama\u00e7layan proje, ilk olarak Toroslar il\u00e7esine ba\u011fl\u0131 Mevlana ile Akdeniz il\u00e7esine ba\u011fl\u0131 Turgutreis Mahallelerinden ba\u015flam\u0131\u015ft\u0131. \u0130ki pilot b\u00f6lgede B\u00fcy\u00fck\u015fehir\u2019in g\u00f6n\u00fcll\u00fcleri taraf\u0131ndan e\u011fitim alan kad\u0131nlar, yine B\u00fcy\u00fck\u015fehir\u2019in sa\u011flad\u0131\u011f\u0131 malzemelerle \u00e7oraptan oyuncak \u00fcretimine ba\u015flam\u0131\u015ft\u0131. B\u00fcy\u00fck\u015fehir taraf\u0131ndan al\u0131nan oyuncaklar kentteki \u00e7ocuklara hediye edilirken, kad\u0131nlara da ekonomik kazan\u00e7 sa\u011fland\u0131.<\/p>\n<p>\u201cEvlerde oturan gizli bir kad\u0131n i\u015f g\u00fcc\u00fc oldu\u011funun fark\u0131nday\u0131z\u201d<\/p>\n<p>Projenin \u00fc\u00e7\u00fcnc\u00fc noktas\u0131 olan Tarsus\u2019a ba\u011fl\u0131 Ye\u015fil Mahalle\u2019de kurulan \u00fcretim stantlar\u0131nda da kad\u0131nlar bir araya gelerek \u00fcretimlere ba\u015flad\u0131. Kad\u0131nlar\u0131; Mersinden Kad\u0131n Kooperatifi Ba\u015fkan\u0131 ve B\u00fcy\u00fck\u015fehir\u2019in \u0130lk G\u00f6n\u00fcll\u00fc \u00dcyesi Meral Se\u00e7er\u2019in yan\u0131 s\u0131ra Kad\u0131n ve Aile Hizmetleri Dairesi Ba\u015fkan\u0131 \u015eerife Haso\u011flu Dokucu, Tarsus-\u00c7aml\u0131yayla \u015eube M\u00fcd\u00fcr\u00fc Soner Yetkin, CHP Tarsus \u0130l\u00e7e Ba\u015fkan\u0131 Ozan Varal, CHP Tarsus \u0130l\u00e7e Kad\u0131n Kollar\u0131 Ba\u015fkan\u0131 Belda Boro\u011flu ve Ye\u015fil Mahalle Muhtar\u0131 Emrah Kara ziyaret etti.<\/p>\n<p>Meral Se\u00e7er, projede b\u00fcy\u00fck eme\u011fi ge\u00e7en G\u00f6n\u00fcll\u00fcler \u015eube M\u00fcd\u00fcrl\u00fc\u011f\u00fc Koordinat\u00f6r\u00fc Melike Dursun ve Mersinden Kad\u0131n Kooperatifi Kurucu Orta\u011f\u0131 G\u00fclten \u00c7avu\u015f\u2019u tan\u0131tarak, projenin amac\u0131ndan bahsetti. Se\u00e7er, \u015funlar\u0131 s\u00f6yledi:<\/p>\n<p>\u201cGenelde ba\u011f\u0131, bah\u00e7esi olan kad\u0131nlar\u0131m\u0131z var, yine bir \u015feyler \u00fcretebiliyorlar, satabiliyorlar. \u00d6\u011fretmen, hem\u015fire gibi meslek sahibi olan kad\u0131nlar\u0131m\u0131z var. Bunun yan\u0131nda evlerde oturan gizli bir kad\u0131n i\u015f g\u00fcc\u00fc oldu\u011funun da fark\u0131nday\u0131z. \u00c7\u00fcnk\u00fc kad\u0131nlar\u0131m\u0131z ger\u00e7ekten \u00e7ok emektar, \u00e7ok becerikli. Hem \u00e7ocu\u011funa bak\u0131yor, aile d\u00fczenini sa\u011fl\u0131yor hem de b\u00fcy\u00fcklerine bak\u0131yor, bir\u00e7ok sorumlulu\u011fu bir arada ta\u015f\u0131yor ve olduk\u00e7a becerikliler. Evde kad\u0131n gizli i\u015f g\u00fcc\u00fcn\u00fcn ortaya \u00e7\u0131kar\u0131lmas\u0131n\u0131 nas\u0131l sa\u011flayabiliriz diye d\u00fc\u015f\u00fcnd\u00fc\u011f\u00fcm\u00fczde bunu ilgili birimler ve Ba\u015fkan\u0131m\u0131zla da payla\u015ft\u0131k.\u201d<\/p>\n<p>B\u00fcy\u00fck\u015fehir Belediye Ba\u015fkan\u0131 Vahap Se\u00e7er\u2019in de baz\u0131 organizasyonlarda \u00e7ocuklara hediye etti\u011fi oyuncaklar\u0131n bir k\u0131sm\u0131n\u0131 kad\u0131nlar\u0131n \u00fcretmesini istemesi \u00fczerine projenin ilk \u00fcretimlerine ba\u015flad\u0131klar\u0131n\u0131 kaydeden Meral Se\u00e7er, \u201cB\u00f6ylelikle sizlere ek bir gelir elde etme imkan\u0131 sa\u011flanm\u0131\u015f oldu. G\u00f6n\u00fcll\u00fc hocalar\u0131m\u0131zla \u00e7oraptan oyuncak projesiyle ba\u015flad\u0131k. Bundan sonra farkl\u0131 fikirler de ortaya \u00e7\u0131kabilir. \u0130\u015fte tam da bu farkl\u0131 fikirler noktas\u0131nda sizlerle kar\u015f\u0131l\u0131kl\u0131 yapaca\u011f\u0131m\u0131z g\u00f6r\u00fc\u015f al\u0131\u015fveri\u015fleri bize k\u0131lavuz olacak\u201d dedi.<\/p>\n<p>\u201cFikirleri kaydediyoruz, projelerde kullanmaya \u00e7al\u0131\u015f\u0131yoruz\u201d<\/p>\n<p>Kad\u0131n ve Aile Hizmetleri Dairesi Ba\u015fkan\u0131 \u015eerife Hasao\u011flu Dokucu, bir arada yeni fikirlerin de do\u011fabilece\u011fini belirterek, \u201cEvimiz At\u00f6lye \u00e7al\u0131\u015fmalar\u0131 kapsam\u0131nda veya b\u00f6lgenizde yap\u0131lmas\u0131 gereken \u00e7al\u0131\u015fmalarla ilgili bize fikir vermek isterseniz, arkada\u015flar hepsini not edecekler. Biz bu tip toplant\u0131larda fikirleri kaydediyoruz, y\u0131l boyunca yapaca\u011f\u0131m\u0131z projelerde kullanmaya \u00e7al\u0131\u015f\u0131yoruz\u201d dedi.<\/p>\n<p>\u201cAdaletli hizmetin ad\u0131d\u0131r Say\u0131n Vahap Se\u00e7er\u201d<\/p>\n<p>CHP Tarsus \u0130l\u00e7e Ba\u015fkan\u0131 Ozan Varal, her alana e\u015fit hizmetin gitti\u011fini vurgulayarak, \u201cAdaletli hizmetin ad\u0131d\u0131r Say\u0131n Vahap Se\u00e7er. Ger\u00e7ekten ayr\u0131m yap\u0131lmadan, kentte ya\u015fayan t\u00fcm insanlara adaletli hizmeti ve \u00f6zellikle kad\u0131nlar\u0131n, \u00e7ocuklar\u0131n hak etti\u011fi de\u011ferli hizmetleri s\u00fcrd\u00fcr\u00fcyor\u201d diye konu\u015ftu.<\/p>\n<p>\u201c\u00dcretimden gelen mutlulu\u011fu ya\u015f\u0131yorsunuz\u201d<\/p>\n<p>Ye\u015fil Mahalle Muhtar\u0131 Emrah Kara, \u00fcretmenin insan\u0131 mutlu etti\u011fini ifade ederek, \u201cUzun s\u00fcre bir araya gelemememin vermi\u015f oldu\u011fu s\u0131k\u0131nt\u0131y\u0131 ya\u015f\u0131yorduk. Bir insan \u00fcretince mutlu olur. Birbirinden g\u00fczel \u00fcr\u00fcnler \u00fcretiyorsunuz. Bu \u00fcretimden gelen mutlulu\u011fu ya\u015f\u0131yorsunuz\u201d dedi.<\/p>\n<p>\u201cDaha \u00f6nce hi\u00e7 yapmam\u0131\u015ft\u0131m, burada ilk defa yapt\u0131m\u201d<\/p>\n<p>Endonezya\u2019dan gelen ve 24 y\u0131ld\u0131r Ye\u015fil Mahalle\u2019de ya\u015fad\u0131\u011f\u0131n\u0131 belirten Alisa Bozna, bug\u00fcne kadar \u00e7oraptan oyuncak yapmad\u0131\u011f\u0131n\u0131 s\u00f6yleyerek, \u201c\u0130lk defa burada yapt\u0131m. 2 haftada \u00f6\u011frendim. Ba\u015fkan, ev han\u0131mlar\u0131na \u00fcretsin, evde oturmas\u0131nlar, el becerileri geli\u015fsin diye imkan verdi. Bu imkan i\u00e7in te\u015fekk\u00fcr ederim\u201d dedi.<\/p>\n<p>\u201c4 ki\u015fiyle geldik, sonra 27 ki\u015fi olduk\u201d<\/p>\n<p>Elindeki i\u015fleri hevesle yapt\u0131\u011f\u0131n\u0131 s\u00f6yleyen Ay\u015feg\u00fcl Serino\u011flu ise \u201cBa\u015fta Vahap Bey olmak \u00fczere, e\u015fi Meral Han\u0131m\u2019a \u00e7ok te\u015fekk\u00fcr ediyoruz. Ben zaten hevesliydim. Bunlar\u0131 bitirdikten sonra herhalde belediye bize malzemeleri getirecek, ondan sonra bizden geri alarak b\u00fct\u00e7eye katk\u0131 sa\u011flayacak. \u0130lk ba\u015fta 4 ki\u015fiyle geldik, sonra 27 ki\u015fi olduk. Herkes etraf\u0131na s\u00f6yledi. Ben de ye\u011fenime s\u00f6yledim. O da memnun\u201d diye konu\u015ftu.<\/p>\n<p>\u201cAile b\u00fct\u00e7emize bir katk\u0131 olarak bize geri d\u00f6necek\u201d<\/p>\n<p>Fatih Mahallesi\u2019nden projeye kat\u0131lan Serino\u011flu\u2019nun ye\u011feni Neslihan Seyyar daha \u00f6nce evinde oyuncak yapt\u0131\u011f\u0131n\u0131 dile getirerek, \u201cBunlar\u0131 \u00f6nceden biz yap\u0131yorduk ama kimse g\u00f6rm\u00fcyordu. B\u00f6yle faaliyetler olmas\u0131 \u00e7ok g\u00fczel, \u00e7ok memnunuz. Aile b\u00fct\u00e7emize bir katk\u0131 olarak bize geri d\u00f6necek\u201d dedi.<\/p>\n","protected":false},"excerpt":{"rendered":"<p>Mersin B\u00fcy\u00fck\u015fehir Belediyesi Kad\u0131n ve Aile Hizmetleri Dairesi G\u00f6n\u00fcll\u00fcler \u015eube M\u00fcd\u00fcrl\u00fc\u011f\u00fc\u2019n\u00fcn Mersinden Kad\u0131n Kooperatifi\u2019yle i\u015f birli\u011fi i\u00e7erisinde \u2018Elde Var Yetenek, Evde Var Ekmek\u2019 slogan\u0131yla y\u00fcr\u00fctt\u00fc\u011f\u00fc \u201cEvimiz At\u00f6lye\u201d projesinin \u00fc\u00e7\u00fcnc\u00fc dura\u011f\u0131 &hellip; <a href=\"https:\/\/akdenizolaygazetesi.com\/?p=14368\" class=\"more-link\">Devam\u0131n\u0131 Oku&#8230;<\/a><\/p>\n","protected":false},"author":2,"featured_media":14369,"comment_status":"open","ping_status":"open","sticky":false,"template":"","format":"standard","meta":[],"categories":[3,5],"tags":[],"_links":{"self":[{"href":"https:\/\/akdenizolaygazetesi.com\/index.php?rest_route=\/wp\/v2\/posts\/14368"}],"collection":[{"href":"https:\/\/akdenizolaygazetesi.com\/index.php?rest_route=\/wp\/v2\/posts"}],"about":[{"href":"https:\/\/akdenizolaygazetesi.com\/index.php?rest_route=\/wp\/v2\/types\/post"}],"author":[{"embeddable":true,"href":"https:\/\/akdenizolaygazetesi.com\/index.php?rest_route=\/wp\/v2\/users\/2"}],"replies":[{"embeddable":true,"href":"https:\/\/akdenizolaygazetesi.com\/index.php?rest_route=%2Fwp%2Fv2%2Fcomments&post=14368"}],"version-history":[{"count":1,"href":"https:\/\/akdenizolaygazetesi.com\/index.php?rest_route=\/wp\/v2\/posts\/14368\/revisions"}],"predecessor-version":[{"id":14370,"href":"https:\/\/akdenizolaygazetesi.com\/index.php?rest_route=\/wp\/v2\/posts\/14368\/revisions\/14370"}],"wp:featuredmedia":[{"embeddable":true,"href":"https:\/\/akdenizolaygazetesi.com\/index.php?rest_route=\/wp\/v2\/media\/14369"}],"wp:attachment":[{"href":"https:\/\/akdenizolaygazetesi.com\/index.php?rest_route=%2Fwp%2Fv2%2Fmedia&parent=14368"}],"wp:term":[{"taxonomy":"category","embeddable":true,"href":"https:\/\/akdenizolaygazetesi.com\/index.php?rest_route=%2Fwp%2Fv2%2Fcategories&post=14368"},{"taxonomy":"post_tag","embeddable":true,"href":"https:\/\/akdenizolaygazetesi.com\/index.php?rest_route=%2Fwp%2Fv2%2Ftags&post=14368"}],"curies":[{"name":"wp","href":"https:\/\/api.w.org\/{rel}","templated":true}]}}