{"id":1437,"date":"2020-11-04T18:22:00","date_gmt":"2020-11-04T15:22:00","guid":{"rendered":"http:\/\/mersinekonomipolitikagazetesi.com\/?p=1437"},"modified":"2020-11-04T18:22:00","modified_gmt":"2020-11-04T15:22:00","slug":"bakan-elvan-esnafa-yilda-22-milyar-lira-kredi-kullandiriyoruz","status":"publish","type":"post","link":"https:\/\/akdenizolaygazetesi.com\/?p=1437","title":{"rendered":"Bakan Elvan: &#8220;Esnafa y\u0131lda 22 milyar lira kredi kulland\u0131r\u0131yoruz&#8221;"},"content":{"rendered":"<p>Kalk\u0131nma Bakan\u0131 L\u00fctfi Elvan, esnaf\u0131n kendileri i\u00e7in \u00e7ok \u00f6nemli oldu\u011funu belirterek, &#8220;2002 y\u0131l\u0131nda Halk Bankas\u0131 taraf\u0131ndan esnafa t\u00fcm T\u00fcrkiye&#8217;de 153 milyon lira kredi veriliyordu. Art\u0131k esnafa y\u0131lda 22 milyar liral\u0131k kredi veriyoruz. Art\u0131k esnaf sadece y\u00fczde 5 gibi d\u00fc\u015f\u00fck bir faizle kredi kullanabiliyor. Biz esnafla i\u00e7 i\u00e7eyiz. Esnaf\u0131m\u0131z\u0131n ayakta kalabilmesi i\u00e7in elimizden gelen her t\u00fcrl\u00fc gayreti ve deste\u011fi veriyoruz&#8221; dedi.<\/p>\n<p><span style=\"color: rgb(0, 0, 0); font-family: Tahoma, Arial, &quot;Times New Roman TUR&quot;, Verdana; font-size: 15px;\">Kalk\u0131nma Bakan\u0131 L\u00fctfi Elvan, Esnaf ve Sanatkarlar Odas\u0131 Kredi ve Kefalet Kooperatifi \u00fcyeleri ile kahvalt\u0131da bulu\u015ftu. Bakan Elvan&#8217;a Mersin Valisi Ali \u0130hsan Su, AK Parti Mersin milletvekilleri Hac\u0131 \u00d6zkan ile Ali Cumhur Ta\u015fk\u0131n, AK Parti \u0130l Ba\u015fkan\u0131 Cesim Ercik ile protokol \u00fcyeleri de e\u015flik etti. Mersin Esnaf ve Sanatkarlar Odalar Birli\u011fi Ba\u015fkan\u0131 Talat Din\u00e7er ile Vali Ali \u0130hsan Su&#8217;nun konu\u015fmas\u0131n\u0131n ard\u0131ndan kursiye \u00e7\u0131kan Bakan Elvan, esnaf\u0131n bir \u015fehrin kimli\u011finin en \u00f6nemli bile\u015feni oldu\u011funu belirtti. \u015eehrin nabz\u0131n\u0131 esnaf\u0131n tuttu\u011funu s\u00f6yleyen Elvan, &#8220;Adeta k\u0131lcal damarlara siz n\u00fcfus ediyorsunuz. \u015eehrin ekonomisini esnaf canl\u0131 tutuyor. Toplumun y\u00fck\u00fcn\u00fc yine esnaf karde\u015flerimiz \u00e7ekiyor. E\u011fer toplumda bir sorun varsa o sorunun ne oldu\u011funu en iyi bilenlerden birisi esnaf karde\u015flerimizdir. \u00c7\u00fcnk\u00fc vatanda\u015fla sabahtan ak\u015fama kadar i\u00e7 i\u00e7e, y\u00fcz y\u00fczesiniz. Vatanda\u015f\u0131m\u0131z\u0131n her derdi ile dertlenen ve bunlar\u0131n \u00e7\u00f6z\u00fcm\u00fc i\u00e7in \u00e7aba sarf eden birliklerimiz var, esnaf odalar\u0131m\u0131z var, bizde onlara gerekli deste\u011fi vermeye \u00e7al\u0131\u015f\u0131yoruz. Esas\u0131nda bin y\u0131ll\u0131k bir gelene\u011fimiz olan Anadolu bac\u0131lar\u0131yla, Anadolu Erenleriyle, Anadolu Fatihleriyle birlikte bu \u00fclkeyi T\u00fcrkiye yapan as\u0131l unsur Anadolu ahilerinin gelene\u011fini sizler ya\u015fat\u0131yorsunuz ve sizlerin ya\u015fat\u0131yor olmas\u0131d\u0131r. Ahi Evran&#8217;\u0131n kurdu\u011fu bu te\u015fkilat\u0131 modern anlamda sizler ayakta tutuyorsunuz&#8221; diye konu\u015ftu.\u00a0<\/span><br style=\"color: rgb(0, 0, 0); font-family: Tahoma, Arial, &quot;Times New Roman TUR&quot;, Verdana; font-size: 15px;\" \/><br \/>\n<br style=\"color: rgb(0, 0, 0); font-family: Tahoma, Arial, &quot;Times New Roman TUR&quot;, Verdana; font-size: 15px;\" \/><br \/>\n<span style=\"color: rgb(0, 0, 0); font-family: Tahoma, Arial, &quot;Times New Roman TUR&quot;, Verdana; font-size: 15px;\">&#8220;Esnafa y\u0131lda 22 milyar lira kredi kulland\u0131r\u0131yoruz&#8221;<\/span><br style=\"color: rgb(0, 0, 0); font-family: Tahoma, Arial, &quot;Times New Roman TUR&quot;, Verdana; font-size: 15px;\" \/><br \/>\n<span style=\"color: rgb(0, 0, 0); font-family: Tahoma, Arial, &quot;Times New Roman TUR&quot;, Verdana; font-size: 15px;\">Sanayi sitesi konusunda da konu\u015fan Elvan, yerle ilgili sorunlar \u00e7\u00f6z\u00fcld\u00fckten sonra g\u00fczel ve modern bir sanayi sitesini yapacaklar\u0131n\u0131 s\u00f6yledi. T\u00fcrkiye&#8217;de y\u00fczde y\u00fczlerin \u00fcst\u00fcnde faizle kredilerin verildi\u011fi g\u00fcnlerin ya\u015fand\u0131\u011f\u0131n\u0131 hat\u0131rlatan Elvan, &#8220;Ama bug\u00fcn son derece d\u00fc\u015f\u00fck faizli 500 bin liraya kadar i\u015f yeri sat\u0131n alabilmek i\u00e7in kredi imkan\u0131 veriyoruz ve 120 ay gibi bir vadeye yay\u0131labiliyor. Daha \u00f6nce \u00fcst limiti 150 bin lira olan ve esnaf ve sanatkarlara kulland\u0131r\u0131lan kredinin limiti de 200 bin liraya y\u00fckseldi. Esnaflara ve orta \u00f6l\u00e7ekli i\u015fletmelere 500 bin lira d\u00fc\u015f\u00fck faizli ticari ta\u015f\u0131t kredisi verilmesi de kararla\u015ft\u0131r\u0131ld\u0131. 2002 y\u0131l\u0131nda esnaf ve sanatkarlar fiili olarak y\u00fczde 47 faizle kredi kullan\u0131yordu. Art\u0131k bir y\u0131ldan k\u0131sa vadeli kredilerde sadece y\u00fczde 4, bir y\u0131ldan uzun vadeli kredilerde ise y\u00fczde 5 faizle kredi kullanabiliyorsunuz. 2002 y\u0131l\u0131nda faize verdi\u011fimiz destek sadece y\u00fczde 20 idi. Bug\u00fcn 100 liral\u0131k faizin destek oran\u0131 y\u00fczde 50 ile y\u00fczde 100 aras\u0131nda de\u011fi\u015fiyor. Esnaf ve sanatkarlara 2002 y\u0131l\u0131nda Halk Bankas\u0131 taraf\u0131ndan kulland\u0131r\u0131lan kredi miktar\u0131 t\u00fcm T\u00fcrkiye&#8217;de sadece 153 milyon lira. Art\u0131k esnafa y\u0131lda 22 milyar liral\u0131k kredi kulland\u0131r\u0131yoruz. O d\u00f6nemde kredi kullanan esnaf say\u0131s\u0131 sadece 63 bin 500&#8217;d\u00fc. Bug\u00fcn bu rakam tam 450 bine ula\u015ft\u0131. Biz esnafla i\u00e7 i\u00e7eyiz. Esnaf\u0131m\u0131z\u0131n ayakta kalabilmesi i\u00e7in elimizden gelen her t\u00fcrl\u00fc gayreti ve deste\u011fi veriyoruz&#8221; \u015feklinde konu\u015ftu.<\/span><br style=\"color: rgb(0, 0, 0); font-family: Tahoma, Arial, &quot;Times New Roman TUR&quot;, Verdana; font-size: 15px;\" \/><br \/>\n<br style=\"color: rgb(0, 0, 0); font-family: Tahoma, Arial, &quot;Times New Roman TUR&quot;, Verdana; font-size: 15px;\" \/><br \/>\n<span style=\"color: rgb(0, 0, 0); font-family: Tahoma, Arial, &quot;Times New Roman TUR&quot;, Verdana; font-size: 15px;\">&#8220;Bizim milletimizi ba\u015fka milletlerle kar\u0131\u015ft\u0131rmay\u0131n&#8221;<\/span><br style=\"color: rgb(0, 0, 0); font-family: Tahoma, Arial, &quot;Times New Roman TUR&quot;, Verdana; font-size: 15px;\" \/><br \/>\n<span style=\"color: rgb(0, 0, 0); font-family: Tahoma, Arial, &quot;Times New Roman TUR&quot;, Verdana; font-size: 15px;\">Mersin&#8217;in her il\u00e7esinin \u015fantiye konumuna geldi\u011fini vurgulayan Elvan, &#8220;\u00c7ok say\u0131da projemiz devam ediyor, yat\u0131r\u0131mlar\u0131m\u0131z devam ediyor. Mersin daha g\u00fczel olacak. \u015eundan emin olun biz b\u00fcy\u00fck bir milletiz. Bu millet hi\u00e7bir zaman boyunduruk alt\u0131nda kalmad\u0131. \u00d6zg\u00fcrl\u00fc\u011f\u00fcne a\u015f\u0131k olan bir millettir. Vatan\u0131n\u0131n bir milimetrelik karelik alan\u0131n\u0131 bile asla vermeyecek ve bu vatan\u0131m\u0131z\u0131n ufak bir par\u00e7as\u0131 olsa her t\u00fcrl\u00fc m\u00fccadeleyi ger\u00e7ekle\u015ftirecek bir millete sahibiz. Bizim milletimizi ba\u015fka milletlerle kar\u0131\u015ft\u0131rmas\u0131nlar. Bizim insan\u0131m\u0131z\u0131 ba\u015fka insanlarla kar\u0131\u015ft\u0131rmas\u0131nlar. Bizim milletimizde bu ruh oldu\u011fu m\u00fcddet\u00e7e, bu vatan sevgisi oldu\u011fu m\u00fcddet\u00e7e, bu bayrak sevgisi oldu\u011fu m\u00fcddet\u00e7e Allah&#8217;\u0131n izni ile \u00fclkemiz g\u00fc\u00e7lendik\u00e7e g\u00fc\u00e7lenecek, b\u00fcy\u00fcd\u00fck\u00e7e b\u00fcy\u00fcyecektir. Ba\u015fka \u00fclkelerin \u015f\u00f6yle, b\u00f6yle s\u00f6ylediklerine bakmas\u0131n. Biz g\u00fc\u00e7l\u00fcy\u00fcz. G\u00fc\u00e7l\u00fc olmaya da devam edece\u011fiz. Biz milletimize g\u00fcveniyoruz&#8221; ifadelerini kulland\u0131.\u00a0<\/span><br style=\"color: rgb(0, 0, 0); font-family: Tahoma, Arial, &quot;Times New Roman TUR&quot;, Verdana; font-size: 15px;\" \/><br \/>\n\u00a0<\/p>\n","protected":false},"excerpt":{"rendered":"<p>Kalk\u0131nma Bakan\u0131 L\u00fctfi Elvan, esnaf\u0131n kendileri i\u00e7in \u00e7ok \u00f6nemli oldu\u011funu belirterek, &#8220;2002 y\u0131l\u0131nda Halk Bankas\u0131 taraf\u0131ndan esnafa t\u00fcm T\u00fcrkiye&#8217;de 153 milyon lira kredi veriliyordu. Art\u0131k esnafa y\u0131lda 22 milyar liral\u0131k &hellip; <a href=\"https:\/\/akdenizolaygazetesi.com\/?p=1437\" class=\"more-link\">Devam\u0131n\u0131 Oku&#8230;<\/a><\/p>\n","protected":false},"author":1,"featured_media":0,"comment_status":"open","ping_status":"open","sticky":false,"template":"","format":"standard","meta":[],"categories":[],"tags":[],"_links":{"self":[{"href":"https:\/\/akdenizolaygazetesi.com\/index.php?rest_route=\/wp\/v2\/posts\/1437"}],"collection":[{"href":"https:\/\/akdenizolaygazetesi.com\/index.php?rest_route=\/wp\/v2\/posts"}],"about":[{"href":"https:\/\/akdenizolaygazetesi.com\/index.php?rest_route=\/wp\/v2\/types\/post"}],"author":[{"embeddable":true,"href":"https:\/\/akdenizolaygazetesi.com\/index.php?rest_route=\/wp\/v2\/users\/1"}],"replies":[{"embeddable":true,"href":"https:\/\/akdenizolaygazetesi.com\/index.php?rest_route=%2Fwp%2Fv2%2Fcomments&post=1437"}],"version-history":[{"count":0,"href":"https:\/\/akdenizolaygazetesi.com\/index.php?rest_route=\/wp\/v2\/posts\/1437\/revisions"}],"wp:attachment":[{"href":"https:\/\/akdenizolaygazetesi.com\/index.php?rest_route=%2Fwp%2Fv2%2Fmedia&parent=1437"}],"wp:term":[{"taxonomy":"category","embeddable":true,"href":"https:\/\/akdenizolaygazetesi.com\/index.php?rest_route=%2Fwp%2Fv2%2Fcategories&post=1437"},{"taxonomy":"post_tag","embeddable":true,"href":"https:\/\/akdenizolaygazetesi.com\/index.php?rest_route=%2Fwp%2Fv2%2Ftags&post=1437"}],"curies":[{"name":"wp","href":"https:\/\/api.w.org\/{rel}","templated":true}]}}