{"id":14371,"date":"2021-09-27T12:23:15","date_gmt":"2021-09-27T09:23:15","guid":{"rendered":"http:\/\/akdenizolaygazetesi.com\/?p=14371"},"modified":"2021-09-27T12:23:15","modified_gmt":"2021-09-27T09:23:15","slug":"expo-2021-hatay-yapilan-lansmanla-tanitildi","status":"publish","type":"post","link":"https:\/\/akdenizolaygazetesi.com\/?p=14371","title":{"rendered":"EXPO 2021 HATAY YAPILAN LANSMANLA TANITILDI"},"content":{"rendered":"<p>Mersin B\u00fcy\u00fck\u015fehir Belediye Ba\u015fkan\u0131 Vahap Se\u00e7er, Hatay B\u00fcy\u00fck\u015fehir Belediyesi\u2019nin ev sahipli\u011finde ger\u00e7ekle\u015ftirilen \u2018EXPO 2021 Hatay Lansman\u0131\u2019na kat\u0131ld\u0131. Mersin B\u00fcy\u00fck\u015fehir Belediyesi\u2019nin de \u2018Mersin Bah\u00e7esi\u2019 ile yerini alaca\u011f\u0131 EXPO 2021 Hatay geni\u015f bir kat\u0131l\u0131mla tan\u0131t\u0131ld\u0131.<\/p>\n<p>Genel Ba\u015fkan K\u0131l\u0131\u00e7daro\u011flu havaliman\u0131nda kar\u015f\u0131land\u0131<\/p>\n<p>Ba\u015fkan Se\u00e7er, Hatay Havaliman\u0131\u2019nda Hatay B\u00fcy\u00fck\u015fehir Belediyesi Genel Sekreter Yard\u0131mc\u0131s\u0131 B\u00fclent Ok taraf\u0131ndan \u00e7i\u00e7eklerle kar\u015f\u0131land\u0131. \u0130stanbul\u2019a d\u00f6nmek i\u00e7in Havaliman\u0131\u2019nda olan \u0130stanbul B\u00fcy\u00fck\u015fehir Belediye Ba\u015fkan\u0131 Ekrem \u0130mamo\u011flu ile bir s\u00fcre sohbet eden Ba\u015fkan Se\u00e7er, ard\u0131ndan Hatayspor-Fenerbah\u00e7e ma\u00e7\u0131n\u0131 izledi. Ma\u00e7\u0131n ard\u0131ndan Cumhuriyet Halk Partisi (CHP) Genel Ba\u015fkan\u0131 Kemal K\u0131l\u0131\u00e7daro\u011flu\u2019nu kar\u015f\u0131lamak i\u00e7in protokol ile birlikte Havaliman\u0131\u2019na ge\u00e7en Ba\u015fkan Se\u00e7er, Genel Ba\u015fkan K\u0131l\u0131\u00e7daro\u011flu\u2019nu kar\u015f\u0131lad\u0131ktan sonra EXPO 2021 Hatay\u2019\u0131n Antakya Alan\u0131\u2019na ge\u00e7ti.<\/p>\n<p>EXPO 2021 Hatay Antakya alan\u0131 Medeniyetler Bah\u00e7esi\u2019nde ger\u00e7ekle\u015ftirilen lansmana; CHP Genel Ba\u015fkan\u0131 Kemal K\u0131l\u0131\u00e7daro\u011flu, CHP Genel Ba\u015fkan Yard\u0131mc\u0131lar\u0131 Seyit Torun, Fethi A\u00e7\u0131kel ve Ali \u00d6ztun\u00e7, Hatay B\u00fcy\u00fck\u015fehir Belediye Ba\u015fkan\u0131 L\u00fctf\u00fc Sava\u015f, Mersin B\u00fcy\u00fck\u015fehir Belediye Ba\u015fkan\u0131 Vahap Se\u00e7er, Ayd\u0131n B\u00fcy\u00fck\u015fehir Belediye Ba\u015fkan\u0131 \u00d6zlem \u00c7er\u00e7io\u011flu, Antalya B\u00fcy\u00fck\u015fehir Belediye Ba\u015fkan\u0131 Muhittin B\u00f6cek, \u0130zmir B\u00fcy\u00fck\u015fehir Belediye Ba\u015fkan\u0131 Tun\u00e7 Soyer, CHP milletvekilleri, siyasi partilerin il ve il\u00e7e ba\u015fkanlar\u0131 ile \u00e7ok say\u0131da kat\u0131l\u0131mc\u0131 yer ald\u0131.<\/p>\n<p>EXPO 2021 Hatay tan\u0131t\u0131ld\u0131<\/p>\n<p>Lansman sayg\u0131 duru\u015fu ve \u0130stiklal Mar\u015f\u0131 ile ba\u015flay\u0131p, EXPO 2021 Hatay\u2019\u0131n tan\u0131t\u0131m filmi ile devam etti. Hatay B\u00fcy\u00fck\u015fehir Belediyesi Genel Sekreter Yard\u0131mc\u0131s\u0131 ve EXPO Genel Sekreteri \u0130hsan \u00c7akar taraf\u0131ndan EXPO 2021 Hatay sunumu yap\u0131ld\u0131.<\/p>\n<p>Ard\u0131ndan CHP Genel Ba\u015fkan\u0131 Kemal K\u0131l\u0131\u00e7daro\u011flu ile Hatay B\u00fcy\u00fck\u015fehir Belediye Ba\u015fkan\u0131 L\u00fctf\u00fc Sava\u015f konu\u015fma yapt\u0131. Ba\u015fkan Sava\u015f ve e\u015fi Nazan Sava\u015f taraf\u0131ndan Genel Ba\u015fkan K\u0131l\u0131\u00e7daro\u011flu\u2019na g\u00fcn\u00fcn an\u0131s\u0131na tablo hediye edildi.<\/p>\n<p>Lansman, 3 semavi dinden 6 farkl\u0131 medeniyetin m\u00fczikleri ve \u00f6yk\u00fclerinin harmanland\u0131\u011f\u0131 \u2018Medeniyetler Korosu\u2019 konseri ile devam etti.<\/p>\n","protected":false},"excerpt":{"rendered":"<p>Mersin B\u00fcy\u00fck\u015fehir Belediye Ba\u015fkan\u0131 Vahap Se\u00e7er, Hatay B\u00fcy\u00fck\u015fehir Belediyesi\u2019nin ev sahipli\u011finde ger\u00e7ekle\u015ftirilen \u2018EXPO 2021 Hatay Lansman\u0131\u2019na kat\u0131ld\u0131. Mersin B\u00fcy\u00fck\u015fehir Belediyesi\u2019nin de \u2018Mersin Bah\u00e7esi\u2019 ile yerini alaca\u011f\u0131 EXPO 2021 Hatay geni\u015f &hellip; <a href=\"https:\/\/akdenizolaygazetesi.com\/?p=14371\" class=\"more-link\">Devam\u0131n\u0131 Oku&#8230;<\/a><\/p>\n","protected":false},"author":2,"featured_media":14372,"comment_status":"open","ping_status":"open","sticky":false,"template":"","format":"standard","meta":[],"categories":[8,3,5],"tags":[],"_links":{"self":[{"href":"https:\/\/akdenizolaygazetesi.com\/index.php?rest_route=\/wp\/v2\/posts\/14371"}],"collection":[{"href":"https:\/\/akdenizolaygazetesi.com\/index.php?rest_route=\/wp\/v2\/posts"}],"about":[{"href":"https:\/\/akdenizolaygazetesi.com\/index.php?rest_route=\/wp\/v2\/types\/post"}],"author":[{"embeddable":true,"href":"https:\/\/akdenizolaygazetesi.com\/index.php?rest_route=\/wp\/v2\/users\/2"}],"replies":[{"embeddable":true,"href":"https:\/\/akdenizolaygazetesi.com\/index.php?rest_route=%2Fwp%2Fv2%2Fcomments&post=14371"}],"version-history":[{"count":1,"href":"https:\/\/akdenizolaygazetesi.com\/index.php?rest_route=\/wp\/v2\/posts\/14371\/revisions"}],"predecessor-version":[{"id":14373,"href":"https:\/\/akdenizolaygazetesi.com\/index.php?rest_route=\/wp\/v2\/posts\/14371\/revisions\/14373"}],"wp:featuredmedia":[{"embeddable":true,"href":"https:\/\/akdenizolaygazetesi.com\/index.php?rest_route=\/wp\/v2\/media\/14372"}],"wp:attachment":[{"href":"https:\/\/akdenizolaygazetesi.com\/index.php?rest_route=%2Fwp%2Fv2%2Fmedia&parent=14371"}],"wp:term":[{"taxonomy":"category","embeddable":true,"href":"https:\/\/akdenizolaygazetesi.com\/index.php?rest_route=%2Fwp%2Fv2%2Fcategories&post=14371"},{"taxonomy":"post_tag","embeddable":true,"href":"https:\/\/akdenizolaygazetesi.com\/index.php?rest_route=%2Fwp%2Fv2%2Ftags&post=14371"}],"curies":[{"name":"wp","href":"https:\/\/api.w.org\/{rel}","templated":true}]}}