{"id":14374,"date":"2021-09-27T12:24:45","date_gmt":"2021-09-27T09:24:45","guid":{"rendered":"http:\/\/akdenizolaygazetesi.com\/?p=14374"},"modified":"2021-09-27T12:24:45","modified_gmt":"2021-09-27T09:24:45","slug":"mersin-turkce-gunleri-etkinliginde-bilgi-soleni-yasandi","status":"publish","type":"post","link":"https:\/\/akdenizolaygazetesi.com\/?p=14374","title":{"rendered":"\u2018MERS\u0130N T\u00dcRK\u00c7E G\u00dcNLER\u0130\u2019 ETK\u0130NL\u0130\u011e\u0130NDE B\u0130LG\u0130 \u015e\u00d6LEN\u0130 YA\u015eANDI"},"content":{"rendered":"<p>Mersin B\u00fcy\u00fck\u015fehir Belediyesi K\u00fclt\u00fcr ve Sosyal \u0130\u015fler Dairesi\u2019nin \u201cDilimiz Bizim Birli\u011fimiz\u201d slogan\u0131yla d\u00fczenledi\u011fi etkinliklerle 89. T\u00fcrk Dil Bayram\u0131 kutland\u0131. Dil \u0130\u015flikleri\u2019yle ba\u015flayan ve 2 g\u00fcn s\u00fcren etkinliklerin kapan\u0131\u015f\u0131 ise \u2018Mersin T\u00fcrk\u00e7e G\u00fcnleri\u2019 ile yap\u0131ld\u0131.<\/p>\n<p>Ama\u00e7 gen\u00e7 ku\u015faklara ana dil bilincini a\u015f\u0131lamak<\/p>\n<p>\u0130\u00e7el Sanat Kul\u00fcb\u00fc\u2019nde ger\u00e7ekle\u015ftirilen i\u015fliklerle ba\u015flayan T\u00fcrk Dil Bayram\u0131 etkinlikleri, ikinci g\u00fcn\u00fcnde a\u00e7\u0131k oturumlarla devam etti. Yap\u0131lan etkinliklerde, dilin geli\u015fimi ve \u00f6nemi, dil ve bilim aras\u0131ndaki ili\u015fki, dil ve k\u00fclt\u00fcrel aktar\u0131m, T\u00fcrk\u00e7e kelimelerin t\u00fcretilmesinin tarih\u00e7esi anlat\u0131l\u0131rken, gen\u00e7 ku\u015faklara ana dil bilincinin a\u015f\u0131lanmas\u0131 ama\u00e7land\u0131.<\/p>\n<p>89. T\u00fcrk Dil Bayram\u0131 etkinlikleri kapsam\u0131nda d\u00fczenlenen Mersin T\u00fcrk\u00e7e G\u00fcnleri program\u0131 K\u00fclt\u00fcr ve Sosyal \u0130\u015fler Daire Ba\u015fkanl\u0131\u011f\u0131 Koordinat\u00f6r\u00fc Bengi \u0130spir \u00d6zd\u00fclger, \u0130\u00e7el Sanat Kul\u00fcb\u00fc Ba\u015fkan\u0131 Mecit Bask\u0131n, Mersin Sanat, Edebiyat Derne\u011fi Ba\u015fkan\u0131, Foto\u011fraf\u00e7\u0131 ve Yazar Erkan \u00d6zayd\u0131n, Akdeniz Sanat Olu\u015fumu D\u00f6nem S\u00f6zc\u00fcs\u00fc Fatma Saadet Bilir, Onur Konu\u011fu olan Dil Derne\u011fi Temsilcisi Hidayet Karaku\u015f ve vatanda\u015flar\u0131n kat\u0131l\u0131m\u0131yla yap\u0131ld\u0131. T\u00fcrk Dil Bayram\u0131 etkinlikleri, \u0130\u00e7el Sanat Kul\u00fcb\u00fc, Mersin Sanat, Edebiyat Derne\u011fi, Akdeniz Sanat Olu\u015fumu ve Dil Derne\u011fi\u2019nin i\u015f birli\u011fi ile ger\u00e7ekle\u015ftirildi.<\/p>\n<p>\u201cDil Bayram\u0131m\u0131z\u0131 Mersin\u2019de ilk kez kutluyoruz ve bunun da devam\u0131n\u0131 getirece\u011fiz\u201d<\/p>\n<p>K\u00fclt\u00fcr ve Sosyal \u0130\u015fler Dairesi Ba\u015fkanl\u0131\u011f\u0131 Koordinat\u00f6r\u00fc Bengi \u0130spir \u00d6zd\u00fclger, Ba\u015fkan Vahap Se\u00e7er\u2019in sevgi ve selam\u0131n\u0131 ileterek ba\u015flad\u0131\u011f\u0131 konu\u015fmas\u0131nda, Mersin\u2019de Dil Bayram\u0131\u2019n\u0131n ilk kez kutland\u0131\u011f\u0131n\u0131 ve her y\u0131l kutlayacaklar\u0131n\u0131 ifade etti. \u00d6zd\u00fclger, \u015funlar\u0131 s\u00f6yledi:<\/p>\n<p>\u201c1932\u2019de kurulan T\u00fcrk Dil Kurumu\u2019nun hemen ard\u0131ndan Eyl\u00fcl ay\u0131nda ger\u00e7ekle\u015fen ilk Dil Kurultay\u0131 ile 26 Eyl\u00fcl Dil Bayram\u0131 olarak belirlendi. Ulu \u00d6nder Atat\u00fcrk\u2019\u00fcm\u00fcz bize \u2018dilini korumayan bir millet var olamaz\u2019 dedi\u011fi i\u00e7in ger\u00e7ekten g\u00fczel T\u00fcrk\u00e7emizi g\u00fczel kullanabilmek ve onu ya\u015fatabilmek bizim elbette ki g\u00f6revimiz. Faz\u0131l H\u00fcsn\u00fc Da\u011flarca\u2019n\u0131n dedi\u011fi gibi \u2018dilim benim bayra\u011f\u0131md\u0131r\u2019. Ger\u00e7ekten \u00e7ok \u00f6nemsedi\u011fimiz bir g\u00fcnde bir araday\u0131z, ben \u00e7ok heyecanl\u0131y\u0131m \u00e7\u00fcnk\u00fc Dil Bayram\u0131m\u0131z\u0131 Mersin\u2019de ilk kez kutluyoruz ve bunun da devam\u0131n\u0131 getirece\u011fiz. T\u00fcrk\u00e7emizi ya\u015fatmak ad\u0131na bu etkinlikler bizim i\u00e7in \u00e7ok de\u011ferli.\u201d<\/p>\n<p>Dil sevgisini peki\u015ftiren oturumlar yap\u0131ld\u0131<\/p>\n<p>2 oturumda ger\u00e7ekle\u015ftirilen program\u0131n ilk oturumunda \u201cT\u00fcrk\u00e7enin Ba\u011f\u0131ms\u0131zl\u0131k Sava\u015f\u0131\u201d konusu i\u015flendi. Ferhat \u0130\u015flek\u2019in y\u00f6nlendiricili\u011fini yapt\u0131\u011f\u0131 oturumda, \u015fair ve yazar Hidayet Karaku\u015f ve ara\u015ft\u0131rmac\u0131 yazar Erdal Sevin\u00e7li konu\u015fmac\u0131 olarak yer ald\u0131. Oturumda T\u00fcrk Dil Kurumu\u2019nun kurulu\u015fu, dil devrimi, dil devrimi sonras\u0131nda unutulan kelimeler, dil ve bilim, dil ve ba\u011f\u0131ms\u0131zl\u0131k, dil ve k\u00fclt\u00fcr konular\u0131 \u00fczerine bilgiler verildi.<\/p>\n<p>Ali Bilir\u2019in y\u00f6nlendiricili\u011finde ger\u00e7ekle\u015fen, \u201cDilimiz Kimli\u011fimiz\u201d konulu ikinci oturumda ise yazar ve ressam Doktor G\u00fclseren Engin konu\u015fma yapt\u0131. \u201cTatl\u0131 Dil\u201d ba\u015fl\u0131\u011f\u0131 ile d\u00fczenlenen kapan\u0131\u015f etkinli\u011finin y\u00f6nlendiricili\u011fi \u015fair ve yazar Orhan \u00d6zdemir taraf\u0131ndan yap\u0131ld\u0131. Etkinli\u011fe kat\u0131lan halk ozanlar\u0131 da sazlar\u0131 ve s\u00f6zleriyle etkinli\u011fi s\u00fcsledi. \u201cTatl\u0131 Dil\u201d oturumunu; A\u015f\u0131k Ba\u015fare lakab\u0131yla tan\u0131nan ozan Mehmet Do\u011fan ba\u011flamas\u0131yla renklendirdi. Tamer A\u00e7\u0131kal\u0131n, A\u015f\u0131k Cuma Ali Efe, Ramazan Esmer, B\u00fc\u015fra Akdo\u011fan ve Sinan Sain deyi\u015fleriyle etkinli\u011fe renk katt\u0131.<\/p>\n<p>Kat\u0131l\u0131mc\u0131lara plaket ve sertifika verildi<\/p>\n<p>Etkinli\u011fin sonunda, Dil \u0130\u015flikleri\u2019ne kat\u0131lan \u015fair ve yazanlardan; Fatma Sadet Bilir, Orhan \u00d6zdemir, Turan Ali \u00c7a\u011flar, Beng\u00fc Biro\u011flu \u015ea\u015fmaz, Ali F. Bilir, Erkan \u00d6zayd\u0131n, Baha Ak\u0131ner ve Kemal Uslu\u2019ya Onur Karaku\u015f taraf\u0131ndan kat\u0131l\u0131m sertifikas\u0131 sunuldu.<\/p>\n<p>Halk ozanlar\u0131 Mehmet Do\u011fan, Tamer A\u00e7\u0131kal\u0131n, Cuma Ali Efe, Ramazan Esmer, Bet\u00fcl Turgut, B\u00fc\u015fra Akdo\u011fan ve Sinan Sain\u2019e ise K\u00fclt\u00fcr ve Sosyal \u0130\u015fler Dairesi Ba\u015fkanl\u0131\u011f\u0131 Koordinat\u00f6r\u00fc Bengi \u0130spir \u00d6zd\u00fclger taraf\u0131ndan plaket ve kat\u0131l\u0131m sertifikas\u0131 verildi.<\/p>\n","protected":false},"excerpt":{"rendered":"<p>Mersin B\u00fcy\u00fck\u015fehir Belediyesi K\u00fclt\u00fcr ve Sosyal \u0130\u015fler Dairesi\u2019nin \u201cDilimiz Bizim Birli\u011fimiz\u201d slogan\u0131yla d\u00fczenledi\u011fi etkinliklerle 89. T\u00fcrk Dil Bayram\u0131 kutland\u0131. Dil \u0130\u015flikleri\u2019yle ba\u015flayan ve 2 g\u00fcn s\u00fcren etkinliklerin kapan\u0131\u015f\u0131 ise \u2018Mersin &hellip; <a href=\"https:\/\/akdenizolaygazetesi.com\/?p=14374\" class=\"more-link\">Devam\u0131n\u0131 Oku&#8230;<\/a><\/p>\n","protected":false},"author":2,"featured_media":14375,"comment_status":"open","ping_status":"open","sticky":false,"template":"","format":"standard","meta":[],"categories":[2,3,5],"tags":[],"_links":{"self":[{"href":"https:\/\/akdenizolaygazetesi.com\/index.php?rest_route=\/wp\/v2\/posts\/14374"}],"collection":[{"href":"https:\/\/akdenizolaygazetesi.com\/index.php?rest_route=\/wp\/v2\/posts"}],"about":[{"href":"https:\/\/akdenizolaygazetesi.com\/index.php?rest_route=\/wp\/v2\/types\/post"}],"author":[{"embeddable":true,"href":"https:\/\/akdenizolaygazetesi.com\/index.php?rest_route=\/wp\/v2\/users\/2"}],"replies":[{"embeddable":true,"href":"https:\/\/akdenizolaygazetesi.com\/index.php?rest_route=%2Fwp%2Fv2%2Fcomments&post=14374"}],"version-history":[{"count":1,"href":"https:\/\/akdenizolaygazetesi.com\/index.php?rest_route=\/wp\/v2\/posts\/14374\/revisions"}],"predecessor-version":[{"id":14376,"href":"https:\/\/akdenizolaygazetesi.com\/index.php?rest_route=\/wp\/v2\/posts\/14374\/revisions\/14376"}],"wp:featuredmedia":[{"embeddable":true,"href":"https:\/\/akdenizolaygazetesi.com\/index.php?rest_route=\/wp\/v2\/media\/14375"}],"wp:attachment":[{"href":"https:\/\/akdenizolaygazetesi.com\/index.php?rest_route=%2Fwp%2Fv2%2Fmedia&parent=14374"}],"wp:term":[{"taxonomy":"category","embeddable":true,"href":"https:\/\/akdenizolaygazetesi.com\/index.php?rest_route=%2Fwp%2Fv2%2Fcategories&post=14374"},{"taxonomy":"post_tag","embeddable":true,"href":"https:\/\/akdenizolaygazetesi.com\/index.php?rest_route=%2Fwp%2Fv2%2Ftags&post=14374"}],"curies":[{"name":"wp","href":"https:\/\/api.w.org\/{rel}","templated":true}]}}