{"id":14377,"date":"2021-09-27T12:26:43","date_gmt":"2021-09-27T09:26:43","guid":{"rendered":"http:\/\/akdenizolaygazetesi.com\/?p=14377"},"modified":"2021-09-27T12:26:43","modified_gmt":"2021-09-27T09:26:43","slug":"akdeniz-belediyesi-metruk-binalari-yikiyor","status":"publish","type":"post","link":"https:\/\/akdenizolaygazetesi.com\/?p=14377","title":{"rendered":"AKDEN\u0130Z BELED\u0130YES\u0130 METRUK B\u0130NALARI YIKIYOR!"},"content":{"rendered":"<p>Akdeniz Belediyesi, il\u00e7e sakinlerinin yo\u011fun \u015fik\u00e2yetlerine konu olan, g\u00f6rsel kirlilik yaratmas\u0131n\u0131n yan\u0131 s\u0131ra, vatanda\u015flar\u0131n can ve mal g\u00fcvenli\u011fini tehdit eden harabeye d\u00f6nen terk edilmi\u015f yap\u0131lar\u0131n y\u0131k\u0131m\u0131na devam ediyor.<br \/>\nFen \u0130\u015fleri M\u00fcd\u00fcrl\u00fc\u011f\u00fc ekiplerince, son olarak yasal s\u00fcre\u00e7leri sona eren, \u00c7ay Mahallesi 6770 Sokak Numara 97 adresinde bulunan, sahipleri taraf\u0131ndan terk edilmi\u015f metruk binan\u0131n y\u0131k\u0131m\u0131 ger\u00e7ekle\u015ftirildi.<br \/>\nY\u0131k\u0131m \u00f6ncesi \u00e7evrede g\u00fcvenlik \u00f6nlemi alan ekipler, ortaya \u00e7\u0131kan tonlarca moloz ve at\u0131\u011f\u0131 da i\u015f makineleri yard\u0131m\u0131yla kamyonlara y\u00fckleyip mahalleden \u00e7\u0131kard\u0131. Zaman i\u00e7inde harabeye d\u00f6nen metruk yap\u0131n\u0131n y\u0131k\u0131m\u0131na tan\u0131k olan \u00c7ay Mahallesi sakinleri, belediye fen i\u015fleri ekiplerine te\u015fekk\u00fcr etti.<br \/>\nYo\u011fun \u015fikayet alan harabe binalar\u0131n y\u0131k\u0131m\u0131 devam edecek<br \/>\nAkdeniz Belediyesi; gerek yap\u0131 sahiplerinin talebi, gerekse vatanda\u015flar\u0131n \u015fik\u00e2yetlerini en k\u0131sa s\u00fcrede de\u011ferlendirip; can g\u00fcvenli\u011fi a\u00e7\u0131s\u0131ndan riskler yaratan, madde ba\u011f\u0131ml\u0131lar\u0131n\u0131n mek\u00e2n\u0131na d\u00f6n\u00fc\u015ferek toplumsal sorunlara sebebiyet veren, \u00f6zellikle de bu t\u00fcr yerleri oyun alan\u0131na \u00e7eviren \u00e7ocuklar i\u00e7in b\u00fcy\u00fck tehdit olu\u015fturan terk edilmi\u015f, harabe haldeki yap\u0131lar\u0131n y\u0131k\u0131m \u00e7al\u0131\u015fmalar\u0131na aral\u0131ks\u0131z devam edecek. <\/p>\n","protected":false},"excerpt":{"rendered":"<p>Akdeniz Belediyesi, il\u00e7e sakinlerinin yo\u011fun \u015fik\u00e2yetlerine konu olan, g\u00f6rsel kirlilik yaratmas\u0131n\u0131n yan\u0131 s\u0131ra, vatanda\u015flar\u0131n can ve mal g\u00fcvenli\u011fini tehdit eden harabeye d\u00f6nen terk edilmi\u015f yap\u0131lar\u0131n y\u0131k\u0131m\u0131na devam ediyor. Fen \u0130\u015fleri &hellip; <a href=\"https:\/\/akdenizolaygazetesi.com\/?p=14377\" class=\"more-link\">Devam\u0131n\u0131 Oku&#8230;<\/a><\/p>\n","protected":false},"author":2,"featured_media":14378,"comment_status":"open","ping_status":"open","sticky":false,"template":"","format":"standard","meta":[],"categories":[3,5],"tags":[],"_links":{"self":[{"href":"https:\/\/akdenizolaygazetesi.com\/index.php?rest_route=\/wp\/v2\/posts\/14377"}],"collection":[{"href":"https:\/\/akdenizolaygazetesi.com\/index.php?rest_route=\/wp\/v2\/posts"}],"about":[{"href":"https:\/\/akdenizolaygazetesi.com\/index.php?rest_route=\/wp\/v2\/types\/post"}],"author":[{"embeddable":true,"href":"https:\/\/akdenizolaygazetesi.com\/index.php?rest_route=\/wp\/v2\/users\/2"}],"replies":[{"embeddable":true,"href":"https:\/\/akdenizolaygazetesi.com\/index.php?rest_route=%2Fwp%2Fv2%2Fcomments&post=14377"}],"version-history":[{"count":1,"href":"https:\/\/akdenizolaygazetesi.com\/index.php?rest_route=\/wp\/v2\/posts\/14377\/revisions"}],"predecessor-version":[{"id":14379,"href":"https:\/\/akdenizolaygazetesi.com\/index.php?rest_route=\/wp\/v2\/posts\/14377\/revisions\/14379"}],"wp:featuredmedia":[{"embeddable":true,"href":"https:\/\/akdenizolaygazetesi.com\/index.php?rest_route=\/wp\/v2\/media\/14378"}],"wp:attachment":[{"href":"https:\/\/akdenizolaygazetesi.com\/index.php?rest_route=%2Fwp%2Fv2%2Fmedia&parent=14377"}],"wp:term":[{"taxonomy":"category","embeddable":true,"href":"https:\/\/akdenizolaygazetesi.com\/index.php?rest_route=%2Fwp%2Fv2%2Fcategories&post=14377"},{"taxonomy":"post_tag","embeddable":true,"href":"https:\/\/akdenizolaygazetesi.com\/index.php?rest_route=%2Fwp%2Fv2%2Ftags&post=14377"}],"curies":[{"name":"wp","href":"https:\/\/api.w.org\/{rel}","templated":true}]}}