{"id":1438,"date":"2020-11-04T18:22:00","date_gmt":"2020-11-04T15:22:00","guid":{"rendered":"http:\/\/mersinekonomipolitikagazetesi.com\/?p=1438"},"modified":"2020-11-04T18:22:00","modified_gmt":"2020-11-04T15:22:00","slug":"bakan-eroglu-ve-bakan-elvan-mersinde-21-tesisin-temelini-atti","status":"publish","type":"post","link":"https:\/\/akdenizolaygazetesi.com\/?p=1438","title":{"rendered":"Bakan Ero\u011flu ve Bakan Elvan, Mersin\u2019de 21 tesisin temelini att\u0131"},"content":{"rendered":"<p>Orman ve Su \u0130\u015fleri Bakan\u0131 Veysel Ero\u011flu ile Kalk\u0131nma Bakan\u0131 L\u00fctfi Elvan, Mersin\u2019de 608 milyon lira yat\u0131r\u0131m bedelli 21 adet tesisin temel atma t\u00f6renine kat\u0131ld\u0131.<\/p>\n<p><span style=\"color: rgb(0, 0, 0); font-family: Tahoma, Arial, &quot;Times New Roman TUR&quot;, Verdana; font-size: 15px;\">Bakan Ero\u011flu ve Bakan Elvan, toplu temel atma t\u00f6reni \u00e7er\u00e7evesinde Mersin\u2019e geldi. \u0130ki Bakan, Valilik ziyaretlerinin ard\u0131ndan, Mersin\u2019in merkez Yeni\u015fehir il\u00e7esine ba\u011fl\u0131 De\u011firmen\u00e7ay Mahallesi\u2019nde d\u00fczenlenen t\u00f6renle, Devlet Su \u0130\u015fleri (DS\u0130) Genel M\u00fcd\u00fcrl\u00fc\u011f\u00fc taraf\u0131ndan in\u015fa edilecek olan, aralar\u0131nda De\u011firmen\u00e7ay Baraj\u0131, Pamukluk Baraj\u0131 \u0130\u00e7me Suyu \u0130sale Hatt\u0131 ve Anamur Alak\u00f6pr\u00fc Sulamas\u0131n\u0131n da bulundu\u011fu 19 adet tesis ile Do\u011fa Koruma ve Milli Parklar (DKMP) Genel M\u00fcd\u00fcrl\u00fc\u011f\u00fc\u2019ne ait bir tesis ve Orman Genel M\u00fcd\u00fcrl\u00fc\u011f\u00fc\u2019ne (OGM) ait 1 adet tesisin temelini att\u0131.<\/span><br style=\"color: rgb(0, 0, 0); font-family: Tahoma, Arial, &quot;Times New Roman TUR&quot;, Verdana; font-size: 15px;\" \/><br \/>\n<br style=\"color: rgb(0, 0, 0); font-family: Tahoma, Arial, &quot;Times New Roman TUR&quot;, Verdana; font-size: 15px;\" \/><br \/>\n<span style=\"color: rgb(0, 0, 0); font-family: Tahoma, Arial, &quot;Times New Roman TUR&quot;, Verdana; font-size: 15px;\">\u201c608 milyon TL\u2019lik 21 tesis Mersin\u2019e hay\u0131rl\u0131 olsun\u201d<\/span><br style=\"color: rgb(0, 0, 0); font-family: Tahoma, Arial, &quot;Times New Roman TUR&quot;, Verdana; font-size: 15px;\" \/><br \/>\n<span style=\"color: rgb(0, 0, 0); font-family: Tahoma, Arial, &quot;Times New Roman TUR&quot;, Verdana; font-size: 15px;\">Bakan Ero\u011flu, yapt\u0131\u011f\u0131 konu\u015fmada, Cumhurba\u015fkan\u0131 Recep Tayyip Erdo\u011fan ve Ba\u015fbakan Binali Y\u0131ld\u0131r\u0131m\u2019\u0131n selamlar\u0131n\u0131 iletti. Mersin\u2019de 21 tesisin temelini atacaklar\u0131n\u0131 belirten Ero\u011flu, bunlar\u0131n i\u00e7inde en \u00f6nemlisinin yakla\u015f\u0131k 50 y\u0131ld\u0131r beklenen De\u011firmen\u00e7ay Baraj\u0131 oldu\u011funu s\u00f6yledi. Bu baraj\u0131n temelini atman\u0131n b\u00fcy\u00fck bir bahtiyarl\u0131k oldu\u011funu vurgulayan Ero\u011flu, baraj\u0131n hay\u0131rl\u0131 u\u011furlu olmas\u0131n\u0131 diledi.<\/span><br style=\"color: rgb(0, 0, 0); font-family: Tahoma, Arial, &quot;Times New Roman TUR&quot;, Verdana; font-size: 15px;\" \/><br \/>\n<span style=\"color: rgb(0, 0, 0); font-family: Tahoma, Arial, &quot;Times New Roman TUR&quot;, Verdana; font-size: 15px;\">Temeli at\u0131lacak 21 tesisten 19\u2019unun DS\u0130\u2019ye ait oldu\u011funu dile getiren Ero\u011flu, bu tesisler aras\u0131nda barajlar, g\u00f6letler, dere \u0131slahlar\u0131, sulama projeleri oldu\u011funu kaydetti. Ayr\u0131ca, Orman Te\u015fkilat\u0131n\u0131n da art\u0131k ormanlar\u0131 halk\u0131n kalk\u0131nmas\u0131 i\u00e7in kulland\u0131\u011f\u0131n\u0131 ifade eden Ero\u011flu, \u201cBal ormanlar\u0131 kuruyoruz. Gelir getirici ormanlar te\u015fkil ediyoruz. Hatta \u00fc\u00e7 y\u0131l bak\u0131mlar\u0131n b\u00fct\u00fcn masraflar\u0131 Bakanl\u0131\u011fa ait, geliri 49 y\u0131l vatanda\u015fa. \u00c7\u00fcnk\u00fc her \u015fey millet i\u00e7in. Bug\u00fcn burada Orman Genel M\u00fcd\u00fcrl\u00fc\u011f\u00fc\u2019n\u00fcn bir paketi ile Do\u011fa Koruma ve Milli Parklar Genel M\u00fcd\u00fcrl\u00fc\u011f\u00fc\u2019n\u00fcn de bir paketi var. 608 milyon TL\u2019lik bu tesisler, Mersin\u2019e ve \u00fclkemize hay\u0131rl\u0131, u\u011furlu olsun\u201d dedi.<\/span><br style=\"color: rgb(0, 0, 0); font-family: Tahoma, Arial, &quot;Times New Roman TUR&quot;, Verdana; font-size: 15px;\" \/><br \/>\n<br style=\"color: rgb(0, 0, 0); font-family: Tahoma, Arial, &quot;Times New Roman TUR&quot;, Verdana; font-size: 15px;\" \/><br \/>\n<span style=\"color: rgb(0, 0, 0); font-family: Tahoma, Arial, &quot;Times New Roman TUR&quot;, Verdana; font-size: 15px;\">\u201cH\u00fck\u00fcmetimiz, \u015fu ana kadar 24 milyar TL\u2019lik yat\u0131r\u0131mla h\u00fck\u00fcmetimiz Mersin\u2019de destan yazd\u0131\u201d<\/span><br style=\"color: rgb(0, 0, 0); font-family: Tahoma, Arial, &quot;Times New Roman TUR&quot;, Verdana; font-size: 15px;\" \/><br \/>\n<span style=\"color: rgb(0, 0, 0); font-family: Tahoma, Arial, &quot;Times New Roman TUR&quot;, Verdana; font-size: 15px;\">AK Parti H\u00fck\u00fcmeti\u2019nin Mersin\u2019e \u00e7ok de\u011fer verdi\u011fini vurgulayan Ero\u011flu, \u201c\u015eu ana kadar 24 milyar TL\u2019lik yat\u0131r\u0131mla h\u00fck\u00fcmetimiz Mersin\u2019de destan yazd\u0131. \u015eimdiye kadar 70-80 y\u0131lda yap\u0131lanlardan daha fazlas\u0131n\u0131 biz 15 y\u0131lda yapt\u0131k. Bunun aksini iddia eden varsa hodri meydan. Bu yat\u0131r\u0131mlar i\u00e7inde bizim Bakanl\u0131\u011f\u0131m\u0131z 5 milyar 700 milyon lira ile birincilik bayra\u011f\u0131n\u0131 \u015fu anda elinde bulunduruyor. Ama in\u015fallah bu barajlarla ve Akdeniz Geli\u015fim Projesi ile Kalk\u0131nma Bakan\u0131m\u0131z\u0131n ba\u015flatt\u0131\u011f\u0131, Mersin\u2019in de i\u00e7inde oldu\u011fu 33 milyar TL\u2019lik yat\u0131r\u0131mla Mersin \u00e7ok daha kalk\u0131nacak. Biz, Akdeniz Geli\u015fim Projesi ad\u0131yla an\u0131lan bu muazzam projeyi 31 Aral\u0131k 2019 saat 16.59\u2019a kadar tamamlayaca\u011f\u0131z\u201d diye konu\u015ftu.<\/span><br style=\"color: rgb(0, 0, 0); font-family: Tahoma, Arial, &quot;Times New Roman TUR&quot;, Verdana; font-size: 15px;\" \/><br \/>\n<span style=\"color: rgb(0, 0, 0); font-family: Tahoma, Arial, &quot;Times New Roman TUR&quot;, Verdana; font-size: 15px;\">Mersin\u2019e \u00e7ok g\u00fczel \u015feyler yapt\u0131klar\u0131n\u0131 dile getiren Ero\u011flu, \u201cMersin\u2019in suyu yoktu. Berdan Baraj\u0131 yap\u0131lm\u0131\u015f, Mersin\u2019de su yok. Cumhurba\u015fkan\u0131m\u0131z o zaman Ba\u015fbakand\u0131, bana talimat verdi, \u2018isale hatt\u0131n\u0131 yap, Mersin\u2019e su gelsin\u2019 dedi. O iletim hatt\u0131n\u0131 biz yapt\u0131k. Bunun d\u0131\u015f\u0131nda tam 12 tane baraj ve g\u00f6let in\u015fa ettik. Hatta Alak\u00f6pr\u00fc Baraj\u0131 ile hem Anamur ovas\u0131n\u0131n sulamas\u0131n\u0131 yapaca\u011f\u0131z hem de yavru vatana su g\u00f6t\u00fcrd\u00fck. 92 bin 220 dekar araziyi sulad\u0131k, \u00e7ift\u00e7ilerimize her y\u0131l 69 milyon TL ilave para ceplerine giriyor. \u0130n\u015fallah bu tesisler bitince hedefimiz, en az 400 milyon TL \u00e7ift\u00e7imizin cebine ilave para gelecek. Bu da zenginlik demektir\u201d ifadelerini kulland\u0131.<\/span><br style=\"color: rgb(0, 0, 0); font-family: Tahoma, Arial, &quot;Times New Roman TUR&quot;, Verdana; font-size: 15px;\" \/><br \/>\n<span style=\"color: rgb(0, 0, 0); font-family: Tahoma, Arial, &quot;Times New Roman TUR&quot;, Verdana; font-size: 15px;\">Bug\u00fcn\u00fcn kendileri i\u00e7in ayr\u0131 bir \u00f6nemi oldu\u011funu belirten Ero\u011flu, AK Parti\u2019nin 3 Kas\u0131m 2002 tarihinde kuruldu\u011funu an\u0131msatarak, \u201c15 y\u0131lda AK Parti H\u00fck\u00fcmeti\u2019nin nereden nereye getirdi T\u00fcrkiye\u2019yi; 6 s\u0131f\u0131r\u0131 at\u0131verdi, faiz lobisinin hortumlar\u0131n\u0131 kesti. Bu barajlar, yollar, k\u00f6pr\u00fcler, hastaneler nas\u0131l yap\u0131l\u0131yor? G\u00f6kten d\u00f6viz, alt\u0131n ya\u011fm\u0131yor. Sadece yapt\u0131\u011f\u0131m\u0131z, sizin al\u0131n terinizle kazand\u0131\u011f\u0131n\u0131z paran\u0131n, verdi\u011finiz verginin y\u00fczde 86\u2019s\u0131 faiz lobisi taraf\u0131ndan tamamen hortumlan\u0131yordu. Recep Tayyip Erdo\u011fan\u2019\u0131n yapt\u0131\u011f\u0131, Mersin baltas\u0131yla hortumlar\u0131 kesiverdi. Art\u0131k hizmetler size ak\u0131yor\u201d dedi.<\/span><br style=\"color: rgb(0, 0, 0); font-family: Tahoma, Arial, &quot;Times New Roman TUR&quot;, Verdana; font-size: 15px;\" \/><br \/>\n<br style=\"color: rgb(0, 0, 0); font-family: Tahoma, Arial, &quot;Times New Roman TUR&quot;, Verdana; font-size: 15px;\" \/><br \/>\n<span style=\"color: rgb(0, 0, 0); font-family: Tahoma, Arial, &quot;Times New Roman TUR&quot;, Verdana; font-size: 15px;\">\u201cProjelerin tamam\u0131n\u0131 zaman\u0131ndan \u00f6nce tamamlayarak hizmete sunaca\u011f\u0131z\u201d<\/span><br style=\"color: rgb(0, 0, 0); font-family: Tahoma, Arial, &quot;Times New Roman TUR&quot;, Verdana; font-size: 15px;\" \/><br \/>\n<span style=\"color: rgb(0, 0, 0); font-family: Tahoma, Arial, &quot;Times New Roman TUR&quot;, Verdana; font-size: 15px;\">Bakan Elvan ise, ge\u00e7en y\u0131l Mersin\u2019e geldi\u011finde De\u011firmen\u00e7ay Baraj\u0131 i\u00e7in s\u00f6z verdi\u011fini, baz\u0131lar\u0131n\u0131n buna inanmad\u0131\u011f\u0131n\u0131 an\u0131msatarak, \u201cBen hi\u00e7 Y\u00f6r\u00fck karde\u015flerime yapamayaca\u011f\u0131m\u0131z bir \u015feyi yapar\u0131m der miyim? Asla. Ne demi\u015ftim size o zaman, benim a\u011fz\u0131mdan ne \u00e7\u0131km\u0131\u015fsa o yap\u0131lacakt\u0131r. Bizi ba\u015fkalar\u0131yla kar\u0131\u015ft\u0131rmas\u0131nlar. Biz, adam gibi adam Cumhurba\u015fkan\u0131m\u0131z Recep Tayyip Erdo\u011fan\u2019\u0131n yol arkada\u015f\u0131y\u0131z. Bug\u00fcn sadece De\u011firmen\u00e7ay Baraj\u0131\u2019n\u0131n temelini atm\u0131yoruz, bununla birlikte 21 tesisimizin temel atma t\u00f6renini ger\u00e7ekle\u015ftiriyoruz. Bunlar\u0131n bir k\u0131sm\u0131na ba\u015flad\u0131k. Bu projelerin tamam\u0131n\u0131 zaman\u0131ndan \u00f6nce tamamlayaca\u011f\u0131z ve sizlerin hizmetine sunaca\u011f\u0131z. Mersinimiz \u015fahlanmaya ba\u015flad\u0131, \u015fahland\u0131k\u00e7a \u015fahlanacak, b\u00fcy\u00fcd\u00fck\u00e7e b\u00fcy\u00fcyecek, g\u00fc\u00e7lendik\u00e7e g\u00fc\u00e7lenecek\u201d \u015feklinde konu\u015ftu.<\/span><br style=\"color: rgb(0, 0, 0); font-family: Tahoma, Arial, &quot;Times New Roman TUR&quot;, Verdana; font-size: 15px;\" \/><br \/>\n<br style=\"color: rgb(0, 0, 0); font-family: Tahoma, Arial, &quot;Times New Roman TUR&quot;, Verdana; font-size: 15px;\" \/><br \/>\n<span style=\"color: rgb(0, 0, 0); font-family: Tahoma, Arial, &quot;Times New Roman TUR&quot;, Verdana; font-size: 15px;\">\u201cSizin deste\u011finiz s\u00fcrd\u00fc\u011f\u00fc m\u00fcddet\u00e7e T\u00fcrkiye g\u00fc\u00e7lendik\u00e7e g\u00fc\u00e7lenecek\u201d<\/span><br style=\"color: rgb(0, 0, 0); font-family: Tahoma, Arial, &quot;Times New Roman TUR&quot;, Verdana; font-size: 15px;\" \/><br \/>\n<span style=\"color: rgb(0, 0, 0); font-family: Tahoma, Arial, &quot;Times New Roman TUR&quot;, Verdana; font-size: 15px;\">Konu\u015fmas\u0131nda ter\u00f6rle m\u00fccadeleye de vurgu yapan Elvan, bir taraftan PKK, DEA\u015e, FET\u00d6, DHKP-C gibi ter\u00f6r \u00f6rg\u00fctleriyle m\u00fccadele ederken, di\u011fer taraftan T\u00fcrkiye\u2019yi b\u00fcy\u00fctmeye ve g\u00fc\u00e7lendirme devam ettiklerinin alt\u0131n\u0131 \u00e7izdi. Elvan, \u201cSadece ter\u00f6r \u00f6rg\u00fctleri de\u011fil, bunlar\u0131n d\u0131\u015f\u0131nda, \u00fclkemizin geli\u015fmesini ve g\u00fc\u00e7lenmesini istemeyen \u00fclkeler var, onlar da bizimle m\u00fccadele ediyorlar. Ama \u015fundan emin olunuz; sizin g\u00fc\u00e7l\u00fc deste\u011finiz, kararl\u0131l\u0131\u011f\u0131n\u0131z, vatan sevginiz s\u00fcrd\u00fc\u011f\u00fc m\u00fcddet\u00e7e, T\u00fcrkiye g\u00fc\u00e7lendik\u00e7e g\u00fc\u00e7lenecek. D\u00fcn 8 karde\u015fimiz \u015fehit oldu. Allah\u2019tan rahmet diliyoruz, ruhlar\u0131 \u015fad olsun. Buradan sadece ter\u00f6r \u00f6rg\u00fctlerine de\u011fil, onlar\u0131 destekleyenlere de sesleniyorum; ne yaparsan\u0131z yap\u0131n, ter\u00f6r \u00f6rg\u00fctlerinin k\u00f6k\u00fcn\u00fc kurutaca\u011f\u0131z ve sizlerle de m\u00fccadele edece\u011fiz. T\u00fcrkiye\u2019nin b\u00fcy\u00fcmesini, g\u00fc\u00e7lenmesini istemiyorlar. Birileri talimat versin, h\u00fck\u00fcmetler de onu uygulas\u0131n istiyorlar. Bug\u00fcne kadar biz buna asla izin vermedik, bundan sonraki s\u00fcre\u00e7te de asla izin vermeyece\u011fiz\u201d dedi.<\/span><br style=\"color: rgb(0, 0, 0); font-family: Tahoma, Arial, &quot;Times New Roman TUR&quot;, Verdana; font-size: 15px;\" \/><br \/>\n<span style=\"color: rgb(0, 0, 0); font-family: Tahoma, Arial, &quot;Times New Roman TUR&quot;, Verdana; font-size: 15px;\">Konu\u015fmalar\u0131n ard\u0131ndan, Bakan Ero\u011flu ve Bakan Elvan, Mersin Valisi Ali \u0130hsan Su ve protokol \u00fcyeleri ile birlikte butona basarak De\u011firmen\u00e7ay Baraj\u0131 ba\u015fta olmak \u00fczere 21 tesisin temelini att\u0131. T\u00f6rende ayr\u0131ca, orman k\u00f6yl\u00fclerinin kalk\u0131nd\u0131r\u0131lmas\u0131 amac\u0131yla 10 aileye gelir getirici t\u00fcr, 9 aileye Ork\u00f6y sertifikas\u0131 verilirken, t\u00f6rene kat\u0131lan vatanda\u015flara da badem, ceviz, biberiye, defne ve harnup t\u00fcrlerinden olu\u015fan 3 bin 500 adet fidan \u00fccretsiz olarak da\u011f\u0131t\u0131ld\u0131.<\/span><\/p>\n","protected":false},"excerpt":{"rendered":"<p>Orman ve Su \u0130\u015fleri Bakan\u0131 Veysel Ero\u011flu ile Kalk\u0131nma Bakan\u0131 L\u00fctfi Elvan, Mersin\u2019de 608 milyon lira yat\u0131r\u0131m bedelli 21 adet tesisin temel atma t\u00f6renine kat\u0131ld\u0131. Bakan Ero\u011flu ve Bakan Elvan, &hellip; <a href=\"https:\/\/akdenizolaygazetesi.com\/?p=1438\" class=\"more-link\">Devam\u0131n\u0131 Oku&#8230;<\/a><\/p>\n","protected":false},"author":1,"featured_media":0,"comment_status":"open","ping_status":"open","sticky":false,"template":"","format":"standard","meta":[],"categories":[],"tags":[],"_links":{"self":[{"href":"https:\/\/akdenizolaygazetesi.com\/index.php?rest_route=\/wp\/v2\/posts\/1438"}],"collection":[{"href":"https:\/\/akdenizolaygazetesi.com\/index.php?rest_route=\/wp\/v2\/posts"}],"about":[{"href":"https:\/\/akdenizolaygazetesi.com\/index.php?rest_route=\/wp\/v2\/types\/post"}],"author":[{"embeddable":true,"href":"https:\/\/akdenizolaygazetesi.com\/index.php?rest_route=\/wp\/v2\/users\/1"}],"replies":[{"embeddable":true,"href":"https:\/\/akdenizolaygazetesi.com\/index.php?rest_route=%2Fwp%2Fv2%2Fcomments&post=1438"}],"version-history":[{"count":0,"href":"https:\/\/akdenizolaygazetesi.com\/index.php?rest_route=\/wp\/v2\/posts\/1438\/revisions"}],"wp:attachment":[{"href":"https:\/\/akdenizolaygazetesi.com\/index.php?rest_route=%2Fwp%2Fv2%2Fmedia&parent=1438"}],"wp:term":[{"taxonomy":"category","embeddable":true,"href":"https:\/\/akdenizolaygazetesi.com\/index.php?rest_route=%2Fwp%2Fv2%2Fcategories&post=1438"},{"taxonomy":"post_tag","embeddable":true,"href":"https:\/\/akdenizolaygazetesi.com\/index.php?rest_route=%2Fwp%2Fv2%2Ftags&post=1438"}],"curies":[{"name":"wp","href":"https:\/\/api.w.org\/{rel}","templated":true}]}}