{"id":14385,"date":"2021-09-28T12:51:56","date_gmt":"2021-09-28T09:51:56","guid":{"rendered":"http:\/\/akdenizolaygazetesi.com\/?p=14385"},"modified":"2021-09-28T12:51:56","modified_gmt":"2021-09-28T09:51:56","slug":"hayallerimiz-gercek-oluyor","status":"publish","type":"post","link":"https:\/\/akdenizolaygazetesi.com\/?p=14385","title":{"rendered":"\u201cHAYALLER\u0130M\u0130Z GER\u00c7EK OLUYOR\u201d"},"content":{"rendered":"<p>Yerinde kentsel d\u00f6n\u00fc\u015f\u00fcm projesinin ba\u015flad\u0131\u011f\u0131 Bar\u0131\u015f Mahallesi sakinlerinden Emine Selimbabao\u011fullar\u0131, 37 y\u0131ld\u0131r mahallede ya\u015fad\u0131\u011f\u0131n\u0131 belirterek; \u201cMahallemde iyi k\u00f6t\u00fc, ac\u0131, tatl\u0131 hat\u0131ralar\u0131m\u0131z oldu. \u0130ki \u00e7ocu\u011fumu burada d\u00fcnyaya getirip b\u00fcy\u00fctt\u00fcm. Tabi g\u00f6n\u00fcl istiyor ki daha g\u00fczel, daha temiz ve d\u00fczenli bir eve \u00e7\u0131kmak. \u015eimdi proje ile hayallerimizin ger\u00e7ekle\u015fece\u011fine inan\u0131yoruz\u201d dedi.<br \/>\nAkdeniz Belediyesi\u2019nin giri\u015fimleri sayesinde TOK\u0130 taraf\u0131ndan kent merkezinde bulunan Bar\u0131\u015f Mahallesi\u2019nde, uzun s\u00fcren bekleyi\u015fin ard\u0131ndan \u2018Yerinde Kentsel D\u00f6n\u00fc\u015f\u00fcm Projesi ba\u015flad\u0131. B\u00f6lgede ge\u00e7en hafta i\u00e7inde i\u015f makineleri yard\u0131m\u0131yla eski evlerin y\u0131k\u0131m\u0131na ba\u015fland\u0131. TOK\u0130 eliyle y\u00fcr\u00fct\u00fclen proje ile mahallede 415 yeni, g\u00fcvenli ve modern konut, ticaret alanlar\u0131, k\u00fclt\u00fcr merkezi, ibadethaneler, kre\u015fler ve parklar yap\u0131lacak.<br \/>\n\u201cDaha g\u00fczel, temiz ve g\u00fcvenli bir evde oturmak istiyoruz\u201d<br \/>\nBar\u0131\u015f Mahallesi sakinleri; y\u0131llard\u0131r s\u00fcren bir bekleyi\u015fin ard\u0131ndan ya\u015fad\u0131klar\u0131 b\u00f6lgede ba\u015flay\u0131p \u00e7evrelerini tamamen de\u011fi\u015ftirecek olan yerinde kentsel d\u00f6n\u00fc\u015f\u00fcm projesinden duyduklar\u0131 sevinci dile getirdi. Emine Selimbabao\u011fullar\u0131 adl\u0131 mahalle sakini, 37 y\u0131ld\u0131r ayn\u0131 evde ya\u015fad\u0131\u011f\u0131n\u0131 ifade ederek, \u201c\u0130ki \u00e7ocu\u011fumu da bu evde d\u00fcnyaya getirip b\u00fcy\u00fctt\u00fcm. \u0130yi k\u00f6t\u00fc, ac\u0131, tatl\u0131 g\u00fcnlerimiz oldu. Tabi ki her yerde an\u0131lar\u0131m\u0131z, g\u00fczel hat\u0131ralar\u0131m\u0131z var. Ama tabi g\u00f6n\u00fcl istiyor ki daha g\u00fczel, daha temiz ve d\u00fczenli bir eve \u00e7\u0131kmak&#8230; \u015eimdi bu proje ile hayallerimizin ger\u00e7ekle\u015fece\u011fine inan\u0131yoruz\u201d dedi.<br \/>\n\u201cB\u00fcy\u00fck bir dertten kurtuluyoruz\u201d<br \/>\nBar\u0131\u015f Mahallesi\u2019nde 65 senedir ya\u015fad\u0131\u011f\u0131n\u0131 s\u00f6yleyen 72 ya\u015f\u0131ndaki Ahmet Kara ise; \u201cBu mahallede do\u011fdum, b\u00fcy\u00fcd\u00fcm ki buralar baya\u011f\u0131 eski bir mahalle. Daha \u00f6ncesi kar\u015f\u0131s\u0131 patl\u0131can bah\u00e7esi idi. Buralar o zamanlar yap\u0131ld\u0131\u011f\u0131nda tabi g\u00fczel bir mahalle idi. Ama \u015fimdi betonlar \u00e7\u00fcr\u00fcd\u00fc\u011f\u00fc i\u00e7in oturamaz duruma geldik. Gece yatarken kafam\u0131za nereden beton d\u00fc\u015fecek diye korkuyorduk, evlerimizin i\u00e7inde uyuyam\u0131yorduk. \u00c7ok \u015f\u00fck\u00fcr belediyemiz sa\u011f olsun, buray\u0131 y\u0131kmaya ba\u015flad\u0131. Biz de o dertten kurtuluyoruz\u201d diye konu\u015ftu.<\/p>\n<p>\u201cY\u0131llard\u0131r bekledi\u011fimiz bir g\u00fcnd\u00fc\u201d<br \/>\nRecep Tepe adl\u0131 Bar\u0131\u015f Mahallesi sakini ise 1992 y\u0131l\u0131ndan beri mahallede ikamet etti\u011fini belirterek; \u201c\u0130ki \u00e7ocu\u011fum da burada d\u00fcnyaya geldi, ikisini de burada b\u00fcy\u00fctt\u00fck ve okuttuk. Y\u0131llard\u0131r bekledi\u011fimiz an, Akdeniz Belediye Ba\u015fkan\u0131m\u0131z Say\u0131n Mustafa G\u00fcltak zaman\u0131nda geldi. Y\u0131llard\u0131r gelmi\u015f ge\u00e7mi\u015f belediyeler, \u2018kentsel d\u00f6n\u00fc\u015f\u00fcm yapaca\u011f\u0131z\u2019 diyorlard\u0131 ama Ba\u015fkan\u0131m\u0131z Say\u0131n G\u00fcltak bu i\u015fe el att\u0131. \u00c7ok \u00e7ileler \u00e7ektik, damlar\u0131m\u0131z akar, sokaklar\u0131m\u0131z kirli, baya\u011f\u0131 \u00e7ile \u00e7ektik. \u015eimdi ise mahallemizde kentsel d\u00f6n\u00fc\u015f\u00fcm ba\u015flad\u0131\u011f\u0131 i\u00e7in ve buralar yeniden yap\u0131laca\u011f\u0131 i\u00e7in \u00e7ok mutluyuz. Say\u0131n Ba\u015fkan\u0131m\u0131za te\u015fekk\u00fcr ediyoruz\u201d ifadelerini kulland\u0131.<br \/>\n\u201cEski evler tadilatla, tamiratla d\u00fczelmiyor\u201d<br \/>\nH\u00fcr\u00fc Kurttekin adl\u0131 46 ya\u015f\u0131ndaki mahalle sakini de duygular\u0131n\u0131 \u015fu s\u00f6zlerle dile getirdi; \u201cBu mahallede 30 y\u0131ld\u0131r oturuyorum. \u00c7ocuklar\u0131m\u0131 burada d\u00fcnyaya getirdim, b\u00fcy\u00fctt\u00fcm ve evlendirdim. Buran\u0131n her k\u00f6\u015fesinde ayr\u0131 ve g\u00fczel an\u0131lar\u0131m var. K\u0131z\u0131m\u0131n, kap\u0131n\u0131n \u00f6n\u00fcnde gelin \u00e7\u0131k\u0131\u015f\u0131n\u0131 hayal ettim \u015fimdi, i\u00e7im gitti. Ama evlerimizi al\u0131rken de maalesef eskiydi. Y\u0131llarca hem \u00e7ocuklar\u0131m\u0131z\u0131 b\u00fcy\u00fctmekle hem de evlerimizi tadilat ve tamirattan ge\u00e7irmekle u\u011fra\u015ft\u0131k. Fakat eski ev; yap\u0131yorsun yine y\u0131k\u0131l\u0131yor, ak\u0131yor, la\u011f\u0131m\u0131, suyu, elektri\u011fi sorun oluyor. Evin pencere camlar\u0131n\u0131 naylon ile kapl\u0131yordum \u00e7\u00fcnk\u00fc i\u00e7eriye ya\u011fmur suyu giriyordu. Ayr\u0131lmas\u0131 zor, y\u0131llar\u0131m\u0131z ge\u00e7ti. Fakat bize sa\u011flanan kentsel d\u00f6n\u00fc\u015f\u00fcm projesi ho\u015fumuza gitti.\u201d<br \/>\n\u201cMutluyum, sevin\u00e7liyim\u201d<br \/>\nBar\u0131\u015f Mahallesi sakini 36 ya\u015f\u0131ndaki Fatma Aslan da mahalleye gelin geldi\u011fini s\u00f6yledi. \u201cG\u00fczel an\u0131lar\u0131m da var burada\u201d diyen Aslan; \u201c\u00c7ocuklar\u0131m\u0131 burada do\u011furup b\u00fcy\u00fctt\u00fcm. Evimizi tadilattan ge\u00e7irdik ama bir t\u00fcrl\u00fc d\u00fczen tutmad\u0131. Oray\u0131, buray\u0131 yapt\u0131ral\u0131m dedik ama her yerinden sular ak\u0131yordu. Ya\u011fmur ya\u011fd\u0131\u011f\u0131nda her taraf su veya \u00e7amur i\u00e7inde kal\u0131yordu. Maddi imk\u00e2n\u0131m iyi olsayd\u0131 zaten bu evde oturmak istemiyordum. Sokaklar\u0131m\u0131zda uyu\u015fturucu veya i\u00e7ki i\u00e7enler, kavgalar, g\u00fcr\u00fclt\u00fcler \u00e7ok. \u00c7ocuklar\u0131m \u00e7ok olumsuz etkileniyordu. Ama \u015fimdi bu proje bize sunuldu. Kendi ad\u0131ma \u00e7ok mutluyum, sevin\u00e7liyim. Ba\u015fkan\u0131m\u0131za da \u00e7ok g\u00fcveniyoruz\u201d \u015feklinde konu\u015ftu.<\/p>\n","protected":false},"excerpt":{"rendered":"<p>Yerinde kentsel d\u00f6n\u00fc\u015f\u00fcm projesinin ba\u015flad\u0131\u011f\u0131 Bar\u0131\u015f Mahallesi sakinlerinden Emine Selimbabao\u011fullar\u0131, 37 y\u0131ld\u0131r mahallede ya\u015fad\u0131\u011f\u0131n\u0131 belirterek; \u201cMahallemde iyi k\u00f6t\u00fc, ac\u0131, tatl\u0131 hat\u0131ralar\u0131m\u0131z oldu. \u0130ki \u00e7ocu\u011fumu burada d\u00fcnyaya getirip b\u00fcy\u00fctt\u00fcm. Tabi g\u00f6n\u00fcl &hellip; <a href=\"https:\/\/akdenizolaygazetesi.com\/?p=14385\" class=\"more-link\">Devam\u0131n\u0131 Oku&#8230;<\/a><\/p>\n","protected":false},"author":2,"featured_media":14386,"comment_status":"open","ping_status":"open","sticky":false,"template":"","format":"standard","meta":[],"categories":[8,1,2,3],"tags":[],"_links":{"self":[{"href":"https:\/\/akdenizolaygazetesi.com\/index.php?rest_route=\/wp\/v2\/posts\/14385"}],"collection":[{"href":"https:\/\/akdenizolaygazetesi.com\/index.php?rest_route=\/wp\/v2\/posts"}],"about":[{"href":"https:\/\/akdenizolaygazetesi.com\/index.php?rest_route=\/wp\/v2\/types\/post"}],"author":[{"embeddable":true,"href":"https:\/\/akdenizolaygazetesi.com\/index.php?rest_route=\/wp\/v2\/users\/2"}],"replies":[{"embeddable":true,"href":"https:\/\/akdenizolaygazetesi.com\/index.php?rest_route=%2Fwp%2Fv2%2Fcomments&post=14385"}],"version-history":[{"count":1,"href":"https:\/\/akdenizolaygazetesi.com\/index.php?rest_route=\/wp\/v2\/posts\/14385\/revisions"}],"predecessor-version":[{"id":14387,"href":"https:\/\/akdenizolaygazetesi.com\/index.php?rest_route=\/wp\/v2\/posts\/14385\/revisions\/14387"}],"wp:featuredmedia":[{"embeddable":true,"href":"https:\/\/akdenizolaygazetesi.com\/index.php?rest_route=\/wp\/v2\/media\/14386"}],"wp:attachment":[{"href":"https:\/\/akdenizolaygazetesi.com\/index.php?rest_route=%2Fwp%2Fv2%2Fmedia&parent=14385"}],"wp:term":[{"taxonomy":"category","embeddable":true,"href":"https:\/\/akdenizolaygazetesi.com\/index.php?rest_route=%2Fwp%2Fv2%2Fcategories&post=14385"},{"taxonomy":"post_tag","embeddable":true,"href":"https:\/\/akdenizolaygazetesi.com\/index.php?rest_route=%2Fwp%2Fv2%2Ftags&post=14385"}],"curies":[{"name":"wp","href":"https:\/\/api.w.org\/{rel}","templated":true}]}}