{"id":14388,"date":"2021-09-28T12:53:47","date_gmt":"2021-09-28T09:53:47","guid":{"rendered":"http:\/\/akdenizolaygazetesi.com\/?p=14388"},"modified":"2021-09-28T12:53:47","modified_gmt":"2021-09-28T09:53:47","slug":"mersinin-super-ligde-takimi-olmali","status":"publish","type":"post","link":"https:\/\/akdenizolaygazetesi.com\/?p=14388","title":{"rendered":"&#8216;Mersin\u2019in S\u00fcper Lig\u2019de tak\u0131m\u0131 olmal\u0131&#8217;"},"content":{"rendered":"<p>Mersin Tarsus Organize Sanayi B\u00f6lgesi Ba\u015fkan\u0131 Sabri Tekli, \u2018Mersin kent olarak s\u00fcper ligde. Kentin tak\u0131mlar\u0131ndan birinin mutlaka s\u00fcper ligde olmas\u0131 gerekiyor\u2019 dedi.<\/p>\n<p>Mersin Futbol Kul\u00fcb\u00fc Ba\u015fkan\u0131 Akg\u00fcn L\u00fcl\u00fc, Ba\u015fkan Yard\u0131mc\u0131lar\u0131 Alpay Seyhan, Hakan Bozbey ve Emrah Altun, futbolcular ve teknik heyet ile birlikte Mersin Tarsus Organize Sanayi B\u00f6lgesi\u2019ni ziyaret ederek Y\u00f6netim Kurulu Ba\u015fkan\u0131 Sabri Tekli ile bir araya geldiler.<\/p>\n<p>Ziyaret s\u0131ras\u0131nda konu\u015fan Ba\u015fkan Tekli, \u2018Kentimiz S\u00fcper Lig\u2019de olan bir kent. \u00dcretimi ile, istihdam oranlar\u0131 ile, ihracat\u0131 ile, \u00f6denen vergi miktar\u0131 ile \u00fclke ekonomisine b\u00fcy\u00fck katk\u0131lar sa\u011fl\u0131yoruz. B\u00f6yle bir kentin \u2018S\u00fcper Lig\u2019de bir tak\u0131m\u0131 olmamas\u0131 olduk\u00e7a \u00fcz\u00fcc\u00fc. Vatan\u0131m\u0131z olarak g\u00f6rd\u00fc\u011f\u00fcm\u00fcz Mersin\u2019in mutlaka \u2018S\u00fcper Lig\u2019de bir tak\u0131m\u0131 olmal\u0131. Ben de lise \u00e7a\u011flar\u0131mda futbol oynad\u0131m. Futbolun amat\u00f6r ruh ile ba\u015flad\u0131\u011f\u0131n\u0131 en iyi bilenlerdenim. Mersin\u2019in mutlaka S\u00fcper Ligde olmas\u0131 gerekiyor. Bu anlamda da birlik ve beraberlik i\u00e7erisinde hareket edilmesi laz\u0131m. Amat\u00f6r ruhu kaybetmeden profesyonelce hareket edildi\u011fi takdirde Mersin\u2019in zirveye \u00e7\u0131kaca\u011f\u0131ndan eminim\u2019 dedi.<\/p>\n<p>Mersin Futbol Kul\u00fcb\u00fc Ba\u015fkan\u0131 Akg\u00fcn L\u00fcl\u00fc ise, \u2018Sabri Tekli ba\u015fkan\u0131m her zaman Mersin \u0130dmanyurdu y\u00f6netimlerinde yer alarak destek verdi. Mersin \u0130dmanyurdu\u2019nun S\u00fcper Lig\u2019e \u00e7\u0131kmas\u0131nda b\u00fcy\u00fck katk\u0131lar\u0131 olan bir isim. Ayn\u0131 zamanda \u015fu anda \u0130\u00e7el \u0130dmanyurdu Ba\u015fkan Vekili. Sadece futbol camias\u0131nda de\u011fil t\u00fcm Mersin\u2019e fayda sa\u011flayan bir yap\u0131 i\u00e7erisinde olan Sabri Tekli ba\u015fkan\u0131ma Mersin ad\u0131na te\u015fekk\u00fcr ederim\u2019 dedi.<\/p>\n<p>Mersin Futbol Kul\u00fcb\u00fc heyeti daha sonra MTOSB i\u00e7erisinde yap\u0131lan \u00e7al\u0131\u015fmalar hakk\u0131nda bilgilendirildi. <\/p>\n","protected":false},"excerpt":{"rendered":"<p>Mersin Tarsus Organize Sanayi B\u00f6lgesi Ba\u015fkan\u0131 Sabri Tekli, \u2018Mersin kent olarak s\u00fcper ligde. Kentin tak\u0131mlar\u0131ndan birinin mutlaka s\u00fcper ligde olmas\u0131 gerekiyor\u2019 dedi. Mersin Futbol Kul\u00fcb\u00fc Ba\u015fkan\u0131 Akg\u00fcn L\u00fcl\u00fc, Ba\u015fkan Yard\u0131mc\u0131lar\u0131 &hellip; <a href=\"https:\/\/akdenizolaygazetesi.com\/?p=14388\" class=\"more-link\">Devam\u0131n\u0131 Oku&#8230;<\/a><\/p>\n","protected":false},"author":2,"featured_media":14389,"comment_status":"open","ping_status":"open","sticky":false,"template":"","format":"standard","meta":[],"categories":[3,10],"tags":[],"_links":{"self":[{"href":"https:\/\/akdenizolaygazetesi.com\/index.php?rest_route=\/wp\/v2\/posts\/14388"}],"collection":[{"href":"https:\/\/akdenizolaygazetesi.com\/index.php?rest_route=\/wp\/v2\/posts"}],"about":[{"href":"https:\/\/akdenizolaygazetesi.com\/index.php?rest_route=\/wp\/v2\/types\/post"}],"author":[{"embeddable":true,"href":"https:\/\/akdenizolaygazetesi.com\/index.php?rest_route=\/wp\/v2\/users\/2"}],"replies":[{"embeddable":true,"href":"https:\/\/akdenizolaygazetesi.com\/index.php?rest_route=%2Fwp%2Fv2%2Fcomments&post=14388"}],"version-history":[{"count":1,"href":"https:\/\/akdenizolaygazetesi.com\/index.php?rest_route=\/wp\/v2\/posts\/14388\/revisions"}],"predecessor-version":[{"id":14390,"href":"https:\/\/akdenizolaygazetesi.com\/index.php?rest_route=\/wp\/v2\/posts\/14388\/revisions\/14390"}],"wp:featuredmedia":[{"embeddable":true,"href":"https:\/\/akdenizolaygazetesi.com\/index.php?rest_route=\/wp\/v2\/media\/14389"}],"wp:attachment":[{"href":"https:\/\/akdenizolaygazetesi.com\/index.php?rest_route=%2Fwp%2Fv2%2Fmedia&parent=14388"}],"wp:term":[{"taxonomy":"category","embeddable":true,"href":"https:\/\/akdenizolaygazetesi.com\/index.php?rest_route=%2Fwp%2Fv2%2Fcategories&post=14388"},{"taxonomy":"post_tag","embeddable":true,"href":"https:\/\/akdenizolaygazetesi.com\/index.php?rest_route=%2Fwp%2Fv2%2Ftags&post=14388"}],"curies":[{"name":"wp","href":"https:\/\/api.w.org\/{rel}","templated":true}]}}