{"id":14394,"date":"2021-09-28T12:57:21","date_gmt":"2021-09-28T09:57:21","guid":{"rendered":"http:\/\/akdenizolaygazetesi.com\/?p=14394"},"modified":"2021-09-28T12:57:21","modified_gmt":"2021-09-28T09:57:21","slug":"buyuksehir-turk-halk-ve-sanat-muzigi-topluluklarina-enstruman-sanatcisi-alim-sinavini-tamamladi","status":"publish","type":"post","link":"https:\/\/akdenizolaygazetesi.com\/?p=14394","title":{"rendered":"B\u00dcY\u00dcK\u015eEH\u0130R, T\u00dcRK HALK VE SANAT M\u00dcZ\u0130\u011e\u0130 TOPLULUKLARINA ENSTR\u00dcMAN SANAT\u00c7ISI ALIM SINAVINI TAMAMLADI"},"content":{"rendered":"<p>Mersin B\u00fcy\u00fck\u015fehir Belediyesi K\u00fclt\u00fcr ve Sosyal \u0130\u015fler Dairesi, b\u00fcnyesinde hizmet veren T\u00fcrk Halk M\u00fczi\u011fi ve T\u00fcrk Sanat M\u00fczi\u011fi Topluluklar\u0131na enstr\u00fcman sanat\u00e7\u0131s\u0131 al\u0131m\u0131 i\u00e7in s\u0131nav ger\u00e7ekle\u015ftirdi. Aralar\u0131nda \u00fcnl\u00fc sanat\u00e7\u0131 H\u00fcseyin Turan ve kanun sanat\u00e7\u0131s\u0131 Ahmet Baran\u2019\u0131n da bulundu\u011fu j\u00fcri \u00fcyeleri, s\u0131nav \u00f6ncesi Mersin B\u00fcy\u00fck\u015fehir Belediye Ba\u015fkan\u0131 Vahap Se\u00e7er\u2019i ziyaret etti. Se\u00e7melerde liyakata \u00f6nem verdiklerini ifade eden Ba\u015fkan Se\u00e7er, \u201cSanatta torpilin olmayaca\u011f\u0131n\u0131 bu uygulamalar g\u00f6steriyor\u201d dedi.<\/p>\n<p>Adaylar j\u00fcri kar\u015f\u0131s\u0131nda yeteneklerini sergiledi<\/p>\n<p>Nevit Kodall\u0131 Salonu\u2019nda ger\u00e7ekle\u015ftirilen s\u0131nav\u0131n j\u00fcri koltu\u011funda T\u00fcrk Halk M\u00fczi\u011fi Sanat\u00e7\u0131s\u0131 H\u00fcseyin Turan, \u00c7ukurova Senfoni Orkestras\u0131 Orkestra \u015eefi Eray \u0130nal, Mersin Devlet Klasik T\u00fcrk M\u00fczi\u011fi Korosu Kanun Sanat\u00e7\u0131s\u0131 Ahmet Baran, Mersin B\u00fcy\u00fck\u015fehir Belediyesi K\u00fclt\u00fcr ve Sosyal \u0130\u015fler Dairesi Ba\u015fkan Vekili Serdal G\u00f6kayaz, B\u00fcy\u00fck\u015fehir Belediyesi K\u00fclt\u00fcr ve Sosyal \u0130\u015fler Dairesi Ba\u015fkanl\u0131\u011f\u0131 Koordinat\u00f6r\u00fc Bengi \u0130spir \u00d6zd\u00fclger ile Mersin B\u00fcy\u00fck\u015fehir Belediyesi Konservatuvar \u015eef Vekili \u0130lker Bozkurt yer ald\u0131. G\u00f6zlemci \u00fcye olarak ise Mersin B\u00fcy\u00fck\u015fehir Belediyesi \u015eehir Tiyatrosu Genel Sanat Y\u00f6netmeni Murat Atak, Mersin B\u00fcy\u00fck\u015fehir Belediyesi Tiyatro ve Sanat \u015eube M\u00fcd\u00fcrl\u00fc\u011f\u00fc Koordinat\u00f6r\u00fc Zehra Alev Tol yer ald\u0131.<\/p>\n<p>Kat\u0131l\u0131m\u0131n yo\u011fun oldu\u011fu s\u0131navda adaylardan \u00f6ncelikle kendi se\u00e7tikleri bir par\u00e7ay\u0131 \u00e7almalar\u0131 istendi. Ard\u0131ndan, adaylar kendilerine verilen de\u015fifreleri akor, arpej veya ritimle \u00e7alarak yeteneklerini sergiledi.<\/p>\n<p>Ba\u015fkan Se\u00e7er: \u201cSanatta torpilin olmayaca\u011f\u0131n\u0131 bu uygulamalar g\u00f6steriyor\u201d<\/p>\n<p>S\u0131nav \u00f6ncesi j\u00fcri \u00fcyeleri ile bir araya gelen Ba\u015fkan Se\u00e7er, Mersin B\u00fcy\u00fck\u015fehir Belediyesi\u2019nin sanat\u00e7\u0131 se\u00e7melerinde objektif davrand\u0131\u011f\u0131n\u0131, bu anlay\u0131\u015f\u0131n yayg\u0131nla\u015fmas\u0131 gerekti\u011fini s\u00f6yledi. T\u00fcm i\u015f alanlar\u0131nda oldu\u011fu gibi sanatta da liyakata \u00f6nem verdiklerini, y\u00f6netim anlay\u0131\u015flar\u0131nda ideolojik hi\u00e7bir ayr\u0131m\u0131n s\u00f6z konusu olamayaca\u011f\u0131n\u0131 vurgulayan Se\u00e7er, \u201cBence sanat \u00e7ok \u00f6nemli. Sanatta torpilin olmayaca\u011f\u0131n\u0131 bu uygulamalar g\u00f6steriyor. Herkes kabiliyetine g\u00f6re \u00e7\u0131ks\u0131n, yar\u0131\u015fs\u0131n\u201d dedi.<\/p>\n<p>J\u00fcri \u00fcyelerinden Ba\u015fkan Se\u00e7er\u2019e te\u015fekk\u00fcr<\/p>\n<p>Mersin B\u00fcy\u00fck\u015fehir Belediyesi\u2019nin sanat\u00e7\u0131 se\u00e7iminde g\u00f6sterdi\u011fi titizlikten dolay\u0131 \u00c7ukurova Devlet Senfoni Orkestras\u0131 Orkestra \u015eefi Eray \u0130nal, \u201cBa\u015fkan\u0131m o kadar g\u00fczel bir \u015fey yap\u0131yorsunuz ki ben t\u00fcm sanat\u00e7\u0131lar ad\u0131na ve mezun olmu\u015f i\u015fi olmayan sanat\u00e7\u0131lar ad\u0131na sizlere \u00e7ok te\u015fekk\u00fcr ediyorum\u201d diye konu\u015ftu. Ziyaret, Ba\u015fkan Se\u00e7er\u2019in j\u00fcri \u00fcyelerine te\u015fekk\u00fcr belgesi vermesi ile sonland\u0131.<\/p>\n<p>Turan: \u201cMersin B\u00fcy\u00fck\u015fehir Belediyesi \u00e7ok g\u00fczel bir i\u015fe imza atm\u0131\u015f\u201d<\/p>\n<p>J\u00fcri koltu\u011funda yer alan T\u00fcrk Halk M\u00fczi\u011fi\u2019nin sevilen isimlerinden H\u00fcseyin Turan, adaylarda dikkat ettikleri kriterleri, \u201cEnstr\u00fcmanistlerin enstr\u00fcmanlara hakim olmalar\u0131, ba\u011flama \u00e7alanlar\u0131n; her y\u00f6renin bir tavr\u0131 var, o tav\u0131rlar\u0131 bilmeleri gerekiyor. \u0130yi bir notist olmas\u0131 gerekiyor. \u0130yi bir de\u015fifreci olmas\u0131 gerekiyor. Bu yetkinli\u011fi olan ve liyakati olan insanlar\u0131 se\u00e7meye \u00e7al\u0131\u015f\u0131yoruz\u201d c\u00fcmleleriyle anlatt\u0131.<\/p>\n<p>B\u00fcy\u00fck\u015fehir Belediyesi\u2019nin ger\u00e7ekle\u015ftirdi\u011fi s\u0131nav\u0131n \u00f6nemine vurgu yapan Turan, \u201cBu \u00e7ok \u00f6nemli bir \u015fey. Hele ki \u015fimdi bir pandemi d\u00f6nemi ge\u00e7irdik, m\u00fczisyenler \u00e7ok zor durumdayd\u0131. Her belediyenin bu alanlar\u0131 a\u00e7mas\u0131 gerekiyor.  \u0130nsanlar\u0131 iyile\u015ftiren k\u00fclt\u00fcr-sanatt\u0131r. Bu anlamda Mersin B\u00fcy\u00fck\u015fehir Belediyesi \u00e7ok g\u00fczel bir i\u015fe imza atm\u0131\u015f. Biz de canla ba\u015fla bu konuya destek olmak i\u00e7in burada bulunuyoruz. Bu anlay\u0131\u015ftaki t\u00fcm belediyelerin de bu katk\u0131y\u0131 vermelerini dilerim\u201d dedi.<\/p>\n<p>\u0130nal: \u201cDi\u011fer belediyelere \u00f6rnek olur in\u015fallah\u201d<\/p>\n<p>\u00c7ukurova Senfoni Orkestras\u0131 Orkestra \u015eefi Eray \u0130nal, kat\u0131l\u0131m\u0131n yo\u011fun oldu\u011fu se\u00e7meleri de\u011ferlendirirken, adaylarda arad\u0131klar\u0131 kriterleri anlatt\u0131. \u0130nal, \u201c\u0130n\u015fallah g\u00fczel bir se\u00e7im olacak. Kriterimiz \u00f6ncelikle \u00e7ok iyi bir enstr\u00fcmanist olmas\u0131. Enstr\u00fcmana hakim olmas\u0131. Nerede okumu\u015f, enstr\u00fcman\u0131n\u0131 nerelerde icra etmi\u015f? Bunlara da dikkat ediyoruz. \u0130lk ba\u015fta \u00f6nemli olan \u00e7al\u0131c\u0131l\u0131k\u201d diye konu\u015ftu. B\u00fcy\u00fck\u015fehir Belediyesi taraf\u0131ndan yap\u0131lan s\u0131nav\u0131n ve sanat\u00e7\u0131ya verilen deste\u011fin \u00f6nemine vurgu yapan \u0130nal, \u201cO kadar g\u00fczel bir i\u015f yapm\u0131\u015flar ki. \u00d6zellikle; i\u015fsiz olan, bu d\u00f6nemde i\u015f arayan ve pandemide \u00e7ok s\u0131k\u0131nt\u0131lar ya\u015fayan m\u00fczisyenlerimiz ad\u0131na Mersin B\u00fcy\u00fck\u015fehir Belediyesi\u2019ne, Belediye Ba\u015fkan\u0131m\u0131z Vahap Bey\u2019e \u00e7ok te\u015fekk\u00fcr ediyoruz. Ger\u00e7ekten \u00e7ok k\u0131ymetli ve \u00e7ok de\u011ferli bir i\u015f yap\u0131yorlar. \u0130n\u015fallah bu b\u00f6yle kat kat artarak devam eder. Di\u011fer belediyelere \u00f6rnek olur in\u015fallah\u201d dedi.<\/p>\n<p>Baran: \u201cP\u0131rlanta gibi m\u00fczisyenler ba\u015fvurmu\u015f\u201d<\/p>\n<p>Mersin Devlet Klasik T\u00fcrk M\u00fczi\u011fi Korosu Kanun Sanat\u00e7\u0131s\u0131 Ahmet Baran, se\u00e7meleri olduk\u00e7a keyifli bir \u015fekilde yapt\u0131klar\u0131n\u0131 belirterek, \u201cP\u0131rlanta gibi m\u00fczisyenler ba\u015fvurmu\u015f. Kat\u0131l\u0131m oran\u0131 olduk\u00e7a y\u00fcksek. \u00c7ok anlaml\u0131 ve keyifli hem k\u00fclt\u00fcr\u00fcm\u00fcz ad\u0131na hem m\u00fczik ad\u0131na. Uyumlu bir j\u00fcri hakim. Keyifli ve en \u00f6nemlisi adil bir s\u0131nav s\u00fcreci tamamlanacak.  Mersin B\u00fcy\u00fck\u015fehir Belediyesi kurumsal bir yap\u0131 olu\u015fturmak istiyor ve bu \u00e7ok anlaml\u0131. Yetkin ve \u00e7ok y\u00f6nl\u00fc m\u00fczisyenler olmas\u0131 gerekiyor. Bu kurumsal kimli\u011fe, vizyona uyacak ve \u00f6z\u00fcnde art\u0131k m\u00fczi\u011fi bir yan yol de\u011fil de kendisinin bir par\u00e7as\u0131 haline getirebilmi\u015f m\u00fczisyenler her j\u00fcrinin \u00f6nceli\u011fidir. Burada dikkat edilen en \u00f6nemli kriter m\u00fczikal kimli\u011fine ek olarak kurumsal yap\u0131s\u0131 ve enstr\u00fcman hakimiyeti ya da di\u011fer teknik m\u00fczik donan\u0131m\u0131na hakimiyeti\u201d ifadelerine yer verdi.<\/p>\n<p>\u201cSiyasi g\u00fc\u00e7ten uzak, tamamen yeterlili\u011fe dayal\u0131 yap\u0131lan s\u0131nav\u0131 \u00e7ok \u00f6zledik\u201d<\/p>\n<p>B\u00fcy\u00fck\u015fehir Belediyesi\u2019nin Mersin\u2019de sanata bak\u0131\u015f a\u00e7\u0131s\u0131n\u0131n profesyonel olmas\u0131n\u0131n kendisini gururland\u0131rd\u0131\u011f\u0131n\u0131 ifade eden Baran, pandemiden en \u00e7ok etkilenen kesim aras\u0131nda olan sanat\u00e7\u0131lar i\u00e7in b\u00f6yle bir organizasyonun \u00f6nemine dikkat \u00e7ekti. Baran, \u201cBelediyemizin yapt\u0131\u011f\u0131 bu sanat\u00e7\u0131 al\u0131m\u0131n\u0131n di\u011fer belediyelere \u00f6rnek olmas\u0131n\u0131 diliyorum. Ayr\u0131ca da \u00e7ok \u015feffaf ve adil bir s\u0131nav s\u00fcreci var. Burada da siyasi g\u00fc\u00e7ten uzak, tamamen yeterlili\u011fe dayal\u0131 yap\u0131lan s\u0131nav\u0131 \u00e7ok \u00f6zledik. Eme\u011fi ge\u00e7en herkesi tebrik ediyorum. Dilerim h\u0131zl\u0131ca meyvelerini toplayaca\u011f\u0131m\u0131z harika bir kent orkestram\u0131z olur ve biz de onu gururla seyrederiz, birlikte gururla konserler veririz. O zaman bu \u00e7al\u0131\u015fmalar\u0131n ne kadar anlaml\u0131 oldu\u011funun fark\u0131na varaca\u011f\u0131z\u201d dedi. <\/p>\n<p>\u00d6zd\u00fclger: \u201cG\u00fc\u00e7l\u00fc ve dinamik bir ekiple seyircilerimizin kar\u015f\u0131s\u0131nda yer ald\u0131k, yer almaya da devam edece\u011fiz\u201d<\/p>\n<p>K\u00fclt\u00fcr ve Sosyal \u0130\u015fler Dairesi Ba\u015fkanl\u0131\u011f\u0131 Koordinat\u00f6r\u00fc Bengi \u0130spir \u00d6zd\u00fclger ise s\u0131nava ilginin yo\u011fun oldu\u011funu ifade ederek, \u201cG\u00f6sterilen ilgiyi fark etmek, aday arkada\u015flar\u0131m\u0131z\u0131n enerjilerini g\u00f6rmek bizi mutlu etti. Sanat ad\u0131na g\u00fczel bir s\u0131nav olsun. Biz sanat\u0131n her dal\u0131n\u0131 seyircilerimize ve sanatseverlerimize sunmak i\u00e7in yol al\u0131yoruz. Bu ad\u0131mlar\u0131 atarken de b\u00fcy\u00fck keyif duyuyoruz, sa\u011flam ad\u0131mlarla ilerliyoruz. Bu da bize g\u00fc\u00e7 veriyor. Son derece g\u00fc\u00e7l\u00fc, dinamik bir ekiple seyircilerimizin kar\u015f\u0131s\u0131nda yer ald\u0131k, yer almaya da devam edece\u011fiz. De\u011ferli vatanda\u015flar\u0131m\u0131z bizi izlemeye devam etsin\u201d diye konu\u015ftu.<\/p>\n<p>\u201cBelediyemiz bize b\u00f6yle bir f\u0131rsat verdi\u011fi i\u00e7in \u00e7ok \u015fansl\u0131y\u0131z\u201d<\/p>\n<p>Gaziantep \u00dcniversitesi T\u00fcrk Musikisi Devlet Konservatuvar\u0131 mezunu 24 ya\u015f\u0131ndaki Ay\u015fen Yaren Aydur, keman sanat\u00e7\u0131s\u0131 al\u0131m\u0131 i\u00e7in ba\u015fvurdu. S\u0131nava kat\u0131lmaya hak kazanan Aydur, \u201c\u00c7ok heyecanl\u0131y\u0131m. Belediyemiz bize b\u00f6yle bir f\u0131rsat verdi\u011fi i\u00e7in \u00e7ok \u015fansl\u0131y\u0131z. \u0130n\u015fallah emeklerimizin kar\u015f\u0131l\u0131\u011f\u0131n\u0131 al\u0131r\u0131z ve burada \u00e7al\u0131\u015fma imkan\u0131 buluruz\u201d dedi.<\/p>\n<p>\u201cBu \u00e7al\u0131\u015fma biz m\u00fczisyenler i\u00e7in \u00e7ok iyi oldu\u201d<\/p>\n<p>Gaziantep \u00dcniversitesi Devlet Konservatuvar\u0131\u2019ndan mezun olan Tambur sanat\u00e7\u0131s\u0131 Sinan S\u00f6nmez, \u201cBu \u00e7al\u0131\u015fma biz m\u00fczisyenler i\u00e7in \u00e7ok iyi oldu. Bu s\u0131nav bizim i\u00e7in g\u00fczel bir f\u0131rsat\u201d ifadelerine yer verdi.<\/p>\n","protected":false},"excerpt":{"rendered":"<p>Mersin B\u00fcy\u00fck\u015fehir Belediyesi K\u00fclt\u00fcr ve Sosyal \u0130\u015fler Dairesi, b\u00fcnyesinde hizmet veren T\u00fcrk Halk M\u00fczi\u011fi ve T\u00fcrk Sanat M\u00fczi\u011fi Topluluklar\u0131na enstr\u00fcman sanat\u00e7\u0131s\u0131 al\u0131m\u0131 i\u00e7in s\u0131nav ger\u00e7ekle\u015ftirdi. Aralar\u0131nda \u00fcnl\u00fc sanat\u00e7\u0131 H\u00fcseyin Turan &hellip; <a href=\"https:\/\/akdenizolaygazetesi.com\/?p=14394\" class=\"more-link\">Devam\u0131n\u0131 Oku&#8230;<\/a><\/p>\n","protected":false},"author":2,"featured_media":14395,"comment_status":"open","ping_status":"open","sticky":false,"template":"","format":"standard","meta":[],"categories":[3,5],"tags":[],"_links":{"self":[{"href":"https:\/\/akdenizolaygazetesi.com\/index.php?rest_route=\/wp\/v2\/posts\/14394"}],"collection":[{"href":"https:\/\/akdenizolaygazetesi.com\/index.php?rest_route=\/wp\/v2\/posts"}],"about":[{"href":"https:\/\/akdenizolaygazetesi.com\/index.php?rest_route=\/wp\/v2\/types\/post"}],"author":[{"embeddable":true,"href":"https:\/\/akdenizolaygazetesi.com\/index.php?rest_route=\/wp\/v2\/users\/2"}],"replies":[{"embeddable":true,"href":"https:\/\/akdenizolaygazetesi.com\/index.php?rest_route=%2Fwp%2Fv2%2Fcomments&post=14394"}],"version-history":[{"count":1,"href":"https:\/\/akdenizolaygazetesi.com\/index.php?rest_route=\/wp\/v2\/posts\/14394\/revisions"}],"predecessor-version":[{"id":14396,"href":"https:\/\/akdenizolaygazetesi.com\/index.php?rest_route=\/wp\/v2\/posts\/14394\/revisions\/14396"}],"wp:featuredmedia":[{"embeddable":true,"href":"https:\/\/akdenizolaygazetesi.com\/index.php?rest_route=\/wp\/v2\/media\/14395"}],"wp:attachment":[{"href":"https:\/\/akdenizolaygazetesi.com\/index.php?rest_route=%2Fwp%2Fv2%2Fmedia&parent=14394"}],"wp:term":[{"taxonomy":"category","embeddable":true,"href":"https:\/\/akdenizolaygazetesi.com\/index.php?rest_route=%2Fwp%2Fv2%2Fcategories&post=14394"},{"taxonomy":"post_tag","embeddable":true,"href":"https:\/\/akdenizolaygazetesi.com\/index.php?rest_route=%2Fwp%2Fv2%2Ftags&post=14394"}],"curies":[{"name":"wp","href":"https:\/\/api.w.org\/{rel}","templated":true}]}}