{"id":1440,"date":"2020-11-04T18:22:00","date_gmt":"2020-11-04T15:22:00","guid":{"rendered":"http:\/\/mersinekonomipolitikagazetesi.com\/?p=1440"},"modified":"2020-11-04T18:22:00","modified_gmt":"2020-11-04T15:22:00","slug":"dunya-cocuk-haklari-haftasi-mersinde-kutlandi","status":"publish","type":"post","link":"https:\/\/akdenizolaygazetesi.com\/?p=1440","title":{"rendered":"D\u00fcnya \u00c7ocuk Haklar\u0131 Haftas\u0131 Mersin&#8217;de kutland\u0131"},"content":{"rendered":"<p>Mersin Barosu, Aile ve Sosyal Politikalar \u0130l M\u00fcd\u00fcrl\u00fc\u011f\u00fc \u00c7ocuk Haklar\u0131 Komitesi, B\u00fcy\u00fck\u015fehir Belediye, Mersin Devlet Opera ve Balesi i\u015fbirli\u011fi ile \u2018D\u00fcnya \u00c7ocuk Haklar\u0131 Haftas\u0131\u2019 etkinli\u011fi d\u00fczenlendi.<\/p>\n<p><span style=\"color: rgb(0, 0, 0); font-family: Tahoma, Arial, &quot;Times New Roman TUR&quot;, Verdana; font-size: 15px;\">Forum Al\u0131\u015fveri\u015f Merkezi&#8217;nde d\u00fczenlenen etkinli\u011fe, Mersin Barosu Ba\u015fkan\u0131 Ali Er, Mersin Barosu \u00c7ocuk Haklar\u0131 Merkezi Ba\u015fkan\u0131 Ru\u015fen Ay\u015fen Ay\u0131lgan, Mersin Aile ve Sosyal Politikalar \u0130l M\u00fcd\u00fcrl\u00fc\u011f\u00fc \u00c7ocuk Haklar\u0131 Komitesi Ba\u015fkan\u0131 Mustafa Sar\u0131, \u00f6\u011fretmenler ve \u00f6\u011frenciler kat\u0131ld\u0131. Etkinlik kapsam\u0131nda, Mersin Barbaros \u0130lk\u00f6\u011fretim Okulu \u00f6\u011frencilerinin folklor g\u00f6sterisi ile Mersin Devlet Opera ve Balesi \u00c7ocuk Korosu\u2019nun \u2018\u00c7ocuk Haklar\u0131 G\u00fcn\u00fc\u2019 ile ilgili konseri renkli g\u00f6r\u00fcnt\u00fclere sahne oldu. Mersin Do\u011fa Koleji \u0130lk\u00f6\u011fretim Okulu 3-A s\u0131n\u0131f\u0131 \u00f6\u011frencilerinin \u00e7ocuk haklar\u0131 ile ilgili okudu\u011fu \u015fiirler ile \u00e7ocuk haklar\u0131n\u0131 seslendirmeleri ve \u00e7ocuklar\u0131n seslendirmi\u015f olduklar\u0131 t\u00fcrk\u00fcler b\u00fcy\u00fck alk\u0131\u015f ald\u0131. Etkinlik kapsam\u0131nda ayr\u0131ca, Mersin Barosu\u2019nun d\u00fczenlemi\u015f oldu\u011fu \u201cDeyimleri De\u011fi\u015ftirdik Yar\u0131\u015fmas\u0131\u2019nda&#8221; dereceye giren eserlerin \u00f6d\u00fcl t\u00f6reni yap\u0131ld\u0131.\u00a0<\/span><br style=\"color: rgb(0, 0, 0); font-family: Tahoma, Arial, &quot;Times New Roman TUR&quot;, Verdana; font-size: 15px;\" \/><br \/>\n<span style=\"color: rgb(0, 0, 0); font-family: Tahoma, Arial, &quot;Times New Roman TUR&quot;, Verdana; font-size: 15px;\">Etkinlikte konu\u015fan Ba\u015fkan Er, &#8220;B\u00fcy\u00fck \u00d6nder Atat\u00fcrk\u2019\u00fcn, T\u00fcrkiye B\u00fcy\u00fck Millet Meclisi\u2019nin kurulu\u015f g\u00fcn\u00fcn\u00fc \u00e7ocuklar\u0131m\u0131za bayram olarak arma\u011fan etmesi ve 23 Nisan\u2019\u0131n bug\u00fcn d\u00fcnyada kutlanan tek \u00e7ocuk bayram\u0131 olmas\u0131, \u00e7ocuklara verilen \u00f6nemin anlaml\u0131 bir g\u00f6stergesidir. Sevgiyi temel alarak y\u00fcr\u00fct\u00fclen t\u00fcm \u00e7al\u0131\u015fmalar, \u00e7ocuklar\u0131m\u0131z\u0131n karde\u015f\u00e7e, gelecek kayg\u0131s\u0131 ta\u015f\u0131madan ya\u015famas\u0131na, gelece\u011fe do\u011fru ad\u0131mlar atmas\u0131na katk\u0131da bulunacakt\u0131r. D\u00fcnyadaki t\u00fcm \u00e7ocuklar\u0131n 20 Kas\u0131m D\u00fcnya \u00c7ocuk Haklar\u0131 G\u00fcn\u00fc\u2019n\u00fc kutluyorum&#8221; dedi.\u00a0<\/span><br style=\"color: rgb(0, 0, 0); font-family: Tahoma, Arial, &quot;Times New Roman TUR&quot;, Verdana; font-size: 15px;\" \/><br \/>\n<span style=\"color: rgb(0, 0, 0); font-family: Tahoma, Arial, &quot;Times New Roman TUR&quot;, Verdana; font-size: 15px;\">Av. Ru\u015fen Ay\u015fen Ay\u0131lgan ise BM taraf\u0131ndan 20 Kas\u0131m 1989 tarihinde \u00c7ocuk Haklar\u0131 S\u00f6zle\u015fmesi\u2019nin kabul edilmesinden bu yana, her 20 Kas\u0131m\u2019da t\u00fcm d\u00fcnyada kutlanan D\u00fcnya \u00c7ocuk Haklar\u0131 G\u00fcn\u00fc\u2019n\u00fcn b\u00fct\u00fcn \u00e7ocuklar i\u00e7in g\u00fczel yar\u0131nlar getirmesini temenni etti. \u201cB\u00fct\u00fcn \u00e7ocuklar anne babalar\u0131n\u0131n oldu\u011fu kadar toplumun da g\u00f6zbebe\u011fi, yar\u0131nlar\u0131d\u0131r\u201d diyen Ay\u0131lgan , \u201c\u00dclkemizde ve d\u00fcnyada ya\u015fanan \u015fiddet olaylar\u0131nda en \u00e7ok \u00e7ocuklar ma\u011fdur olmaktad\u0131r. Yoksulluk en \u00e7ok \u00e7ocuklar\u0131 etkilemektedir. Ne yaz\u0131k ki \u00e7ocuklar\u0131m\u0131z istismar edilmekte, kamu vicdan\u0131n\u0131 derinden yaralayan istismar olaylar\u0131 ya\u015fand\u0131\u011f\u0131na tan\u0131k olmaktay\u0131z. T\u00fcm yasal d\u00fczenlemelerle, \u00e7ocuklar\u0131n ya\u015fam hakk\u0131, e\u011fitim hakk\u0131, sa\u011fl\u0131k hakk\u0131, her t\u00fcrl\u00fc \u015fiddete kar\u015f\u0131 korunma hakk\u0131, ekonomik haklar\u0131 g\u00fcvence alt\u0131na al\u0131nmal\u0131d\u0131r\u201d diye konu\u015ftu.\u00a0<\/span><br style=\"color: rgb(0, 0, 0); font-family: Tahoma, Arial, &quot;Times New Roman TUR&quot;, Verdana; font-size: 15px;\" \/><br \/>\n<span style=\"color: rgb(0, 0, 0); font-family: Tahoma, Arial, &quot;Times New Roman TUR&quot;, Verdana; font-size: 15px;\">Mersin Barosu \u00c7ocuk Haklar\u0131 Merkezi olarak, Mersin \u0130l Milli E\u011fitim M\u00fcd\u00fcrl\u00fc\u011f\u00fc ile imzalam\u0131\u015f olduklar\u0131 protokol kapsam\u0131nda, \u00e7ocuklara y\u00f6nelik e\u011fitim \u00e7al\u0131\u015fmalar\u0131n\u0131n devam etti\u011finin bilgisini veren Ay\u0131lgan, \u201cMersin ili ve il\u00e7elerinde bulunan t\u00fcm okullarda e\u011fitim \u00e7al\u0131\u015fmalar\u0131m\u0131za devam edece\u011fiz. Mersin Barosu \u00c7ocuk Haklar\u0131 Merkezi olarak, \u00e7ocuklar\u0131m\u0131z\u0131n korunmas\u0131 ve bilin\u00e7lendirilmesi, toplumumuzda bilin\u00e7 ve fark\u0131ndal\u0131k olu\u015fturulmas\u0131 ile ilgili \u00e7al\u0131\u015fmalar\u0131m\u0131z\u0131 s\u00fcrd\u00fcrmeye devam edece\u011fiz. Sa\u011fl\u0131kl\u0131, g\u00fcvenli, mutlu bir \u00e7ocukluk ya\u015famalar\u0131 dile\u011fi ve umuduyla t\u00fcm \u00e7ocuklar\u0131m\u0131z\u0131n \u201cD\u00fcnya \u00c7ocuk G\u00fcn\u00fc\u201d n\u00fc kutluyoruz\u201d \u015feklinde konu\u015ftu.\u00a0<\/span><br style=\"color: rgb(0, 0, 0); font-family: Tahoma, Arial, &quot;Times New Roman TUR&quot;, Verdana; font-size: 15px;\" \/><br \/>\n<span style=\"color: rgb(0, 0, 0); font-family: Tahoma, Arial, &quot;Times New Roman TUR&quot;, Verdana; font-size: 15px;\">Konu\u015fmalar\u0131n ard\u0131ndan Er ve Ay\u0131lgan, etkinli\u011fin d\u00fczenlenmesinde eme\u011fi ge\u00e7enlere te\u015fekk\u00fcr belgesi takdim etti.\u00a0<\/span><br style=\"color: rgb(0, 0, 0); font-family: Tahoma, Arial, &quot;Times New Roman TUR&quot;, Verdana; font-size: 15px;\" \/><br \/>\n<span style=\"color: rgb(0, 0, 0); font-family: Tahoma, Arial, &quot;Times New Roman TUR&quot;, Verdana; font-size: 15px;\">Etkinlik sonunda, Mersin Barosu ve Mersin Aile ve Sosyal Politikalar \u0130l M\u00fcd\u00fcrl\u00fc\u011f\u00fc stand\u0131nda, \u00e7ocuklar\u0131 bilin\u00e7lendirmek ve fark\u0131ndal\u0131k olu\u015fturmak amac\u0131yla, \u00e7ocuklara haklar\u0131n\u0131n anlat\u0131ld\u0131\u011f\u0131 kitap\u00e7\u0131k ve bro\u015f\u00fcrler da\u011f\u0131t\u0131ld\u0131.\u00a0<\/span><\/p>\n","protected":false},"excerpt":{"rendered":"<p>Mersin Barosu, Aile ve Sosyal Politikalar \u0130l M\u00fcd\u00fcrl\u00fc\u011f\u00fc \u00c7ocuk Haklar\u0131 Komitesi, B\u00fcy\u00fck\u015fehir Belediye, Mersin Devlet Opera ve Balesi i\u015fbirli\u011fi ile \u2018D\u00fcnya \u00c7ocuk Haklar\u0131 Haftas\u0131\u2019 etkinli\u011fi d\u00fczenlendi. Forum Al\u0131\u015fveri\u015f Merkezi&#8217;nde d\u00fczenlenen &hellip; <a href=\"https:\/\/akdenizolaygazetesi.com\/?p=1440\" class=\"more-link\">Devam\u0131n\u0131 Oku&#8230;<\/a><\/p>\n","protected":false},"author":1,"featured_media":0,"comment_status":"open","ping_status":"open","sticky":false,"template":"","format":"standard","meta":[],"categories":[],"tags":[],"_links":{"self":[{"href":"https:\/\/akdenizolaygazetesi.com\/index.php?rest_route=\/wp\/v2\/posts\/1440"}],"collection":[{"href":"https:\/\/akdenizolaygazetesi.com\/index.php?rest_route=\/wp\/v2\/posts"}],"about":[{"href":"https:\/\/akdenizolaygazetesi.com\/index.php?rest_route=\/wp\/v2\/types\/post"}],"author":[{"embeddable":true,"href":"https:\/\/akdenizolaygazetesi.com\/index.php?rest_route=\/wp\/v2\/users\/1"}],"replies":[{"embeddable":true,"href":"https:\/\/akdenizolaygazetesi.com\/index.php?rest_route=%2Fwp%2Fv2%2Fcomments&post=1440"}],"version-history":[{"count":0,"href":"https:\/\/akdenizolaygazetesi.com\/index.php?rest_route=\/wp\/v2\/posts\/1440\/revisions"}],"wp:attachment":[{"href":"https:\/\/akdenizolaygazetesi.com\/index.php?rest_route=%2Fwp%2Fv2%2Fmedia&parent=1440"}],"wp:term":[{"taxonomy":"category","embeddable":true,"href":"https:\/\/akdenizolaygazetesi.com\/index.php?rest_route=%2Fwp%2Fv2%2Fcategories&post=1440"},{"taxonomy":"post_tag","embeddable":true,"href":"https:\/\/akdenizolaygazetesi.com\/index.php?rest_route=%2Fwp%2Fv2%2Ftags&post=1440"}],"curies":[{"name":"wp","href":"https:\/\/api.w.org\/{rel}","templated":true}]}}