{"id":1441,"date":"2020-11-04T18:22:00","date_gmt":"2020-11-04T15:22:00","guid":{"rendered":"http:\/\/mersinekonomipolitikagazetesi.com\/?p=1441"},"modified":"2020-11-04T18:22:00","modified_gmt":"2020-11-04T15:22:00","slug":"buyuksehir-belediyesi-kentin-alt-yapi-ve-su-sorununu-cozuyor","status":"publish","type":"post","link":"https:\/\/akdenizolaygazetesi.com\/?p=1441","title":{"rendered":"B\u00fcy\u00fck\u015fehir Belediyesi kentin alt yap\u0131 ve su sorununu \u00e7\u00f6z\u00fcyor"},"content":{"rendered":"<p>Mersin B\u00fcy\u00fck\u015fehir Belediyesi, hayata ge\u00e7irdi\u011fi projeler ile alt yap\u0131 ve su sorununu \u00e7\u00f6z\u00fcme kavu\u015fturmak i\u00e7in \u00e7al\u0131\u015fmalar\u0131n\u0131 s\u00fcrd\u00fcr\u00fcyor.<\/p>\n<p><span style=\"color: rgb(0, 0, 0); font-family: Tahoma, Arial, &quot;Times New Roman TUR&quot;, Verdana; font-size: 15px;\">Mersin B\u00fcy\u00fck\u015fehir Belediye Ba\u015fkan\u0131 Burhanettin Kocamaz, Tarsus\u2019ta hem i\u00e7mesuyu hatt\u0131 projelerinin hem de kanalizasyon hatt\u0131 projelerinin temel atma t\u00f6renlerini ger\u00e7ekle\u015ftirdi. T\u00f6rene Ba\u015fkan Kocamaz\u2019\u0131n yan\u0131 s\u0131ra Tarsus Belediye Ba\u015fkan\u0131 \u015eevket Can, meclis \u00fcyeleri, muhtarlar ve vatanda\u015flar kat\u0131ld\u0131. T\u00f6rende konu\u015fan Ba\u015fkan Kocamaz, temeli at\u0131lan i\u00e7mesuyu projesi ile mahalle sakinlerinin su s\u0131k\u0131nt\u0131s\u0131n\u0131n ortadan kalkaca\u011f\u0131n\u0131 belirterek, \u201cBu sa\u011fl\u0131ks\u0131z su d\u00f6nemi art\u0131k ortadan kalk\u0131yor. \u0130n\u015fallah 3 ay i\u00e7erisinde musluklar\u0131n\u0131zdan Berdan\u2019\u0131n tertemiz \u015fi\u015fe suyu kalitesinde ki suyu akacak. Biz vatanda\u015flar\u0131m\u0131z\u0131n t\u00fcm problemlerini \u00e7\u00f6zmek i\u00e7in gayret ediyoruz. T\u00fcm projelerimiz hayata ge\u00e7ti\u011finde bu k\u00f6ylerimiz kentin birer mahallesi durumuna gelecek. Sadece k\u00e2\u011f\u0131t \u00fczerinde k\u00f6y ismini kald\u0131r\u0131p mahalle yazmakla bu i\u015fler olmuyor. Mutlaka bunun i\u00e7ini doldurmak gerekiyor. Bunlarda dolduruldu\u011funda sizlerde \u00e7ok rahat edeceksiniz. \u0130\u015fimiz zor ama bizler \u00f6mr\u00fcm\u00fcz boyunca zor i\u015flere soyunduk. Sizlerin duas\u0131 ile problemlerin b\u00fcy\u00fck bir k\u0131sm\u0131n\u0131 \u00e7\u00f6zd\u00fck. Bu hizmetin de sizler i\u00e7in hay\u0131rl\u0131 u\u011furlu olmas\u0131n\u0131 Cenab-\u0131 Allah\u2019tan niyaz ediyorum&#8221; dedi.\u00a0<\/span><br style=\"color: rgb(0, 0, 0); font-family: Tahoma, Arial, &quot;Times New Roman TUR&quot;, Verdana; font-size: 15px;\" \/><br \/>\n<span style=\"color: rgb(0, 0, 0); font-family: Tahoma, Arial, &quot;Times New Roman TUR&quot;, Verdana; font-size: 15px;\">Tarsus Belediye Ba\u015fkan\u0131 \u015eevket Can ise Mersin B\u00fcy\u00fck\u015fehir Belediye Ba\u015fkan\u0131 Burhanettin Kocamaz\u2019\u0131n Tarsus\u2019a ve Mersin\u2019e yapt\u0131\u011f\u0131 hizmetlerin saymakla bitirilemeyece\u011finin alt\u0131n\u0131 \u00e7izerek, \u201cBa\u015fkan\u0131m\u0131z\u0131n 1994-2014 y\u0131llar\u0131 aras\u0131nda Tarsus i\u00e7in verdi\u011fi hizmetler saymakla bitmez. Bu hizmetlerin \u00e7o\u011funu sizler g\u00f6r\u00fcyorsunuz ve kullan\u0131yorsunuz. 20 y\u0131l \u00f6nce Tarsus\u2019ta bulvar, k\u00f6pr\u00fc, altyap\u0131, su yoktu. Tarsus tabiri caizse k\u00f6y halindeydi. Burhanettin Ba\u015fkan\u0131m\u0131z\u0131n e\u015fit hizmet anlay\u0131\u015f\u0131 sayesinde Tarsus bir de\u011fi\u015fim sergiledi. Ba\u015fkan\u0131m\u0131z Allah\u2019\u0131n izni ile k\u00f6ylerimizi \u015fehirle\u015ftirecek, \u015fehirlerimiz g\u00fczelle\u015fecek. Tarsuslular olarak Ba\u015fkan\u0131m\u0131z\u0131n her zaman yan\u0131nday\u0131z, arkas\u0131nday\u0131z. Burhanettin ba\u015fkan\u0131m\u0131za yapm\u0131\u015f oldu\u011fu ve yapaca\u011f\u0131 hizmetlerden dolay\u0131 \u015f\u00fckranlar\u0131m\u0131z\u0131 sunuyorum. Temelini at\u0131lan hizmetlerin hay\u0131rlara vesile olmas\u0131n\u0131 diliyorum\u201d \u015feklinde konu\u015ftu.<\/span><br style=\"color: rgb(0, 0, 0); font-family: Tahoma, Arial, &quot;Times New Roman TUR&quot;, Verdana; font-size: 15px;\" \/><br \/>\n<span style=\"color: rgb(0, 0, 0); font-family: Tahoma, Arial, &quot;Times New Roman TUR&quot;, Verdana; font-size: 15px;\">Tarsus G\u00fcnyurdu Mahallesi\u2019ne daha \u00f6nce M\u00fclga \u0130l \u00d6zel \u0130daresi taraf\u0131ndan 2012 y\u0131l\u0131nda yap\u0131lan ve mahalleye i\u00e7mesuyu sa\u011flayan sondaj kuyusu kirlenmeye maruz kalm\u0131\u015ft\u0131r. Yap\u0131lan i\u00e7mesuyu tahlillerinde mevcut \u015febekede kullan\u0131lan suyun insani ama\u00e7l\u0131 sular hakk\u0131ndaki y\u00f6netmeli\u011fe uymad\u0131\u011f\u0131n\u0131 tespit eden MESK\u0130 yetkilileri harekete ge\u00e7erek Mahallenin i\u00e7mesuyu sorunun giderilebilmesi i\u00e7in Tarsus Berdan Ar\u0131tma Tesisinden i\u00e7me suyu verilebilece\u011fi tespit etti. Temeli at\u0131lan proje ile Yenice, G\u00fcnyurdu ve \u00d6zl\u00fcce mahallelerinin i\u00e7mesuyu sorunu ortadan kalkacak, musluklar\u0131ndan tertemiz sular akacak.<\/span><br style=\"color: rgb(0, 0, 0); font-family: Tahoma, Arial, &quot;Times New Roman TUR&quot;, Verdana; font-size: 15px;\" \/><br \/>\n<span style=\"color: rgb(0, 0, 0); font-family: Tahoma, Arial, &quot;Times New Roman TUR&quot;, Verdana; font-size: 15px;\">Yenice Mahallesinde daha \u00f6nce Berdan Ar\u0131tma Tesisinden gelen su pompalar vas\u0131tas\u0131yla \u015febeke hatt\u0131na veriliyordu. Ancak su kesildi\u011finde \u015febeke susuz kal\u0131yordu. Vatanda\u015flar\u0131n bu ma\u011fduriyetini gidermek i\u00e7in \u00e7al\u0131\u015fmalara ba\u015flayan MESK\u0130 yetkilileri, mahallede 500 tonluk prizmatik i\u00e7mesuyu deposunu at\u0131l durumdan aktif duruma ge\u00e7irecek. \u00c7al\u0131\u015fmalar kapsam\u0131nda suyun d\u00fczenli da\u011f\u0131l\u0131m\u0131n\u0131n sa\u011flayan Yenice i\u00e7mesuyu deposunun, terfi istasyonlar\u0131n\u0131n bak\u0131m ve onar\u0131mlar\u0131n\u0131n yap\u0131m\u0131n\u0131n yan\u0131 s\u0131ra mekanik ve elektrik aksamlar\u0131n\u0131n yenilenmesi MESK\u0130 ekipleri taraf\u0131ndan ger\u00e7ekle\u015ftirilecek.\u015eimdiye kadar G\u00fcnyurdu-\u00d6zl\u00fcce\u2019ye 4 bin 500 metre i\u00e7mesuyu \u015febeke hatt\u0131 d\u00f6\u015feyen MESK\u0130 ekipleri, 967 bin lira bedelli yeni projeyi 2018 y\u0131l\u0131 \u015eubat ay\u0131na kadar tamamlamay\u0131 planl\u0131yor. Tarsus \u0130l\u00e7esi Yenice-G\u00fcnyurdu ve \u00d6zl\u00fcce Mahallelerine Berdan i\u00e7mesuyunu ula\u015ft\u0131rmak i\u00e7in y\u00fcr\u00fct\u00fclen \u00e7al\u0131\u015fmalar kapsam\u0131nda, Yenice Mahallesi ve \u00d6zl\u00fcce Mahallesi aras\u0131nda 2 bin 644 metre, Yenice Mahallesi-G\u00fcnyurdu Mahallesi aras\u0131nda 6 bin 437 metre olmak \u00fczere yakla\u015f\u0131k 9 bin 117 metre i\u00e7mesuyu \u015febeke hatt\u0131 d\u00f6\u015fenecek. Altayl\u0131lar Mahallesinin kanalizasyon sorununu \u00e7\u00f6zmek i\u00e7in 3 bin 735 metre kanalizasyon hatt\u0131 d\u00f6\u015fenecek olan proje ile altyap\u0131 konusunda \u00e7\u00f6z\u00fcme bir ad\u0131m daha yakla\u015f\u0131lm\u0131\u015f olacak.<\/span><br style=\"color: rgb(0, 0, 0); font-family: Tahoma, Arial, &quot;Times New Roman TUR&quot;, Verdana; font-size: 15px;\" \/><br \/>\n<span style=\"color: rgb(0, 0, 0); font-family: Tahoma, Arial, &quot;Times New Roman TUR&quot;, Verdana; font-size: 15px;\">(KRY-Y)<\/span><\/p>\n","protected":false},"excerpt":{"rendered":"<p>Mersin B\u00fcy\u00fck\u015fehir Belediyesi, hayata ge\u00e7irdi\u011fi projeler ile alt yap\u0131 ve su sorununu \u00e7\u00f6z\u00fcme kavu\u015fturmak i\u00e7in \u00e7al\u0131\u015fmalar\u0131n\u0131 s\u00fcrd\u00fcr\u00fcyor. Mersin B\u00fcy\u00fck\u015fehir Belediye Ba\u015fkan\u0131 Burhanettin Kocamaz, Tarsus\u2019ta hem i\u00e7mesuyu hatt\u0131 projelerinin hem de &hellip; <a href=\"https:\/\/akdenizolaygazetesi.com\/?p=1441\" class=\"more-link\">Devam\u0131n\u0131 Oku&#8230;<\/a><\/p>\n","protected":false},"author":1,"featured_media":0,"comment_status":"open","ping_status":"open","sticky":false,"template":"","format":"standard","meta":[],"categories":[],"tags":[],"_links":{"self":[{"href":"https:\/\/akdenizolaygazetesi.com\/index.php?rest_route=\/wp\/v2\/posts\/1441"}],"collection":[{"href":"https:\/\/akdenizolaygazetesi.com\/index.php?rest_route=\/wp\/v2\/posts"}],"about":[{"href":"https:\/\/akdenizolaygazetesi.com\/index.php?rest_route=\/wp\/v2\/types\/post"}],"author":[{"embeddable":true,"href":"https:\/\/akdenizolaygazetesi.com\/index.php?rest_route=\/wp\/v2\/users\/1"}],"replies":[{"embeddable":true,"href":"https:\/\/akdenizolaygazetesi.com\/index.php?rest_route=%2Fwp%2Fv2%2Fcomments&post=1441"}],"version-history":[{"count":0,"href":"https:\/\/akdenizolaygazetesi.com\/index.php?rest_route=\/wp\/v2\/posts\/1441\/revisions"}],"wp:attachment":[{"href":"https:\/\/akdenizolaygazetesi.com\/index.php?rest_route=%2Fwp%2Fv2%2Fmedia&parent=1441"}],"wp:term":[{"taxonomy":"category","embeddable":true,"href":"https:\/\/akdenizolaygazetesi.com\/index.php?rest_route=%2Fwp%2Fv2%2Fcategories&post=1441"},{"taxonomy":"post_tag","embeddable":true,"href":"https:\/\/akdenizolaygazetesi.com\/index.php?rest_route=%2Fwp%2Fv2%2Ftags&post=1441"}],"curies":[{"name":"wp","href":"https:\/\/api.w.org\/{rel}","templated":true}]}}