{"id":14412,"date":"2021-09-29T11:35:26","date_gmt":"2021-09-29T08:35:26","guid":{"rendered":"http:\/\/akdenizolaygazetesi.com\/?p=14412"},"modified":"2021-09-29T11:35:26","modified_gmt":"2021-09-29T08:35:26","slug":"buyuksehirden-ogrencilere-35-odali-120-yatak-kapasiteli-misafirhane","status":"publish","type":"post","link":"https:\/\/akdenizolaygazetesi.com\/?p=14412","title":{"rendered":"B\u00dcY\u00dcK\u015eEH\u0130R\u2019DEN \u00d6\u011eRENC\u0130LERE 35 ODALI 120 YATAK KAPAS\u0130TEL\u0130 M\u0130SAF\u0130RHANE"},"content":{"rendered":"<p>Mersin B\u00fcy\u00fck\u015fehir Belediyesi, Akdeniz il\u00e7esi \u0130hsaniye Mahallesi\u2019nde bulunan eski T\u0131p Fak\u00fcltesi Hastanesi\u2019ni, \u00fcniversite \u00f6\u011frencilerinin kalabilece\u011fi donan\u0131ml\u0131 bir misafirhaneye \u00e7eviriyor. Fen \u0130\u015fleri Dairesi ekiplerinin y\u00fcr\u00fctt\u00fc\u011f\u00fc \u00e7al\u0131\u015fmalar kapsam\u0131nda 2 bin 172 metrekarelik alana sahip misafirhane, 120 yatak kapasitesine sahip olacak.<\/p>\n<p>3 ve 4\u2019er ki\u015filik odalar\u0131n yer alaca\u011f\u0131 misafirhanede, \u00f6zel gereksinimli bireylerin kullan\u0131m\u0131na uygun olacak \u015fekilde 1\u2019er ki\u015filik 5 engelsiz oda da bulunacak. Sosyal Hizmetler Dairesi\u2019nin sorumlulu\u011funda olacak misafirhanenin 2022 y\u0131l\u0131 i\u00e7erisinde tamamlanarak hizmete a\u00e7\u0131lmas\u0131 planlan\u0131yor.<\/p>\n<p>Ba\u015fkan Se\u00e7er: \u201c\u00d6zellikle bu yurt krizinden sonra merkezde de yeni bir yurt yap\u0131m\u0131 devam ediyor\u201d<\/p>\n<p>Mersin B\u00fcy\u00fck\u015fehir Belediye Ba\u015fkan\u0131 Vahap Se\u00e7er, kat\u0131ld\u0131\u011f\u0131 bir televizyon program\u0131nda Mersin\u2019de \u00f6\u011frencilerin kalacak yer sorununa \u00e7\u00f6z\u00fcm \u00fcretmek i\u00e7in \u00e7al\u0131\u015ft\u0131klar\u0131n\u0131 vurgulayarak, G\u00fclnar\u2019dan sonra merkezde de \u00e7al\u0131\u015fmalar s\u00fcrd\u00fcrd\u00fcklerini ifade etmi\u015fti. Ba\u015fkan Se\u00e7er, \u201c\u00d6zellikle bu yurt krizinden sonra merkezde de yeni bir yurt yap\u0131m\u0131 devam ediyor bizde. 120 yatakl\u0131\u201d a\u00e7\u0131klamas\u0131nda bulunmu\u015ftu.<\/p>\n<p>D\u00f6n\u00fc\u015f\u00fcm \u00e7al\u0131\u015fmalar\u0131 s\u00fcratle devam ediyor<\/p>\n<p>Merkezde bulunan ve eskiden T\u0131p Fak\u00fcltesi Hastanesi olarak kullan\u0131lan binay\u0131 d\u00f6n\u00fc\u015ft\u00fcrmek i\u00e7in \u00e7al\u0131\u015fmalar\u0131n\u0131 s\u00fcrd\u00fcren ekipler, ilk olarak i\u00e7 duvarlar\u0131 y\u0131karak, yeni pencere yerleri a\u00e7t\u0131. Misafirhane plan\u0131na g\u00f6re yeni duvarlar \u00f6r\u00fclen binaya elektrik borular\u0131 ve yang\u0131n borular\u0131n\u0131 da d\u00f6\u015feyen ekipler, \u0131s\u0131 yal\u0131t\u0131m\u0131 i\u00e7in gaz beton kulland\u0131. Hijyenik olmas\u0131 i\u00e7in oda i\u00e7leri pvc ile kaplan\u0131p, koridor ve \u0131slak zeminlere de seramik d\u00f6\u015fenecek. \u00c7al\u0131\u015fmalar\u0131n son a\u015famas\u0131nda asans\u00f6r ve klima sistemleri yap\u0131lacak.<\/p>\n<p>Sosyal alanlar\u0131 ile tam kapsaml\u0131 bir misafirhane<\/p>\n<p>Misafirhanenin zemin kat\u0131nda revir, g\u00fcvenlik odas\u0131, bavul odas\u0131, misafir odas\u0131, \u00e7ama\u015f\u0131r odas\u0131, \u00e7ay oca\u011f\u0131, y\u00f6netim odas\u0131, 2 adet grup \u00e7al\u0131\u015fma odas\u0131 ve k\u00fct\u00fcphane olacak. Yatakhane kat\u0131n\u0131n her birinde 7 oda yer alacak. Misafirhanede 25 adet 4 ki\u015filik oda, 5 adet 3 ki\u015filik oda, 5 adet 1\u2019er ki\u015filik engelsiz oda bulunacak. 4 ki\u015filik odalar 32 metrekare, 3 ki\u015filik odalar 25 metrekare, engelsiz odalar ise 13 metrekare olarak belirlendi. Teras kat\u0131nda ise 2 adet camekanl\u0131 kapal\u0131 oturma alan\u0131 ve 1 adet a\u00e7\u0131k oturma alan\u0131 bulunacak.<\/p>\n<p>Binan\u0131n i\u00e7 dizayn\u0131n\u0131n bilgisini veren mimar Mehmet Necati Yenig\u00fcn, 6 katl\u0131 binan\u0131n yatakhane katlar\u0131nda 7 oda bulundu\u011funu belirterek, \u201cZemin ve be\u015f kat. En \u00fcstte de teras kat\u0131m\u0131z mevcut. Zemin kat\u0131m\u0131zda; k\u00fct\u00fcphane, revir, \u00e7ama\u015f\u0131r odas\u0131, m\u00fcd\u00fcr odas\u0131 ve grup \u00e7al\u0131\u015fma odas\u0131 bulunuyor. Di\u011fer katlar\u0131m\u0131z tip plan\u0131ndad\u0131r. 1\u2019den 5\u2019e kadar ayn\u0131 olup, her bir katta 7 oda bulunuyor. Binam\u0131z\u0131n en \u00fcst\u00fcnde, terasta 2 tane kapal\u0131, 1 tane de a\u00e7\u0131k oturma alan\u0131m\u0131z mevcut. Terasta kapal\u0131 alan\u0131n bir tanesinde kantinimiz var\u201d dedi.<\/p>\n<p>\u201c\u0130\u00e7erideki \u00e7al\u0131\u015fmalar\u0131n ard\u0131ndan d\u0131\u015f cephemizin d\u00f6n\u00fc\u015f\u00fcm\u00fcne ba\u015flayaca\u011f\u0131z\u201d<\/p>\n<p>\u0130lk olarak yeni pencere yerlerinin a\u00e7\u0131ld\u0131\u011f\u0131n\u0131 belirten Yenig\u00fcn, duvarlar\u0131n \u00f6r\u00fclerek elektrik tesisat\u0131n\u0131n d\u00f6\u015fenmeye ba\u015fland\u0131\u011f\u0131n\u0131 s\u00f6yledi. Yenig\u00fcn, her detay\u0131 d\u00fc\u015f\u00fcnd\u00fcklerini ifade ederek, \u201cIs\u0131 yal\u0131t\u0131m\u0131n\u0131 daha iyi sa\u011flamak i\u00e7in duvarlar\u0131m\u0131zda gaz beton kullan\u0131yoruz. Duvarlar\u0131 \u00f6rd\u00fckten hemen sonra yang\u0131n splitlerimizi ekledik. Elektrik i\u00e7in hat \u00e7ekilmeye ba\u015fland\u0131\u201d diye konu\u015ftu.<\/p>\n<p>Yenig\u00fcn, binan\u0131n i\u00e7erisindeki \u00e7al\u0131\u015fmalar\u0131 h\u0131zl\u0131 bir \u015fekilde tamamlayarak, d\u0131\u015f cephe d\u00f6n\u00fc\u015f\u00fcm\u00fcne ba\u015flayacaklar\u0131n\u0131 s\u00f6yledi. Yenig\u00fcn, kullan\u0131lan malzemelere dikkat \u00e7ekerek, \u201cKoridorlar\u0131m\u0131za al\u00e7\u0131 pan, i\u00e7erilere ise ta\u015f y\u00fcn\u00fc asma tavan uygulamas\u0131 yapaca\u011f\u0131z. Odalar\u0131m\u0131z\u0131n zeminlerine pvc kaplama, koridorlar\u0131m\u0131za ve \u0131slak zeminlerimize ise seramik kullanaca\u011f\u0131z. Bu i\u015flemlerden sonra d\u0131\u015f cephemizin d\u00f6n\u00fc\u015f\u00fcm\u00fcne ba\u015flayaca\u011f\u0131z. D\u0131\u015f cephemizde onaraca\u011f\u0131m\u0131z baz\u0131 yerler var. Ondan sonra boyam\u0131z\u0131 yap\u0131p d\u0131\u015f cephemizi bitirmeyi d\u00fc\u015f\u00fcn\u00fcyoruz\u201d dedi.<\/p>\n","protected":false},"excerpt":{"rendered":"<p>Mersin B\u00fcy\u00fck\u015fehir Belediyesi, Akdeniz il\u00e7esi \u0130hsaniye Mahallesi\u2019nde bulunan eski T\u0131p Fak\u00fcltesi Hastanesi\u2019ni, \u00fcniversite \u00f6\u011frencilerinin kalabilece\u011fi donan\u0131ml\u0131 bir misafirhaneye \u00e7eviriyor. Fen \u0130\u015fleri Dairesi ekiplerinin y\u00fcr\u00fctt\u00fc\u011f\u00fc \u00e7al\u0131\u015fmalar kapsam\u0131nda 2 bin 172 metrekarelik &hellip; <a href=\"https:\/\/akdenizolaygazetesi.com\/?p=14412\" class=\"more-link\">Devam\u0131n\u0131 Oku&#8230;<\/a><\/p>\n","protected":false},"author":2,"featured_media":14413,"comment_status":"open","ping_status":"open","sticky":false,"template":"","format":"standard","meta":[],"categories":[34,3,5],"tags":[],"_links":{"self":[{"href":"https:\/\/akdenizolaygazetesi.com\/index.php?rest_route=\/wp\/v2\/posts\/14412"}],"collection":[{"href":"https:\/\/akdenizolaygazetesi.com\/index.php?rest_route=\/wp\/v2\/posts"}],"about":[{"href":"https:\/\/akdenizolaygazetesi.com\/index.php?rest_route=\/wp\/v2\/types\/post"}],"author":[{"embeddable":true,"href":"https:\/\/akdenizolaygazetesi.com\/index.php?rest_route=\/wp\/v2\/users\/2"}],"replies":[{"embeddable":true,"href":"https:\/\/akdenizolaygazetesi.com\/index.php?rest_route=%2Fwp%2Fv2%2Fcomments&post=14412"}],"version-history":[{"count":1,"href":"https:\/\/akdenizolaygazetesi.com\/index.php?rest_route=\/wp\/v2\/posts\/14412\/revisions"}],"predecessor-version":[{"id":14414,"href":"https:\/\/akdenizolaygazetesi.com\/index.php?rest_route=\/wp\/v2\/posts\/14412\/revisions\/14414"}],"wp:featuredmedia":[{"embeddable":true,"href":"https:\/\/akdenizolaygazetesi.com\/index.php?rest_route=\/wp\/v2\/media\/14413"}],"wp:attachment":[{"href":"https:\/\/akdenizolaygazetesi.com\/index.php?rest_route=%2Fwp%2Fv2%2Fmedia&parent=14412"}],"wp:term":[{"taxonomy":"category","embeddable":true,"href":"https:\/\/akdenizolaygazetesi.com\/index.php?rest_route=%2Fwp%2Fv2%2Fcategories&post=14412"},{"taxonomy":"post_tag","embeddable":true,"href":"https:\/\/akdenizolaygazetesi.com\/index.php?rest_route=%2Fwp%2Fv2%2Ftags&post=14412"}],"curies":[{"name":"wp","href":"https:\/\/api.w.org\/{rel}","templated":true}]}}