{"id":14418,"date":"2021-09-29T11:39:27","date_gmt":"2021-09-29T08:39:27","guid":{"rendered":"http:\/\/akdenizolaygazetesi.com\/?p=14418"},"modified":"2021-09-29T11:39:40","modified_gmt":"2021-09-29T08:39:40","slug":"dijital-arsivleme-hiz-ve-guvenlik-sagliyor","status":"publish","type":"post","link":"https:\/\/akdenizolaygazetesi.com\/?p=14418","title":{"rendered":"\u201cDijital ar\u015fivleme h\u0131z ve g\u00fcvenlik sa\u011fl\u0131yor\u201d"},"content":{"rendered":"<p>Ba\u015fkan G\u00fcltak; yasa gere\u011fi zorunlu hale gelen dijital ar\u015fiv sistemini, d\u0131\u015far\u0131dan hizmet al\u0131m y\u00f6ntemiyle de\u011fil, belediyenin kendi personeli ve b\u00fct\u00e7esiyle yapaca\u011f\u0131n\u0131, bu sayede kurumun ciddi bir maliyet y\u00fck\u00fcnden kurtulaca\u011f\u0131n\u0131 s\u00f6yledi.<br \/>\nAkdeniz Belediyesi, hizmet i\u00e7i e\u011fitim kapsam\u0131nda kurum personeline y\u00f6nelik dijital ar\u015fiv e\u011fitimi d\u00fczenledi. T\u00fcrkiye Belediyeler Birli\u011fi\u2019nden (TBB) Ar\u015fiv Uzman\u0131 Adnan Y\u0131ld\u0131z taraf\u0131ndan, belediyenin farkl\u0131 birimlerinde g\u00f6revli olan personele, dijital ar\u015fiv y\u00f6netmeli\u011fi, belge-bilgi y\u00f6netimi, evrak imha ve evrak ay\u0131klama i\u015flemleri hakk\u0131nda e\u011fitici bir sunum verildi. Y\u0131ld\u0131z; sunumunun ard\u0131ndan Akdeniz Belediye Ba\u015fkan\u0131 Mustafa G\u00fcltak\u2019\u0131 makam\u0131nda ziyaret etti.<br \/>\n\u201cDijital ar\u015fivleme h\u0131z ve g\u00fcvenlik sa\u011fl\u0131yor\u201d<br \/>\nBa\u015fkan G\u00fcltak, e\u011fitime ili\u015fkin yapt\u0131\u011f\u0131 a\u00e7\u0131klamada, vatanda\u015flara daha h\u0131zl\u0131 ve nitelikli hizmet vermenin yan\u0131 s\u0131ra, belediyenin i\u015f ve i\u015flemlerinin de h\u0131zlanmas\u0131 noktas\u0131nda dijital ar\u015fivleme sisteminin \u00e7ok \u00f6nemli oldu\u011funu vurgulad\u0131. Ba\u015fkan G\u00fcltak; \u201cDijital ar\u015fivleme sisteminin sundu\u011fu h\u0131z sayesinde her t\u00fcrl\u00fc bilgi ve belgeye \u00e7ok k\u0131sa bir s\u00fcrede ula\u015f\u0131lmaktad\u0131r. Dijital ar\u015fivleme; sa\u011flad\u0131\u011f\u0131 bu h\u0131z\u0131n yan\u0131 s\u0131ra bilgi-belge-evraklar\u0131n g\u00fcvenli\u011fi a\u00e7\u0131s\u0131ndan da \u00f6nem ta\u015f\u0131yan bir sistem. Bu sistem sayesinde vatanda\u015flar\u0131n i\u015f ve i\u015flemine ait evraklar\u0131n hangi a\u015famada oldu\u011fu da rahatl\u0131kla g\u00f6r\u00fclecek ve elektronik ortamda evrak ak\u0131\u015f\u0131 g\u00fcvenle sa\u011flanm\u0131\u015f olacak\u201d dedi.<br \/>\n\u201cBelediyemiz, b\u00fcy\u00fck bir maliyet kaleminden kurtulmu\u015f olacak\u201d<br \/>\nAr\u015fivlerin dijital ortama aktar\u0131lmas\u0131n\u0131n yasal bir zorunluluk haline geldi\u011fine de dikkat \u00e7eken Ba\u015fkan G\u00fcltak; \u201cBa\u015fkan yard\u0131mc\u0131lar\u0131m\u0131z ve birim m\u00fcd\u00fcrlerimiz ile yapt\u0131\u011f\u0131m\u0131z toplant\u0131larla da konuyu g\u00fcndeme getirip g\u00fcnlerce tart\u0131\u015ft\u0131k. Ancak dijital ar\u015fiv sisteminin d\u0131\u015far\u0131dan hizmet al\u0131m\u0131 ile yap\u0131lmas\u0131n\u0131n astronomik rakamlara tekab\u00fcl etti\u011fini tespit ettik. Belediyemizin mali durumunu dikkate ald\u0131\u011f\u0131m\u0131zda, yeni bir k\u00fclfet-maliyet y\u00fck\u00fc olu\u015fturmamak ad\u0131na, bu i\u015fi kendi personel arkada\u015flar\u0131m\u0131z\u0131n yapabilece\u011fine inanarak i\u015fe kalk\u0131\u015ft\u0131k. Tabi sistem i\u00e7in gerekli teknolojik t\u00fcm malzemeleri de yine belediyemizin imk\u00e2nlar\u0131yla temin ettik. Mersin\u2019de, \u015fu anda dijital ar\u015fivleme sistemini kendi \u00f6zg\u00fcc\u00fc ve sermayesiyle yapacak olan ilk ve tek belediyeyiz\u201d ifadelerini kulland\u0131.<br \/>\nPilot uygulama iki m\u00fcd\u00fcrl\u00fckte ba\u015flad\u0131<br \/>\nBa\u015fkan G\u00fcltak; dijital ar\u015fiv sistemi i\u00e7in belediyenin mali hizmetler ve i\u015fyeri ruhsat birimlerinde pilot uygulama ba\u015flatt\u0131klar\u0131n\u0131 kaydederek, \u201cYap\u0131lacak g\u00fc\u00e7l\u00fc bir planlama ve disiplin sayesinde, yak\u0131n s\u00fcre\u00e7te dijital ar\u015fivlemeye ili\u015fkin \u00e7al\u0131\u015fmalar\u0131m\u0131z\u0131 t\u00fcm birimlerimizde tamamlayaca\u011f\u0131z. Tahminen 4-5 ayl\u0131k zaman zarf\u0131nda di\u011fer t\u00fcm m\u00fcd\u00fcrl\u00fcklerimizde de dijital ar\u015fiv i\u015flemlerine ge\u00e7mi\u015f olaca\u011f\u0131z. Bu i\u015fi kendi \u00f6z g\u00fcc\u00fcm\u00fczle yapabilece\u011fimize inanarak yola \u00e7\u0131kan t\u00fcm mesai arkada\u015flar\u0131ma te\u015fekk\u00fcr ediyorum\u201d diye konu\u015ftu.<\/p>\n","protected":false},"excerpt":{"rendered":"<p>Ba\u015fkan G\u00fcltak; yasa gere\u011fi zorunlu hale gelen dijital ar\u015fiv sistemini, d\u0131\u015far\u0131dan hizmet al\u0131m y\u00f6ntemiyle de\u011fil, belediyenin kendi personeli ve b\u00fct\u00e7esiyle yapaca\u011f\u0131n\u0131, bu sayede kurumun ciddi bir maliyet y\u00fck\u00fcnden kurtulaca\u011f\u0131n\u0131 s\u00f6yledi. &hellip; <a href=\"https:\/\/akdenizolaygazetesi.com\/?p=14418\" class=\"more-link\">Devam\u0131n\u0131 Oku&#8230;<\/a><\/p>\n","protected":false},"author":2,"featured_media":14419,"comment_status":"open","ping_status":"open","sticky":false,"template":"","format":"standard","meta":[],"categories":[2,3,5],"tags":[],"_links":{"self":[{"href":"https:\/\/akdenizolaygazetesi.com\/index.php?rest_route=\/wp\/v2\/posts\/14418"}],"collection":[{"href":"https:\/\/akdenizolaygazetesi.com\/index.php?rest_route=\/wp\/v2\/posts"}],"about":[{"href":"https:\/\/akdenizolaygazetesi.com\/index.php?rest_route=\/wp\/v2\/types\/post"}],"author":[{"embeddable":true,"href":"https:\/\/akdenizolaygazetesi.com\/index.php?rest_route=\/wp\/v2\/users\/2"}],"replies":[{"embeddable":true,"href":"https:\/\/akdenizolaygazetesi.com\/index.php?rest_route=%2Fwp%2Fv2%2Fcomments&post=14418"}],"version-history":[{"count":2,"href":"https:\/\/akdenizolaygazetesi.com\/index.php?rest_route=\/wp\/v2\/posts\/14418\/revisions"}],"predecessor-version":[{"id":14421,"href":"https:\/\/akdenizolaygazetesi.com\/index.php?rest_route=\/wp\/v2\/posts\/14418\/revisions\/14421"}],"wp:featuredmedia":[{"embeddable":true,"href":"https:\/\/akdenizolaygazetesi.com\/index.php?rest_route=\/wp\/v2\/media\/14419"}],"wp:attachment":[{"href":"https:\/\/akdenizolaygazetesi.com\/index.php?rest_route=%2Fwp%2Fv2%2Fmedia&parent=14418"}],"wp:term":[{"taxonomy":"category","embeddable":true,"href":"https:\/\/akdenizolaygazetesi.com\/index.php?rest_route=%2Fwp%2Fv2%2Fcategories&post=14418"},{"taxonomy":"post_tag","embeddable":true,"href":"https:\/\/akdenizolaygazetesi.com\/index.php?rest_route=%2Fwp%2Fv2%2Ftags&post=14418"}],"curies":[{"name":"wp","href":"https:\/\/api.w.org\/{rel}","templated":true}]}}