{"id":1442,"date":"2020-11-04T18:22:00","date_gmt":"2020-11-04T15:22:00","guid":{"rendered":"http:\/\/mersinekonomipolitikagazetesi.com\/?p=1442"},"modified":"2020-11-04T18:22:00","modified_gmt":"2020-11-04T15:22:00","slug":"izninin-son-gununde-motosiklet-kazasinda-hayatini-kaybetti","status":"publish","type":"post","link":"https:\/\/akdenizolaygazetesi.com\/?p=1442","title":{"rendered":"\u0130zninin son g\u00fcn\u00fcnde motosiklet kazas\u0131nda hayat\u0131n\u0131 kaybetti"},"content":{"rendered":"<p>Mersin\u2019de meydana gelen trafik kazas\u0131nda motosikletler ile t\u0131ra \u00e7arpan 2 s\u00fcr\u00fcc\u00fc hayat\u0131n\u0131 kaybetti. Hayat\u0131n\u0131 kaybeden motorculardan Yunus Emre Karan\u2019\u0131n asker oldu\u011fu, izinli olarak Mersin\u2019de bulundu\u011fu ve izninin son g\u00fcn\u00fcnde 2 g\u00fcn \u00f6nce ald\u0131\u011f\u0131 motosikletle kaza yapt\u0131\u011f\u0131 \u00f6\u011frenildi.<\/p>\n<p><span style=\"color: rgb(0, 0, 0); font-family: Tahoma, Arial, &quot;Times New Roman TUR&quot;, Verdana; font-size: 15px;\">Edinilen bilgiye g\u00f6re, kaza, ak\u015fam saatlerinde Mersin&#8217;in Yeni\u015fehir il\u00e7esindeki 34. Cadde\u2019de meydana geldi. T\u00fcrkiye Motosiklet Federasyonu sporcusu olan Yunus Emre Karan ile yak\u0131n arkada\u015f\u0131 Abidin G\u00fcl, motosikletleriyle dola\u015fmaya \u00e7\u0131kt\u0131. Karan ve G\u00fcl y\u00f6netimindeki motosikletler, tali yoldan \u00e7\u0131kan t\u0131ra \u00e7arpt\u0131. Kazan\u0131n ard\u0131ndan Yunus Emre Karan olay yerinde hayat\u0131n\u0131 kaybederken, Abidin G\u00fcl ise ambulansla a\u011f\u0131r yaral\u0131 olarak hastaneye kald\u0131r\u0131ld\u0131. Mersin \u00dcniversitesi T\u0131p Fak\u00fcltesinde ameliyata al\u0131nan G\u00fcl, yap\u0131lan t\u00fcm m\u00fcdahalelere ra\u011fmen kurtar\u0131lamayarak hayat\u0131n\u0131 kaybetti.<\/span><br style=\"color: rgb(0, 0, 0); font-family: Tahoma, Arial, &quot;Times New Roman TUR&quot;, Verdana; font-size: 15px;\" \/><br \/>\n<br style=\"color: rgb(0, 0, 0); font-family: Tahoma, Arial, &quot;Times New Roman TUR&quot;, Verdana; font-size: 15px;\" \/><br \/>\n<strong><span style=\"color: rgb(0, 0, 0); font-family: Tahoma, Arial, &quot;Times New Roman TUR&quot;, Verdana; font-size: 15px;\">\u0130zninin son g\u00fcn\u00fcym\u00fc\u015f<\/span><\/strong><br style=\"color: rgb(0, 0, 0); font-family: Tahoma, Arial, &quot;Times New Roman TUR&quot;, Verdana; font-size: 15px;\" \/><br \/>\n<span style=\"color: rgb(0, 0, 0); font-family: Tahoma, Arial, &quot;Times New Roman TUR&quot;, Verdana; font-size: 15px;\">Hayatlar\u0131n\u0131 kaybeden Karan ve G\u00fcl\u2019\u00fcn cenazeleri, Adana Adli T\u0131p Kurumuna g\u00f6t\u00fcr\u00fcld\u00fc. Bug\u00fcn i\u015flemleri tamamlanan Karan ve G\u00fcl\u2019\u00fcn cenazeleri, kara yoluyla Mersin\u2019e getirildi. Cenazeler G\u00f6zne Otoban Gi\u015feleri\u2019nde motorcular taraf\u0131ndan kar\u015f\u0131land\u0131. \u00d6nce Karan\u2019\u0131n ard\u0131ndan G\u00fcl\u2019\u00fcn oturdu\u011fu evin \u00f6n\u00fcnden ge\u00e7ildi. Ard\u0131ndan ise motorcular\u0131n korteji e\u015fli\u011finde cenazeler, Akbelen \u015eehir Mezarl\u0131\u011f\u0131\u2019na getirildi. Ac\u0131 haberle y\u0131k\u0131lan Karan ve G\u00fcl\u2019\u00fcn yak\u0131nlar\u0131 g\u00f6zya\u015flar\u0131na hakim olamad\u0131. Yunus Emre Karan\u2019\u0131n asker oldu\u011fu, izinli olarak Mersin\u2019de bulundu\u011fu, d\u00fcn de izninin son g\u00fcn\u00fc oldu\u011fu \u00f6\u011frenildi. Mezarl\u0131kta Karan i\u00e7in askeri t\u00f6ren yap\u0131ld\u0131. T\u00f6renin ard\u0131ndan Karan\u2019\u0131n cenazesi, Resul Mahallesi Mezarl\u0131\u011f\u0131\u2019na defnedildi. Abidin G\u00fcl\u2019\u00fcn cenazesi ise \u015fehir mezarl\u0131\u011f\u0131ndaki cenaze namaz\u0131n\u0131n ard\u0131ndan topra\u011fa verildi.\u00a0<\/span><\/p>\n","protected":false},"excerpt":{"rendered":"<p>Mersin\u2019de meydana gelen trafik kazas\u0131nda motosikletler ile t\u0131ra \u00e7arpan 2 s\u00fcr\u00fcc\u00fc hayat\u0131n\u0131 kaybetti. Hayat\u0131n\u0131 kaybeden motorculardan Yunus Emre Karan\u2019\u0131n asker oldu\u011fu, izinli olarak Mersin\u2019de bulundu\u011fu ve izninin son g\u00fcn\u00fcnde 2 &hellip; <a href=\"https:\/\/akdenizolaygazetesi.com\/?p=1442\" class=\"more-link\">Devam\u0131n\u0131 Oku&#8230;<\/a><\/p>\n","protected":false},"author":1,"featured_media":0,"comment_status":"open","ping_status":"open","sticky":false,"template":"","format":"standard","meta":[],"categories":[],"tags":[],"_links":{"self":[{"href":"https:\/\/akdenizolaygazetesi.com\/index.php?rest_route=\/wp\/v2\/posts\/1442"}],"collection":[{"href":"https:\/\/akdenizolaygazetesi.com\/index.php?rest_route=\/wp\/v2\/posts"}],"about":[{"href":"https:\/\/akdenizolaygazetesi.com\/index.php?rest_route=\/wp\/v2\/types\/post"}],"author":[{"embeddable":true,"href":"https:\/\/akdenizolaygazetesi.com\/index.php?rest_route=\/wp\/v2\/users\/1"}],"replies":[{"embeddable":true,"href":"https:\/\/akdenizolaygazetesi.com\/index.php?rest_route=%2Fwp%2Fv2%2Fcomments&post=1442"}],"version-history":[{"count":0,"href":"https:\/\/akdenizolaygazetesi.com\/index.php?rest_route=\/wp\/v2\/posts\/1442\/revisions"}],"wp:attachment":[{"href":"https:\/\/akdenizolaygazetesi.com\/index.php?rest_route=%2Fwp%2Fv2%2Fmedia&parent=1442"}],"wp:term":[{"taxonomy":"category","embeddable":true,"href":"https:\/\/akdenizolaygazetesi.com\/index.php?rest_route=%2Fwp%2Fv2%2Fcategories&post=1442"},{"taxonomy":"post_tag","embeddable":true,"href":"https:\/\/akdenizolaygazetesi.com\/index.php?rest_route=%2Fwp%2Fv2%2Ftags&post=1442"}],"curies":[{"name":"wp","href":"https:\/\/api.w.org\/{rel}","templated":true}]}}