{"id":14438,"date":"2021-09-30T11:50:13","date_gmt":"2021-09-30T08:50:13","guid":{"rendered":"http:\/\/akdenizolaygazetesi.com\/?p=14438"},"modified":"2021-09-30T11:50:13","modified_gmt":"2021-09-30T08:50:13","slug":"kentimizi-ortak-akil-ile-yonetmek-bizim-en-temel-anlayisimiz","status":"publish","type":"post","link":"https:\/\/akdenizolaygazetesi.com\/?p=14438","title":{"rendered":"\u201cKENT\u0130M\u0130Z\u0130 ORTAK AKIL \u0130LE Y\u00d6NETMEK B\u0130Z\u0130M EN TEMEL ANLAYI\u015eIMIZ\u201d"},"content":{"rendered":"<p>Mersin B\u00fcy\u00fck\u015fehir Belediye Ba\u015fkan Vekili G\u00fclcan K\u0131\u015f, Mersin Sanayicileri ve \u0130\u015f \u0130nsanlar\u0131 Derne\u011fi\u2019nin (MES\u0130AD) 30. kurulu\u015f y\u0131l d\u00f6n\u00fcm\u00fc dolay\u0131s\u0131yla d\u00fczenlenen kokteyl ve plaket t\u00f6renine kat\u0131ld\u0131. MES\u0130AD\u2019\u0131n Mersin i\u00e7in \u00f6nemine dikkat \u00e7eken Ba\u015fkan Vekili G\u00fclcan K\u0131\u015f,  \u201cMersin B\u00fcy\u00fck\u015fehir Belediyesi olarak i\u015f d\u00fcnyas\u0131n\u0131 \u00e7ok \u00f6nemsiyoruz\u201d dedi.<\/p>\n<p>Mersin B\u00fcy\u00fck\u015fehir Belediyesi Kongre ve Sergi Saray\u0131\u2019nda d\u00fczenlenen t\u00f6rene; Mersin Valisi Ali \u0130hsan Su, Akdeniz B\u00f6lge ve Garnizon Komutan\u0131 Tu\u011famiral Fuat Gedik, Mersin B\u00fcy\u00fck\u015fehir Belediye Ba\u015fkan Vekili G\u00fclcan K\u0131\u015f, il\u00e7e belediye ba\u015fkanlar\u0131, Mersin \u00dcniversitesi Rekt\u00f6r\u00fc Prof. Dr. Ahmet \u00c7amsar\u0131 ile sivil toplum kurulu\u015flar\u0131n\u0131n temsilcileri kat\u0131ld\u0131.<\/p>\n<p>\u201cKentimizin kalk\u0131nmas\u0131 ad\u0131na yap\u0131lan b\u00fct\u00fcn \u00e7al\u0131\u015fmalar\u0131n destek\u00e7isiyiz\u201d<\/p>\n<p>A\u00e7\u0131l\u0131\u015f konu\u015fmas\u0131n\u0131 MES\u0130AD Y\u00f6netim Kurulu Ba\u015fkan\u0131 Hasan Engin\u2019in yapt\u0131\u011f\u0131 t\u00f6rende; Mersin B\u00fcy\u00fck\u015fehir Belediye Ba\u015fkan\u0131 Vahap Se\u00e7er ad\u0131na herkesi selamlayarak konu\u015fmas\u0131na ba\u015flayan B\u00fcy\u00fck\u015fehir Belediye Ba\u015fkan Vekili G\u00fclcan K\u0131\u015f, MES\u0130AD\u2019\u0131n Mersin\u2019in geli\u015fmesi ve kalk\u0131nmas\u0131 i\u00e7in \u00e7ok \u00f6nemli \u00e7al\u0131\u015fmalar ger\u00e7ekle\u015ftirdi\u011fini s\u00f6yledi. G\u00fclcan K\u0131\u015f, \u201cMES\u0130AD ve MES\u0130AD\u2019\u0131n de\u011ferli \u00fcyeleri, g\u00fczel kentimiz Mersin\u2019in geli\u015fmesi ve kalk\u0131nmas\u0131 i\u00e7in \u00e7ok \u00f6nemli \u00e7al\u0131\u015fmalar y\u00fcr\u00fctmektedirler. Liman, lojistik, tar\u0131m ve turizm olanaklar\u0131yla, T\u00fcrkiye\u2019nin hatta d\u00fcnyan\u0131n yat\u0131r\u0131m i\u00e7in en cazip kentlerinden biri olan Mersin\u2019de MES\u0130AD \u00fcyelerimiz, hayata ge\u00e7irdi\u011fi projelerle, kentimizin ve \u00fclkemizin ekonomisine katk\u0131 sunmaktalar, istihdam yaratmaktalar ve de\u011fer katmaktalar. Hepsinden \u00f6nemlisi de MES\u0130AD \u00fcyeleri d\u00fcnden bug\u00fcne, bug\u00fcnden yar\u0131na daha mutlu, daha kalk\u0131nm\u0131\u015f ve refah d\u00fczeyi y\u00fcksek bir Mersin i\u00e7in \u00e7al\u0131\u015fmaktad\u0131rlar. Bizler de Mersin B\u00fcy\u00fck\u015fehir Belediyesi olarak i\u015f d\u00fcnyas\u0131n\u0131 \u00e7ok \u00f6nemsiyoruz\u201d dedi.<\/p>\n<p>Kendisi de i\u015f d\u00fcnyas\u0131ndan gelen Mersin B\u00fcy\u00fck\u015fehir Belediye Ba\u015fkan\u0131 Vahap Se\u00e7er \u00f6nc\u00fcl\u00fc\u011f\u00fcnde Mersin\u2019in dinamikleri olan sivil toplum kurulu\u015flar\u0131yla daima diyalog ve i\u015f birli\u011fi halinde olduklar\u0131n\u0131 vurgulayan G\u00fclcan K\u0131\u015f, \u201cKentimizin kalk\u0131nmas\u0131 ad\u0131na yap\u0131lan b\u00fct\u00fcn \u00e7al\u0131\u015fmalar\u0131n ve projelerin destek\u00e7isi olduk ve bundan sonra da olmaya devam edece\u011fiz. \u00c7\u00fcnk\u00fc kentimizi ortak ak\u0131l ile y\u00f6netmek bizim en temel anlay\u0131\u015f\u0131m\u0131zd\u0131r. Birlik ve beraberlik i\u00e7erisinde hareket etti\u011fimiz zaman, ya\u015fad\u0131\u011f\u0131m\u0131z b\u00fct\u00fcn problemlerin \u00fcstesinden gelece\u011fimizi de \u00e7ok iyi biliyoruz. Mersinlilerin huzuru, kentimizin kalk\u0131nmas\u0131 ad\u0131na yap\u0131lan \u00e7al\u0131\u015fmalar\u0131 daima ayn\u0131 titizlikle de s\u00fcrd\u00fcrmeye devam edece\u011fiz\u201d diye konu\u015ftu.<\/p>\n<p>\u201c\u0130\u015f d\u00fcnyam\u0131z h\u0131zl\u0131 bir de\u011fi\u015fim ve d\u00f6n\u00fc\u015f\u00fcm i\u00e7inde olmak zorundad\u0131r\u201d<\/p>\n<p>G\u00fclcan K\u0131\u015f, i\u015f d\u00fcnyas\u0131n\u0131n h\u0131zl\u0131 bir de\u011fi\u015fim ve d\u00f6n\u00fc\u015f\u00fcm i\u00e7inde olma zorunlulu\u011funa dikkat \u00e7ekerek, \u201cPandemi s\u00fcreci hepimize \u015funu g\u00f6sterdi ki; yeni teknolojiler, yeni i\u015f modelleri ve dijital d\u00f6n\u00fc\u015f\u00fcm istisnas\u0131z t\u00fcm sekt\u00f6rleri ve i\u015f alanlar\u0131n\u0131 derinden etkilemi\u015ftir. \u0130\u015f d\u00fcnyam\u0131z, bug\u00fcn hi\u00e7 olmad\u0131\u011f\u0131 kadar h\u0131zl\u0131 bir de\u011fi\u015fim ve d\u00f6n\u00fc\u015f\u00fcm i\u00e7inde olmak zorundad\u0131r. Gelecekteki ba\u015far\u0131lar i\u00e7in de bu bir gereklilik de\u011fil, art\u0131k bir zorunluluk haline gelmi\u015ftir. Bu h\u0131zl\u0131 de\u011fi\u015fime ve d\u00f6n\u00fc\u015f\u00fcme kay\u0131ts\u0131z kalmamak i\u00e7in, akl\u0131n ve bilimin \u0131\u015f\u0131\u011f\u0131nda kentimiz ve \u00fclkemiz i\u00e7in daima \u00e7al\u0131\u015fmal\u0131 ve \u00fcretmeliyiz. Kentimizin dinamikleri olarak i\u015f d\u00fcnyam\u0131z\u0131n \u00f6n\u00fcnde hangi engeller var ise kald\u0131r\u0131lmas\u0131 i\u00e7in de birlikte m\u00fccadele etmeliyiz\u201d diye konu\u015ftu.<\/p>\n<p>\u201cKad\u0131nlar\u0131n \u00f6n\u00fcndeki engeller kald\u0131r\u0131ld\u0131\u011f\u0131 zaman, neleri ba\u015farabilece\u011fini hepimiz \u00e7ok iyi biliyoruz\u201d<\/p>\n<p>Hem MES\u0130AD \u00fcyesi, hem de bir i\u015f kad\u0131n\u0131 olarak kad\u0131nlar\u0131n i\u015f d\u00fcnyas\u0131nda ve hayat\u0131n her alan\u0131nda e\u015fit muamele g\u00f6rmelerinin \u00f6nemine dikkat \u00e7eken G\u00fclcan K\u0131\u015f, \u201cKad\u0131nlar\u0131n ekonomik ve sosyal hayata kat\u0131lmalar\u0131n\u0131n \u00f6n\u00fcndeki engeller kald\u0131r\u0131ld\u0131\u011f\u0131 zaman, neleri ba\u015farabilece\u011fini hepimiz \u00e7ok iyi biliyoruz. Bu bilin\u00e7 ve sorumlulukla, daha huzurlu bir Mersin, daha huzurlu bir T\u00fcrkiye\u2019ye \u00fcretimden gelen g\u00fcc\u00fcm\u00fczle kavu\u015faca\u011f\u0131m\u0131za olan inanc\u0131mla, MES\u0130AD\u2019\u0131n 30\u2019uncu ya\u015f\u0131n\u0131 kutluyorum\u201d ifadelerine yer verdi.<\/p>\n<p>Konu\u015fmalar\u0131n\u0131n ard\u0131ndan Ba\u015fkan Vekili G\u00fclcan K\u0131\u015f ve protokol \u00fcyeleri taraf\u0131ndan MES\u0130AD\u2019\u0131n 30. y\u0131l\u0131 an\u0131s\u0131na, kurucular, ge\u00e7mi\u015f d\u00f6nem ba\u015fkanlar\u0131 ve MES\u0130AD \u00fcyelerine plaketleri takdim edildi.<\/p>\n","protected":false},"excerpt":{"rendered":"<p>Mersin B\u00fcy\u00fck\u015fehir Belediye Ba\u015fkan Vekili G\u00fclcan K\u0131\u015f, Mersin Sanayicileri ve \u0130\u015f \u0130nsanlar\u0131 Derne\u011fi\u2019nin (MES\u0130AD) 30. kurulu\u015f y\u0131l d\u00f6n\u00fcm\u00fc dolay\u0131s\u0131yla d\u00fczenlenen kokteyl ve plaket t\u00f6renine kat\u0131ld\u0131. MES\u0130AD\u2019\u0131n Mersin i\u00e7in \u00f6nemine dikkat &hellip; <a href=\"https:\/\/akdenizolaygazetesi.com\/?p=14438\" class=\"more-link\">Devam\u0131n\u0131 Oku&#8230;<\/a><\/p>\n","protected":false},"author":2,"featured_media":14439,"comment_status":"open","ping_status":"open","sticky":false,"template":"","format":"standard","meta":[],"categories":[2,3,5],"tags":[],"_links":{"self":[{"href":"https:\/\/akdenizolaygazetesi.com\/index.php?rest_route=\/wp\/v2\/posts\/14438"}],"collection":[{"href":"https:\/\/akdenizolaygazetesi.com\/index.php?rest_route=\/wp\/v2\/posts"}],"about":[{"href":"https:\/\/akdenizolaygazetesi.com\/index.php?rest_route=\/wp\/v2\/types\/post"}],"author":[{"embeddable":true,"href":"https:\/\/akdenizolaygazetesi.com\/index.php?rest_route=\/wp\/v2\/users\/2"}],"replies":[{"embeddable":true,"href":"https:\/\/akdenizolaygazetesi.com\/index.php?rest_route=%2Fwp%2Fv2%2Fcomments&post=14438"}],"version-history":[{"count":1,"href":"https:\/\/akdenizolaygazetesi.com\/index.php?rest_route=\/wp\/v2\/posts\/14438\/revisions"}],"predecessor-version":[{"id":14440,"href":"https:\/\/akdenizolaygazetesi.com\/index.php?rest_route=\/wp\/v2\/posts\/14438\/revisions\/14440"}],"wp:featuredmedia":[{"embeddable":true,"href":"https:\/\/akdenizolaygazetesi.com\/index.php?rest_route=\/wp\/v2\/media\/14439"}],"wp:attachment":[{"href":"https:\/\/akdenizolaygazetesi.com\/index.php?rest_route=%2Fwp%2Fv2%2Fmedia&parent=14438"}],"wp:term":[{"taxonomy":"category","embeddable":true,"href":"https:\/\/akdenizolaygazetesi.com\/index.php?rest_route=%2Fwp%2Fv2%2Fcategories&post=14438"},{"taxonomy":"post_tag","embeddable":true,"href":"https:\/\/akdenizolaygazetesi.com\/index.php?rest_route=%2Fwp%2Fv2%2Ftags&post=14438"}],"curies":[{"name":"wp","href":"https:\/\/api.w.org\/{rel}","templated":true}]}}