{"id":14450,"date":"2021-10-01T12:23:50","date_gmt":"2021-10-01T09:23:50","guid":{"rendered":"http:\/\/akdenizolaygazetesi.com\/?p=14450"},"modified":"2021-10-01T12:24:26","modified_gmt":"2021-10-01T09:24:26","slug":"buyuksehirden-kultur-ve-sanata-tam-destek","status":"publish","type":"post","link":"https:\/\/akdenizolaygazetesi.com\/?p=14450","title":{"rendered":"B\u00dcY\u00dcK\u015eEH\u0130R\u2019DEN K\u00dcLT\u00dcR VE SANATA TAM DESTEK"},"content":{"rendered":"<p>Mersin B\u00fcy\u00fck\u015fehir Belediyesi, k\u00fclt\u00fcr ve sanat kadrosunu g\u00fc\u00e7lendirmek i\u00e7in yeni al\u0131mlar yapmaya devam ediyor. K\u00fclt\u00fcr ve Sosyal \u0130\u015fler Dairesi b\u00fcnyesinde hizmet veren Halk Oyunlar\u0131 Ekibi\u2019ne yeni oyuncu al\u0131m\u0131, T\u00fcrk Halk ve T\u00fcrk Sanat M\u00fczi\u011fi Topluluklar\u0131na da enstr\u00fcman sanat\u00e7\u0131s\u0131 al\u0131m s\u0131nav\u0131n\u0131 ger\u00e7ekle\u015ftiren B\u00fcy\u00fck\u015fehir Belediyesi, bu kez de T\u00fcrk Halk M\u00fczi\u011fi Toplulu\u011fu i\u00e7in solist sanat\u00e7\u0131 al\u0131m s\u0131nav\u0131 yapt\u0131.<\/p>\n<p>J\u00fcri koltu\u011funda birbirinden de\u011ferli isimler oturdu<\/p>\n<p>Nevit Kodall\u0131 Salonu\u2019nda ger\u00e7ekle\u015ftirilen s\u0131nav\u0131n j\u00fcri koltu\u011funda T\u00fcrk Halk M\u00fczi\u011fi Sanat\u00e7\u0131s\u0131 H\u00fcseyin Turan, \u00c7ukurova Senfoni Orkestras\u0131 Orkestra \u015eefi Eray \u0130nal, Mersin Devlet Klasik T\u00fcrk M\u00fczi\u011fi Korosu Kanun Sanat\u00e7\u0131s\u0131 Ahmet Baran, Mersin B\u00fcy\u00fck\u015fehir Belediyesi K\u00fclt\u00fcr ve Sosyal \u0130\u015fler Dairesi Ba\u015fkan Vekili Serdal G\u00f6kayaz, B\u00fcy\u00fck\u015fehir Belediyesi K\u00fclt\u00fcr ve Sosyal \u0130\u015fler Dairesi Ba\u015fkanl\u0131\u011f\u0131 Koordinat\u00f6r\u00fc Bengi \u0130spir \u00d6zd\u00fclger ile Mersin B\u00fcy\u00fck\u015fehir Belediyesi Konservatuvar \u015eef Vekili \u0130lker Bozkurt yer ald\u0131. G\u00f6zlemci \u00fcye olarak ise Mersin B\u00fcy\u00fck\u015fehir Belediyesi \u015eehir Tiyatrosu Genel Sanat Y\u00f6netmeni Murat Atak, Mersin B\u00fcy\u00fck\u015fehir Belediyesi Tiyatro ve Sanat \u015eube M\u00fcd\u00fcrl\u00fc\u011f\u00fc Koordinat\u00f6r\u00fc Zehra Alev Tol yer ald\u0131.<\/p>\n<p>Adaylar \u00f6nce par\u00e7alar\u0131n\u0131 seslendirdi, ard\u0131ndan nota bilgilerine bak\u0131ld\u0131<\/p>\n<p>Birbirinden de\u011ferli j\u00fcri \u00fcyelerinin yer ald\u0131\u011f\u0131 s\u0131navda g\u00fc\u00e7l\u00fc sesler yar\u0131\u015ft\u0131. J\u00fcri kar\u015f\u0131s\u0131na ge\u00e7en adaylar ilk olarak haz\u0131rlad\u0131klar\u0131 par\u00e7alar\u0131 seslendirdi. Ard\u0131ndan j\u00fcri taraf\u0131ndan adaylar\u0131n nota bilgisi \u00f6l\u00e7\u00fcld\u00fc. S\u0131navlar ilerleyen g\u00fcnlerde de s\u00fcrecek. K\u00fclt\u00fcr ve Sosyal \u0130\u015fleri Dairesi, 1, 2 ve 3 Kas\u0131m\u2019da Kent Orkestras\u0131 i\u00e7in sanat\u00e7\u0131 al\u0131m s\u0131nav\u0131 d\u00fczenleyecek.<\/p>\n<p>Minik Mina j\u00fcriden 100 puan ald\u0131<\/p>\n<p>S\u0131navda renkli anlar da ya\u015fan\u0131rken, annesi Arzu Tekiny\u0131ld\u0131z ile s\u0131nava gelen minik Mina, j\u00fcriyi merak etti\u011fi i\u00e7in sahneye \u00e7\u0131kt\u0131 ve \u2018Mini Mini Bir Ku\u015f\u2019 \u015fark\u0131s\u0131n\u0131 seslendirdi. J\u00fcriden 100 puan alan minik Mina, sahneden mutlulukla ayr\u0131ld\u0131.<\/p>\n<p>H\u00fcseyin Turan: \u201c\u00c7ok g\u00fczel sesler var\u201d<\/p>\n<p>T\u00fcrk Halk M\u00fczi\u011fi\u2019nin sevilen isimlerinden H\u00fcseyin Turan, adaylar\u0131n performanslar\u0131na ve nota bilgilerine bakt\u0131klar\u0131n\u0131 ifade ederek, \u201cBug\u00fcn ikinci g\u00fcn\u00fcm\u00fcz. Yine ayn\u0131 h\u0131zla ve tempo ile gidiyoruz. Bug\u00fcn de solist adaylar\u0131m\u0131z\u0131 de\u011ferlendirmeye \u00e7al\u0131\u015f\u0131yoruz ve aralar\u0131nda \u00e7ok g\u00fczel sesler var. Onu da g\u00f6rd\u00fck hakikaten, umutland\u0131k. \u015eimdi bug\u00fcn hem performans\u0131na bak\u0131yoruz, ayn\u0131 zamanda nota bilgisi var m\u0131, bunlara dikkat ediyoruz. Ayn\u0131 zamanda hangi y\u00f6reyi s\u00f6yl\u00fcyorsa o y\u00f6rede birtak\u0131m tav\u0131rlar var, onlara h\u00e2kimiyeti var m\u0131 ona bak\u0131yoruz. En iyisini almaya \u00e7al\u0131\u015faca\u011f\u0131z\u201d dedi.<\/p>\n<p>\u0130nal: \u201cG\u00fczel ve hakkaniyetli bir s\u0131nav oldu\u011funu d\u00fc\u015f\u00fcn\u00fcyorum\u201d<\/p>\n<p>\u00c7ukurova Devlet Senfoni Orkestras\u0131 Orkestra \u015eefi Eray \u0130nal, \u00e7ok iyi sesler oldu\u011funu ve kimi zaman \u00e7ok zorland\u0131klar\u0131n\u0131 belirterek, \u201cMersin B\u00fcy\u00fck\u015fehir Belediyesi\u2019ne ve Ba\u015fkan\u0131m\u0131z Vahap Bey\u2019e \u00e7ok te\u015fekk\u00fcr ediyorum b\u00f6yle g\u00fczel bir i\u015f yapt\u0131\u011f\u0131 i\u00e7in. Hele ki pandemiden \u00e7\u0131kt\u0131\u011f\u0131m\u0131z bu d\u00f6nemde sanata ve sanat\u00e7\u0131ya olan deste\u011finden \u00f6t\u00fcr\u00fc t\u00fcm sanat\u00e7\u0131lar ve t\u00fcm i\u015fsiz sanat\u00e7\u0131lar ad\u0131na \u00e7ok te\u015fekk\u00fcr ediyorum. \u00c7ok kriterimiz vard\u0131 bug\u00fcn. Seslere bakt\u0131k, nota okuttuk, de\u015fifre yapt\u0131rd\u0131k. Biraz nazariyat sorduk. G\u00fczel bir s\u0131nav oldu. Umar\u0131m \u00e7ok g\u00fczel bir \u015fekilde sonu\u00e7lar\u0131n\u0131 alacak belediyemiz. En k\u0131sa zamanda biz de konserlerini izlemeye gelece\u011fiz zevkle. Herkes i\u00e7in hay\u0131rl\u0131s\u0131 ve iyisi olsun in\u015fallah. G\u00fczel ve hakkaniyetli bir s\u0131nav oldu\u011funu d\u00fc\u015f\u00fcn\u00fcyorum\u201d diye konu\u015ftu.<\/p>\n<p>Baran: \u201cLiyakati merkezine koyan bu \u015feffaf yap\u0131y\u0131 g\u00f6n\u00fclden kutluyorum\u201d<\/p>\n<p>Mersin Devlet Klasik T\u00fcrk M\u00fczi\u011fi Korosu Kanun Sanat\u00e7\u0131s\u0131 Ahmet Baran, \u00e7ok k\u0131ymetli de\u011ferlerle bir araya geldiklerini vurgulayarak, \u201c\u015eehrimiz ad\u0131na, k\u00fclt\u00fcr\u00fcm\u00fcz ad\u0131na, musiki sanat\u0131m\u0131z ad\u0131na umut dolu bir g\u00fcnd\u00fc bizim i\u00e7in. Zannediyorum t\u00fcm j\u00fcri arkada\u015flar\u0131m i\u00e7in de ayn\u0131 \u015fekildeydi. \u00c7ok renkli, \u00e7ok \u00e7eki\u015fmeli, olduk\u00e7a \u00e7etin, keyifli bir s\u0131nav periyodunu geride b\u0131rakt\u0131k. Tabi bu zor zamanlarda sanat\u00e7\u0131lar\u0131n kendisini ifade edebilmesi i\u00e7in bir zemin bulmas\u0131 ad\u0131na \u00e7ok k\u0131ymetli bir \u00e7al\u0131\u015fma. Dolay\u0131s\u0131yla B\u00fcy\u00fck\u015fehir Belediyemizi, Say\u0131n Ba\u015fkan\u0131m\u0131z\u0131 ve eme\u011fi ge\u00e7en t\u00fcm j\u00fcri \u00fcyelerini, liyakati merkezine koyan bu \u015feffaf yap\u0131y\u0131 g\u00f6n\u00fclden kutluyorum. Herkesi tebrik ediyorum. Bug\u00fcn ve d\u00fcn burada ger\u00e7ekle\u015ftirilen s\u0131navdan \u00e7ok heyecan duydu\u011fumu ve meyvelerini k\u0131sa zamanda toplayaca\u011f\u0131m\u0131z\u0131 d\u00fc\u015f\u00fcn\u00fcyorum. Dilerim, bir an \u00f6nce dinleyicilerimizle bulu\u015fturur, kentimize g\u00fczel musiki \u015f\u00f6lenleri ya\u015fatmaya bir an evvel ba\u015flar\u0131z\u201d ifadelerini kulland\u0131.<\/p>\n<p>\u00d6zd\u00fclger: \u201c1, 2 ve 3 Kas\u0131m\u2019da Kent Orkestras\u0131 s\u0131nav\u0131m\u0131z olacak\u201d<\/p>\n<p>Mersin B\u00fcy\u00fck\u015fehir Belediyesi K\u00fclt\u00fcr ve Sosyal \u0130\u015fler Dairesi Ba\u015fkanl\u0131\u011f\u0131 Koordinat\u00f6r\u00fc Bengi \u0130spir \u00d6zd\u00fclger ise a\u00e7m\u0131\u015f olduklar\u0131 s\u0131nav\u0131n ikinci etab\u0131n\u0131 tamamlad\u0131klar\u0131n\u0131 dile getirerek, \u015funlar\u0131 s\u00f6yledi:<\/p>\n<p>\u201cSon etab\u0131m\u0131z 1, 2 ve 3 Kas\u0131m\u2019da Kent Orkestras\u0131 s\u0131nav\u0131m\u0131z olacak. Bug\u00fcn T\u00fcrk Halk M\u00fczi\u011fi solist s\u0131nav\u0131m\u0131z\u0131 yapt\u0131k. D\u00fcn de enstr\u00fcman s\u0131navlar\u0131m\u0131z olmu\u015ftu. Son derece g\u00fczel bir s\u0131nav ger\u00e7ekle\u015ftirdik. De\u011ferli j\u00fcri \u00fcyelerimizle de de\u011ferlendirmemizi bitirdik. Ama tabi yine s\u0131navlar a\u00e7aca\u011f\u0131z. Di\u011fer enstr\u00fcmanlar i\u00e7in, halk oyunlar\u0131 i\u00e7in tekrar bir s\u0131nav ger\u00e7ekle\u015ftirece\u011fiz ileriki tarihlerde. Adaylardan beklentimiz tabi ki kendi sanatlar\u0131n\u0131 en iyi \u015fekilde ifade edebilmeleri. Ayn\u0131 zamanda bir sanat\u00e7\u0131 olarak da bizim Mersin B\u00fcy\u00fck\u015fehir Belediyemizin kurum kimli\u011fiyle \u00f6rt\u00fc\u015fen sanat\u00e7\u0131larla bir arada olmak istiyoruz. Hepsi birbirinden de\u011ferliydi adaylar\u0131m\u0131z\u0131n. Hepsi ger\u00e7ekten y\u00fcre\u011fimize dokundu. G\u00fczel bir s\u0131nav oldu. J\u00fcri \u00fcyelerimizle birlikte \u00e7ok ahenkli \u00e7al\u0131\u015ft\u0131k. Sonu\u00e7lardan memnunuz. Kent Orkestras\u0131 s\u0131nav\u0131m\u0131zda da yeni j\u00fcri \u00fcyelerimizle beraber de\u011ferlendirme yapaca\u011f\u0131z.\u201d<\/p>\n<p>Temizlik personeli Akdo\u011fan s\u0131nava ba\u011flamas\u0131 ile kat\u0131ld\u0131<\/p>\n<p>Mersin B\u00fcy\u00fck\u015fehir Belediyesi \u00c7evre Koruma ve Kontrol Dairesi\u2019nde temizlik personeli olan \u00c7i\u011fdem Akdo\u011fan, \u201cMersin B\u00fcy\u00fck\u015fehir Belediyesi&#8217;nin bize sundu\u011fu bu f\u0131rsat i\u00e7in \u00e7ok te\u015fekk\u00fcr ediyorum. Daha \u00f6nceden m\u00fczi\u011fe ilgim vard\u0131. Bir\u00e7ok \u00e7al\u0131\u015fmalar\u0131m oldu. B\u00f6yle bir s\u0131nav olunca da neden de\u011ferlendirmeyeyim dedim. Mersin B\u00fcy\u00fck\u015fehir Belediyesi \u00c7evre Koruma ve Kontrol Dairesi Ba\u015fkanl\u0131\u011f\u0131\u2019nda \u00e7al\u0131\u015f\u0131yorum, s\u00fcp\u00fcrgeciyim. Bu alanda da kendimi de\u011ferlendirmek istedim. \u0130n\u015fallah herkes i\u00e7in hay\u0131rl\u0131s\u0131 olsun\u201d dedi.<\/p>\n<p>\u00d6mer Halisdemir \u00dcniversitesi T\u00fcrk Musikisi Devlet Konservatuvar\u0131 T\u00fcrk M\u00fczi\u011fi B\u00f6l\u00fcm\u00fc mezunu ve ayn\u0131 zamanda M\u00fczik \u00d6\u011fretmeni olan Pelin Co\u015fkun ise \u201cTe\u015fekk\u00fcr ederiz b\u00f6yle bir f\u0131rsat sunduklar\u0131 i\u00e7in bize. T\u00fcrk\u00fc s\u00f6yleyece\u011fim s\u0131navda. Dersini Alm\u0131\u015f Ediyor Ezber, K\u0131r\u015fehir y\u00f6resine ait bir t\u00fcrk\u00fc s\u00f6yleyece\u011fim\u201d diye konu\u015ftu.<\/p>\n","protected":false},"excerpt":{"rendered":"<p>Mersin B\u00fcy\u00fck\u015fehir Belediyesi, k\u00fclt\u00fcr ve sanat kadrosunu g\u00fc\u00e7lendirmek i\u00e7in yeni al\u0131mlar yapmaya devam ediyor. K\u00fclt\u00fcr ve Sosyal \u0130\u015fler Dairesi b\u00fcnyesinde hizmet veren Halk Oyunlar\u0131 Ekibi\u2019ne yeni oyuncu al\u0131m\u0131, T\u00fcrk Halk &hellip; <a href=\"https:\/\/akdenizolaygazetesi.com\/?p=14450\" class=\"more-link\">Devam\u0131n\u0131 Oku&#8230;<\/a><\/p>\n","protected":false},"author":2,"featured_media":14451,"comment_status":"open","ping_status":"open","sticky":false,"template":"","format":"standard","meta":[],"categories":[3,5],"tags":[],"_links":{"self":[{"href":"https:\/\/akdenizolaygazetesi.com\/index.php?rest_route=\/wp\/v2\/posts\/14450"}],"collection":[{"href":"https:\/\/akdenizolaygazetesi.com\/index.php?rest_route=\/wp\/v2\/posts"}],"about":[{"href":"https:\/\/akdenizolaygazetesi.com\/index.php?rest_route=\/wp\/v2\/types\/post"}],"author":[{"embeddable":true,"href":"https:\/\/akdenizolaygazetesi.com\/index.php?rest_route=\/wp\/v2\/users\/2"}],"replies":[{"embeddable":true,"href":"https:\/\/akdenizolaygazetesi.com\/index.php?rest_route=%2Fwp%2Fv2%2Fcomments&post=14450"}],"version-history":[{"count":2,"href":"https:\/\/akdenizolaygazetesi.com\/index.php?rest_route=\/wp\/v2\/posts\/14450\/revisions"}],"predecessor-version":[{"id":14453,"href":"https:\/\/akdenizolaygazetesi.com\/index.php?rest_route=\/wp\/v2\/posts\/14450\/revisions\/14453"}],"wp:featuredmedia":[{"embeddable":true,"href":"https:\/\/akdenizolaygazetesi.com\/index.php?rest_route=\/wp\/v2\/media\/14451"}],"wp:attachment":[{"href":"https:\/\/akdenizolaygazetesi.com\/index.php?rest_route=%2Fwp%2Fv2%2Fmedia&parent=14450"}],"wp:term":[{"taxonomy":"category","embeddable":true,"href":"https:\/\/akdenizolaygazetesi.com\/index.php?rest_route=%2Fwp%2Fv2%2Fcategories&post=14450"},{"taxonomy":"post_tag","embeddable":true,"href":"https:\/\/akdenizolaygazetesi.com\/index.php?rest_route=%2Fwp%2Fv2%2Ftags&post=14450"}],"curies":[{"name":"wp","href":"https:\/\/api.w.org\/{rel}","templated":true}]}}