{"id":14454,"date":"2021-10-01T12:25:47","date_gmt":"2021-10-01T09:25:47","guid":{"rendered":"http:\/\/akdenizolaygazetesi.com\/?p=14454"},"modified":"2021-10-01T12:25:47","modified_gmt":"2021-10-01T09:25:47","slug":"yeni-nesile-bir-seyler-katmamiz-onlarin-onunu-acmamiz-lazim","status":"publish","type":"post","link":"https:\/\/akdenizolaygazetesi.com\/?p=14454","title":{"rendered":"\u201cYEN\u0130 NES\u0130LE B\u0130R \u015eEYLER KATMAMIZ, ONLARIN \u00d6N\u00dcN\u00dc A\u00c7MAMIZ LAZIM\u201d"},"content":{"rendered":"<p>Mersin B\u00fcy\u00fck\u015fehir Belediye Ba\u015fkan Vekili Bedri Dursun, Mersin Gen\u00e7lik E\u011fitim K\u00fclt\u00fcr Vakf\u0131 (MEGEV) ve Mersin Ayd\u0131n D\u00fc\u015f\u00fcnce Merkezi (MAD\u00dcM) binalar\u0131n\u0131n a\u00e7\u0131l\u0131\u015f\u0131na kat\u0131ld\u0131. Ba\u015fkan Vekili Bedri Dursun, \u201cPaydam\u0131z vatan\u0131n b\u00fct\u00fcnl\u00fc\u011f\u00fc, gen\u00e7lerimizin gelece\u011fi, \u00fclkemiz, Atat\u00fcrk\u00e7\u00fcl\u00fck, Atat\u00fcrk, hepimizin ortak de\u011feridir\u201d dedi.<\/p>\n<p>\u201cTemelde bakt\u0131\u011f\u0131m\u0131zda hi\u00e7bir anlay\u0131\u015f fark\u0131 olmad\u0131\u011f\u0131n\u0131 g\u00f6zlemliyoruz\u201d<\/p>\n<p>A\u00e7\u0131l\u0131\u015fa; Mersin B\u00fcy\u00fck\u015fehir Belediye Ba\u015fkan Vekili Bedri Dursun\u2019un yan\u0131 s\u0131ra Toroslar Belediye Ba\u015fkan\u0131 Ats\u0131z Af\u015f\u0131n Y\u0131lmaz, il\u00e7e belediyelerinin temsilcileri, Cami \u015eerif Mahalle Muhtar\u0131 Derin G\u00fcn\u00fc\u00e7, oda ve dernek ba\u015fkanlar\u0131, siyasi parti temsilcileri ve vatanda\u015flar kat\u0131ld\u0131.<\/p>\n<p>Ba\u015fkan Vekili Bedri Dursun, Mersin B\u00fcy\u00fck\u015fehir Belediye Ba\u015fkan\u0131 Vahap Se\u00e7er\u2019in il d\u0131\u015f\u0131nda olmas\u0131 sebebiyle a\u00e7\u0131l\u0131\u015fa kat\u0131lamad\u0131\u011f\u0131n\u0131 belirterek, herkese Ba\u015fkan Se\u00e7er\u2019in selam ve sevgilerini iletti. MEGEV ve MAD\u00dcM Ba\u015fkan\u0131 Mehmet Nihat Y\u0131lmaz\u2019\u0131n konu\u015fmalar\u0131n\u0131n ard\u0131ndan Ba\u015fkan Vekili Dursun, herkesin ortak paydada bulu\u015ftu\u011funu ve ayn\u0131 d\u00fc\u015f\u00fcnce yap\u0131s\u0131nda oldu\u011funu ifade ederek, \u201cSay\u0131n Ba\u015fkan\u0131m az \u00f6nce e\u011fitim dedi, k\u00fclt\u00fcr dedi, \u00f6\u011frencilere yurt bulma imk\u00e2n\u0131ndan bahsetti, emperyalizmden bahsetti. Konu\u015fmalar\u0131n\u0131n temeli veya tamam\u0131 asl\u0131nda toplumu daha iyiye g\u00f6t\u00fcrme, daha g\u00fczele g\u00f6t\u00fcrme, kendi i\u00e7imizde bar\u0131\u015f i\u00e7erisinde ya\u015faman\u0131n ko\u015fullar\u0131n\u0131 olu\u015fturma ile ilgili. Burada hi\u00e7birimizin birbirimizden farkl\u0131 d\u00fc\u015f\u00fcnmesi m\u00fcmk\u00fcn de\u011fil. \u00c7\u00fcnk\u00fc s\u00f6ylenen hususlar\u0131n tamam\u0131 toplumu ileriye g\u00f6t\u00fcrmeye, toplumu kavgadan uzak tutmaya, toplumun refah seviyesini y\u00fckseltmeye y\u00f6nelik hususlar. Asl\u0131nda hepimiz ayn\u0131 d\u00fc\u015f\u00fcncedeyiz\u201d dedi.<\/p>\n<p>\u201cYeni nesile bir \u015feyler katmam\u0131z laz\u0131m, onlar\u0131n \u00f6n\u00fcn\u00fc a\u00e7mam\u0131z laz\u0131m\u201d<\/p>\n<p>Mersin B\u00fcy\u00fck\u015fehir Belediyesi\u2019nin e\u011fitimde f\u0131rsat e\u015fitli\u011fi ilkesi kapsam\u0131nda yapt\u0131\u011f\u0131 hizmetleri tek tek anlatan Ba\u015fkan Vekili Dursun, \u201cUlu \u00d6nder Mustafa Kemal Atat\u00fcrk\u2019\u00fcn de belirtti\u011fi gibi; \u201c\u0130stikbalimiz y\u00fckselen yeni nesilin elinde\u201d Yeni nesile bir \u015feyler katmam\u0131z laz\u0131m. Onlar\u0131 y\u00f6nlendirmemiz laz\u0131m, y\u00f6n vermemiz laz\u0131m. Onlar\u0131n e\u011fitimine her t\u00fcrl\u00fc katk\u0131da bulunmam\u0131z laz\u0131m, onlar\u0131n \u00f6n\u00fcn\u00fc a\u00e7mam\u0131z laz\u0131m. Bu konuda hepimizin ayn\u0131 anlay\u0131\u015fta olmas\u0131 laz\u0131m. Mersin B\u00fcy\u00fck\u015fehir Belediyesi olarak biz tamamen bu anlay\u0131\u015ftay\u0131z. Yapt\u0131\u011f\u0131m\u0131z projelere de bak\u0131l\u0131rsa, tamam\u0131 bu do\u011frultuda\u201d diye konu\u015ftu. Ba\u015fkan Vekili Dursun, \u00f6n lisans ve lisans \u00f6\u011frencilerine yap\u0131lan \u00f6\u011frenim deste\u011finden yurt imkan\u0131na, kurs merkezlerinden \u00f6\u011frencilerin ula\u015f\u0131m\u0131n \u00fccretinin 1 TL\u2019ye sabitlenmesine kadar \u00f6\u011frenciler i\u00e7in yap\u0131lan projelerden bahsetti.<\/p>\n<p>\u201cAsl\u0131nda bakt\u0131\u011f\u0131m\u0131zda, ortak de\u011ferlerimizin tamam\u0131na yak\u0131n\u0131 ayn\u0131, hi\u00e7bir farkl\u0131l\u0131\u011f\u0131m\u0131z yok\u201d<\/p>\n<p>Herkesin ortak amac\u0131n\u0131n halk\u0131n refah\u0131n\u0131 y\u00fckseltme oldu\u011funu ifade eden Ba\u015fkan Vekili Dursun, \u201cPaydam\u0131z vatan\u0131n b\u00fct\u00fcnl\u00fc\u011f\u00fc, gen\u00e7lerimizin gelece\u011fi, \u00fclkemiz, Atat\u00fcrk\u00e7\u00fcl\u00fck, Atat\u00fcrk, hepimizin ortak de\u011feridir. Asl\u0131nda bakt\u0131\u011f\u0131m\u0131zda, ortak de\u011ferlerimizin tamam\u0131na yak\u0131n\u0131 ayn\u0131, hi\u00e7bir farkl\u0131l\u0131\u011f\u0131m\u0131z yok. Farkl\u0131l\u0131klar, ufak tefek anlay\u0131\u015f farkl\u0131l\u0131\u011f\u0131d\u0131r, yakla\u015f\u0131m farkl\u0131l\u0131\u011f\u0131d\u0131r. Hepimizin ortak amac\u0131; halk\u0131m\u0131z\u0131n refah\u0131n\u0131 y\u00fckseltmek, onlara daha m\u00fcreffeh bir ortam sa\u011flamak, B\u00fcy\u00fck\u015fehir Belediyesi olarak da hizmet verdi\u011fimiz, oyunu ald\u0131\u011f\u0131m\u0131z Mersin B\u00fcy\u00fck\u015fehir\u2019de ya\u015fayan halk\u0131n imk\u00e2nlar\u0131n\u0131 kolayla\u015ft\u0131rmak. Onlara ula\u015f\u0131m\u0131, di\u011fer refah getiren hususlar\u0131 rahatl\u0131kla g\u00f6t\u00fcrmek ve onlar\u0131 mutlu etmek\u201d ifadelerini kulland\u0131.<\/p>\n<p>Konu\u015fmalar\u0131n ard\u0131ndan a\u00e7\u0131l\u0131\u015f kurdelesi kesildi ve bina protokol \u00fcyeleri taraf\u0131ndan gezildi.<\/p>\n","protected":false},"excerpt":{"rendered":"<p>Mersin B\u00fcy\u00fck\u015fehir Belediye Ba\u015fkan Vekili Bedri Dursun, Mersin Gen\u00e7lik E\u011fitim K\u00fclt\u00fcr Vakf\u0131 (MEGEV) ve Mersin Ayd\u0131n D\u00fc\u015f\u00fcnce Merkezi (MAD\u00dcM) binalar\u0131n\u0131n a\u00e7\u0131l\u0131\u015f\u0131na kat\u0131ld\u0131. Ba\u015fkan Vekili Bedri Dursun, \u201cPaydam\u0131z vatan\u0131n b\u00fct\u00fcnl\u00fc\u011f\u00fc, gen\u00e7lerimizin &hellip; <a href=\"https:\/\/akdenizolaygazetesi.com\/?p=14454\" class=\"more-link\">Devam\u0131n\u0131 Oku&#8230;<\/a><\/p>\n","protected":false},"author":2,"featured_media":14455,"comment_status":"open","ping_status":"open","sticky":false,"template":"","format":"standard","meta":[],"categories":[3],"tags":[],"_links":{"self":[{"href":"https:\/\/akdenizolaygazetesi.com\/index.php?rest_route=\/wp\/v2\/posts\/14454"}],"collection":[{"href":"https:\/\/akdenizolaygazetesi.com\/index.php?rest_route=\/wp\/v2\/posts"}],"about":[{"href":"https:\/\/akdenizolaygazetesi.com\/index.php?rest_route=\/wp\/v2\/types\/post"}],"author":[{"embeddable":true,"href":"https:\/\/akdenizolaygazetesi.com\/index.php?rest_route=\/wp\/v2\/users\/2"}],"replies":[{"embeddable":true,"href":"https:\/\/akdenizolaygazetesi.com\/index.php?rest_route=%2Fwp%2Fv2%2Fcomments&post=14454"}],"version-history":[{"count":1,"href":"https:\/\/akdenizolaygazetesi.com\/index.php?rest_route=\/wp\/v2\/posts\/14454\/revisions"}],"predecessor-version":[{"id":14456,"href":"https:\/\/akdenizolaygazetesi.com\/index.php?rest_route=\/wp\/v2\/posts\/14454\/revisions\/14456"}],"wp:featuredmedia":[{"embeddable":true,"href":"https:\/\/akdenizolaygazetesi.com\/index.php?rest_route=\/wp\/v2\/media\/14455"}],"wp:attachment":[{"href":"https:\/\/akdenizolaygazetesi.com\/index.php?rest_route=%2Fwp%2Fv2%2Fmedia&parent=14454"}],"wp:term":[{"taxonomy":"category","embeddable":true,"href":"https:\/\/akdenizolaygazetesi.com\/index.php?rest_route=%2Fwp%2Fv2%2Fcategories&post=14454"},{"taxonomy":"post_tag","embeddable":true,"href":"https:\/\/akdenizolaygazetesi.com\/index.php?rest_route=%2Fwp%2Fv2%2Ftags&post=14454"}],"curies":[{"name":"wp","href":"https:\/\/api.w.org\/{rel}","templated":true}]}}