{"id":14460,"date":"2021-10-01T12:29:54","date_gmt":"2021-10-01T09:29:54","guid":{"rendered":"http:\/\/akdenizolaygazetesi.com\/?p=14460"},"modified":"2021-10-01T12:29:54","modified_gmt":"2021-10-01T09:29:54","slug":"model-fabrika-daha-az-enerji-ile-daha-kaliteli-uretim-saglayacak","status":"publish","type":"post","link":"https:\/\/akdenizolaygazetesi.com\/?p=14460","title":{"rendered":"Model fabrika daha az enerji ile daha kaliteli \u00fcretim sa\u011flayacak"},"content":{"rendered":"<p>Mersin Model Fabrika ve Yenilik Merkezi tan\u0131t\u0131m toplant\u0131s\u0131 Sanayi ve Teknoloji Bakan Yard\u0131mc\u0131s\u0131 Mehmet Fatih Kac\u0131r&#8217;\u0131n kat\u0131l\u0131m\u0131 ile ger\u00e7ekle\u015ftirildi.<\/p>\n<p>A\u00e7\u0131l\u0131\u015f\u0131n\u0131 Cumhurba\u015fkan\u0131 Recep Tayyip Erdo\u011fan&#8217;\u0131n yapt\u0131\u011f\u0131, Mersin Tarsus Organize Sanayi B\u00f6lgesi (MTOSB), Mersin Ticaret ve Sanayi Odas\u0131 (MTSO), T.C Sanayi ve Teknoloji Bakanl\u0131\u011f\u0131 ve Birle\u015fmi\u015f Milletler Kalk\u0131nma Program\u0131 (UNDP)  i\u015fbirli\u011finde kullan\u0131ma sunulan Uygulamal\u0131 Yetkinlik Ve Dijital D\u00f6n\u00fc\u015f\u00fcm Merkezi &#8211; Model Fabrika ve Yenilik Merkezi lansman\u0131 Sanayi ve Teknoloji Bakan Yard\u0131mc\u0131s\u0131 Mehmet Fatih Kac\u0131r&#8217;\u0131n kat\u0131l\u0131m\u0131 ile ger\u00e7ekle\u015ftirildi.<\/p>\n<p>D\u00fczenlenen lansman program\u0131na Bakan Yard\u0131mc\u0131s\u0131 Kac\u0131r&#8217;\u0131n yan\u0131 s\u0131ra, MTOSB Ba\u015fkan\u0131 Sabri Tekli, MTSO Ba\u015fkan\u0131 Ayhan K\u0131z\u0131ltan, Birle\u015fmi\u015f Milletler Kalk\u0131nma Program\u0131 Mukim Temsilcisi Louisa Vinton ve sanayiciler kat\u0131ld\u0131. Lansmanda model fabrikada d\u00fczenlenen \u00d6\u011fren \u2013 D\u00f6n\u00fc\u015f Program\u0131 ile yal\u0131n uygulamaya ge\u00e7en firmalar Seomak Teknoloji Yetkilisi Mustafa Ulusoy ile Ergil Grup Kalite Sistem M\u00fchendisi Pelin Dorudemir ya\u015fad\u0131klar\u0131 s\u00fcreci ve fabrikalar\u0131ndaki geli\u015fimi anlatt\u0131. Mustafa Ulusoy, Seomak olarak poreses denetimi ilk ba\u015flad\u0131\u011f\u0131nda y\u00fczde 17 olan firma skorunu denetim sonunda y\u00fczde 78\u2019e y\u00fckselttiklerini belirtirken, firma skorlar\u0131n\u0131 y\u00fczde 69\u2019dan y\u00fczde 89\u2019a \u00e7\u0131kard\u0131klar\u0131n\u0131 bildiren Ergil Grup Kalite Sistem M\u00fchendisi Pelin Dorudemir ise bu sayede \u00fcretimlerinin h\u0131zland\u0131\u011f\u0131n\u0131 ve ihracatlar\u0131n\u0131n artt\u0131\u011f\u0131n\u0131 ifade etti.<\/p>\n<p>Lansman t\u00f6reninin a\u00e7\u0131l\u0131\u015f konu\u015fmas\u0131n\u0131 yapan MTOSB Ba\u015fkan\u0131 Sabri Tekli, Model Fabrikan\u0131n kurulu\u015f s\u00fcrecini \u00f6zetleyip \u00e7al\u0131\u015fmalar\u0131 anlatarak olu\u015fturulan sinerji ile b\u00f6lgedeki 6 firmaya e\u011fitim verildi\u011fini s\u00f6yledi. \u201cAld\u0131\u011f\u0131m\u0131z sonu\u00e7lar bizi ziyadesiyle gururland\u0131rd\u0131\u201d diyen Tekli, asli g\u00f6revlerinin sanayicinin uluslararas\u0131 alanda daha da b\u00fcy\u00fcmesine destek vermek oldu\u011funu, Model Fabrika ve \u0130novasyon Merkezi&#8217;ni Mersin&#8217;e kazand\u0131rd\u0131klar\u0131 i\u00e7in mutlu olduklar\u0131n\u0131 belirterek, &#8220;B\u00f6yle bir merkezin kentimize, b\u00f6lgemize ve \u00fclkemize kazand\u0131r\u0131lmas\u0131nda ba\u015fta Sanayi ve Teknoloji Bakan\u0131m\u0131z Sn. Mustafa Varank olmak \u00fczere, Hazine ve Maliye Bakan\u0131m\u0131z Sn. L\u00fctfi Elvan&#8217;a, Mersin Valimiz Sn. Ali \u0130hsan Su&#8217;ya te\u015fekk\u00fcrlerimi sunuyorum. B\u00f6lgedeki asli g\u00f6revimiz sanayi firmalar\u0131m\u0131z\u0131n yukar\u0131lara \u00e7\u0131kmas\u0131n\u0131 ve ba\u015far\u0131lar\u0131n\u0131n uluslararas\u0131 bazda b\u00fcy\u00fcmesi noktas\u0131nda \u00f6nayak olmakt\u0131r. Mersin Ticaret ve Sanayi Odas\u0131&#8217;n\u0131n ortakl\u0131\u011f\u0131 ile b\u00f6lgemize kazand\u0131r\u0131lan Model Fabrika ve \u0130novasyon Merkezi&#8217;nde eme\u011fi olan herkese sonsuz te\u015fekk\u00fcrlerimi sunuyor, hay\u0131rlara vesile olmas\u0131n\u0131 diliyorum&#8221; dedi.<\/p>\n<p>K\u0131z\u0131ltan: \u201cModel fabrika daha az enerji ile daha kaliteli \u00fcretim sa\u011flayacak\u201d<\/p>\n<p>MTSO Y\u00f6netim Kurulu Ba\u015fkan\u0131 Ayhan K\u0131z\u0131ltan lansmanda yapt\u0131\u011f\u0131 konu\u015fmada pandemi s\u00fcrecinde \u00fcretim ve verimin \u00f6neminin daha \u00e7ok anla\u015f\u0131ld\u0131\u011f\u0131n\u0131 s\u00f6yledi. T\u00fcrkiye\u2019de tar\u0131mda ve sanayide \u00fcretimin durmad\u0131\u011f\u0131n\u0131 hat\u0131rlatan K\u0131z\u0131ltan, \u201c\u00dcretirsiniz ama verimli bir sistem kullanmazsan\u0131z rekabette geri kal\u0131rs\u0131n\u0131z. Verimlilik hem \u00e7al\u0131\u015fan saat say\u0131s\u0131n\u0131 hem de enerji miktar\u0131n\u0131 d\u00fc\u015f\u00fcr\u00fcyor. Yal\u0131n \u00fcretimin verimlili\u011fi firmalar\u0131m\u0131zca etkin \u015fekilde kullan\u0131lmal\u0131. Bu anlamda Model Fabrikan\u0131n \u00fclkenin daha verimli \u00e7al\u0131\u015fmas\u0131na daha az enerji ile emek harcayarak daha kaliteli \u00fcretmesine b\u00fcy\u00fck katk\u0131 sa\u011flayaca\u011f\u0131na inan\u0131yorum\u201d dedi.<\/p>\n<p>Kac\u0131r: Pek \u00e7ok sekt\u00f6rde d\u00fcnyan\u0131n \u00f6nemli \u00fcretim \u00fcslerinden biriyiz<\/p>\n<p>Sanayi ve Tekoloji Bakan Yard\u0131mc\u0131s\u0131 Mehmet Fatih Kac\u0131r, yapt\u0131\u011f\u0131 konu\u015fmada Model Fabrika ve \u0130novasyon Merkezlerinin ciddi bir milli sanayi hamlesi oldu\u011funun alt\u0131n\u0131 \u00e7izerek, &#8220;Sn. Cumhurba\u015fkan\u0131m\u0131z taraf\u0131ndan a\u00e7\u0131l\u0131\u015f\u0131 yap\u0131lan Model Fabrika ve \u0130novasyon Merkezi&#8217;nin \u00f6n\u00fcm\u00fczdeki s\u00fcre\u00e7te Mersin&#8217;in ticaret ve sanayi hayat\u0131na \u00f6nemli katk\u0131lar sunmas\u0131n\u0131 temenni ediyorum. Son d\u00f6nemde Sanayi ve Teknoloji Bakanl\u0131\u011f\u0131 olarak \u00f6zellikle Sn. Cumhurba\u015fkan\u0131m\u0131z\u0131n liderli\u011finde s\u00fcrd\u00fcrd\u00fc\u011f\u00fcm\u00fcz milli teknoloji hamlesi yakla\u015f\u0131m\u0131na g\u00fc\u00e7 vermeye, katk\u0131 vermeye devam ediyoruz. T\u00fcrkiye&#8217;nin y\u00fcksek teknoloji \u00fcreten bir \u00fclke olmas\u0131n\u0131, y\u00fcksek teknolojide \u00fcretti\u011fimiz \u00fcr\u00fcnleri rekabet\u00e7i \u015fekilde d\u00fcnyaya ihra\u00e7 edebilen bir \u00fclke olmam\u0131z\u0131 sa\u011flamaya gayret ediyoruz. T\u00fcrkiye; Evet turizmde g\u00fc\u00e7l\u00fc, hizmet sekt\u00f6r\u00fcnde de g\u00fc\u00e7l\u00fc bir \u00fclkeyiz ama, nihayetinde bir \u00fcretim \u00fclkesi. Pek \u00e7ok sekt\u00f6rde d\u00fcnyan\u0131n \u00f6nemli \u00fcretim \u00fcslerinden biriyiz. Halihaz\u0131rda demir\u00e7elikte Avrupa&#8217;da 1. d\u00fcnyada 7. \u00fcretim \u00fcss\u00fcy\u00fcz. Otomotiv&#8217;de Avrupa 4.&#8217;s\u00fc d\u00fcnya 14.&#8217;s\u00fcy\u00fcz. Beyaz e\u015fyada Avrupa 1.&#8217;si d\u00fcnya 2.&#8217;siyiz. Makine sekt\u00f6r\u00fcnde \u00e7ok \u00f6nemli bir \u00fcretim kabiliyetimiz var. Asl\u0131nda d\u00fcnyada \u00e7ok \u00f6nemli yer tuttu\u011fumuz bir\u00e7ok sekt\u00f6r var. Bizim \u00f6n\u00fcm\u00fczdeki d\u00f6nemde en b\u00fcy\u00fck hedeflerimizden biri bu \u00fcretim alt yap\u0131s\u0131n\u0131 art\u0131k daha katma de\u011ferli \u00fcr\u00fcnler \u00fcreten bir yap\u0131ya d\u00f6n\u00fc\u015ft\u00fcrmek. Bununla ilgili bir\u00e7ok projeyi de e\u015fzamanl\u0131 olarak hayata ge\u00e7iriyoruz. Model Fabrika ve \u0130novasyon Merkezlerini \u00e7ok \u00f6nemsiyoruz. Sanayinin verimlilik odakl\u0131 d\u00f6n\u00fc\u015f\u00fcm\u00fcnde hem dijital d\u00f6n\u00fc\u015f\u00fcm boyutunda, hem de \u00f6n\u00fcm\u00fczdeki d\u00f6nemde ye\u015fil d\u00f6n\u00fc\u015f\u00fcm odakl\u0131 \u00e7al\u0131\u015fmalarda rehberlik edecek merkezler olarak g\u00f6r\u00fcyoruz. Bu merkezlerin olu\u015fumuna katk\u0131 veren Avrupa Birli\u011fi&#8217;ne, Birle\u015fmi\u015f Milletler Kalk\u0131nma Program\u0131na, Ticaret ve Sanayi Odalar\u0131m\u0131za, OSB&#8217;lerimize desteklerinden \u00f6t\u00fcr\u00fc m\u00fcte\u015fekkiriz. \u00d6n\u00fcm\u00fczdeki d\u00f6nemde bu merkezlerin hem say\u0131lar\u0131n\u0131 art\u0131rmaya devam edece\u011fiz, hem de bu merkezlerde \u00e7al\u0131\u015fan k\u0131ymetli arkada\u015flar\u0131m\u0131z\u0131n niteliklerini daha da y\u00fckseltmelerini ve bu merkezlerin \u00e7ok daha y\u00fcksek bir etki olu\u015fturacak \u015fekilde \u00e7al\u0131\u015fmas\u0131n\u0131 sa\u011flamaya d\u00f6n\u00fck programlar\u0131 h\u0131zland\u0131r\u0131yor olaca\u011f\u0131z. Model fabrikalar\u0131m\u0131z aras\u0131nda e\u015fg\u00fcd\u00fcml\u00fc koordinasyonlar\u0131 art\u0131rmaya d\u00f6n\u00fck bir performans izleme sistemini de \u00f6n\u00fcm\u00fczdeki d\u00f6nemde hayata ge\u00e7iriyor olaca\u011f\u0131z. Halihaz\u0131rda Ankara, Bursa, Konya, Kayseri, \u0130zmir, Gaziantep, Adana ve Mersin ile birlikte Model Fabrika ve \u0130novasyon Merkezlerimizin say\u0131s\u0131n\u0131 8&#8217;e y\u00fckseltmi\u015f olduk. \u00d6n\u00fcm\u00fczdeki d\u00f6nemde yine sanayide \u00f6nc\u00fc \u015fehirlerimizde bu model fabrikalar\u0131m\u0131z\u0131n yenilerini a\u00e7maya devam ediyor olaca\u011f\u0131z. Ben merkezimizin hay\u0131rlara vesile olmas\u0131n\u0131 diliyorum. Mersin&#8217;de yapaca\u011f\u0131m\u0131z \u00e7ok i\u015f oldu\u011funu d\u00fc\u015f\u00fcnerek, bu olu\u015fumda eme\u011fi ge\u00e7en herkesi tebrik ediyor, te\u015fekk\u00fcrlerimi sunuyorum&#8221; dedi.<\/p>\n<p>Konu\u015fmalar\u0131n ard\u0131ndan kat\u0131l\u0131mc\u0131lar Model Fabrika ve Yenilik Merkezi\u2019nde yap\u0131lan \u00e7al\u0131\u015fmalar hakk\u0131nda bilgi ald\u0131lar.<\/p>\n","protected":false},"excerpt":{"rendered":"<p>Mersin Model Fabrika ve Yenilik Merkezi tan\u0131t\u0131m toplant\u0131s\u0131 Sanayi ve Teknoloji Bakan Yard\u0131mc\u0131s\u0131 Mehmet Fatih Kac\u0131r&#8217;\u0131n kat\u0131l\u0131m\u0131 ile ger\u00e7ekle\u015ftirildi. A\u00e7\u0131l\u0131\u015f\u0131n\u0131 Cumhurba\u015fkan\u0131 Recep Tayyip Erdo\u011fan&#8217;\u0131n yapt\u0131\u011f\u0131, Mersin Tarsus Organize Sanayi B\u00f6lgesi &hellip; <a href=\"https:\/\/akdenizolaygazetesi.com\/?p=14460\" class=\"more-link\">Devam\u0131n\u0131 Oku&#8230;<\/a><\/p>\n","protected":false},"author":2,"featured_media":14461,"comment_status":"open","ping_status":"open","sticky":false,"template":"","format":"standard","meta":[],"categories":[8,3,5],"tags":[],"_links":{"self":[{"href":"https:\/\/akdenizolaygazetesi.com\/index.php?rest_route=\/wp\/v2\/posts\/14460"}],"collection":[{"href":"https:\/\/akdenizolaygazetesi.com\/index.php?rest_route=\/wp\/v2\/posts"}],"about":[{"href":"https:\/\/akdenizolaygazetesi.com\/index.php?rest_route=\/wp\/v2\/types\/post"}],"author":[{"embeddable":true,"href":"https:\/\/akdenizolaygazetesi.com\/index.php?rest_route=\/wp\/v2\/users\/2"}],"replies":[{"embeddable":true,"href":"https:\/\/akdenizolaygazetesi.com\/index.php?rest_route=%2Fwp%2Fv2%2Fcomments&post=14460"}],"version-history":[{"count":1,"href":"https:\/\/akdenizolaygazetesi.com\/index.php?rest_route=\/wp\/v2\/posts\/14460\/revisions"}],"predecessor-version":[{"id":14462,"href":"https:\/\/akdenizolaygazetesi.com\/index.php?rest_route=\/wp\/v2\/posts\/14460\/revisions\/14462"}],"wp:featuredmedia":[{"embeddable":true,"href":"https:\/\/akdenizolaygazetesi.com\/index.php?rest_route=\/wp\/v2\/media\/14461"}],"wp:attachment":[{"href":"https:\/\/akdenizolaygazetesi.com\/index.php?rest_route=%2Fwp%2Fv2%2Fmedia&parent=14460"}],"wp:term":[{"taxonomy":"category","embeddable":true,"href":"https:\/\/akdenizolaygazetesi.com\/index.php?rest_route=%2Fwp%2Fv2%2Fcategories&post=14460"},{"taxonomy":"post_tag","embeddable":true,"href":"https:\/\/akdenizolaygazetesi.com\/index.php?rest_route=%2Fwp%2Fv2%2Ftags&post=14460"}],"curies":[{"name":"wp","href":"https:\/\/api.w.org\/{rel}","templated":true}]}}