{"id":1447,"date":"2020-11-04T18:22:01","date_gmt":"2020-11-04T15:22:01","guid":{"rendered":"http:\/\/mersinekonomipolitikagazetesi.com\/?p=1447"},"modified":"2020-11-04T18:22:01","modified_gmt":"2020-11-04T15:22:01","slug":"vali-su-ogretmenleri-konaginda-agirladi","status":"publish","type":"post","link":"https:\/\/akdenizolaygazetesi.com\/?p=1447","title":{"rendered":"Vali Su, \u00f6\u011fretmenleri kona\u011f\u0131nda a\u011f\u0131rlad\u0131"},"content":{"rendered":"<p>Mersin Valisi Ali \u0130hsan Su ve E\u015fi Zeliha Su, 24 Kas\u0131m \u00d6\u011fretmenler G\u00fcn\u00fc dolay\u0131s\u0131yla bir grup \u00f6\u011fretmeni Vali Kona\u011f\u0131\u2019nda a\u011f\u0131rlad\u0131.<\/p>\n<p><span style=\"color: rgb(0, 0, 0); font-family: Tahoma, Arial, &quot;Times New Roman TUR&quot;, Verdana; font-size: 15px;\">Vali Su ve E\u015fi Zeliha Su, 25 \u00f6\u011fretmenin kat\u0131l\u0131m\u0131yla ger\u00e7ekle\u015fen kabulde, konuklar\u0131yla tek tek ilgilenerek sohbet etti. Vali Su, kabulde yapt\u0131\u011f\u0131 konu\u015fmada, \u00f6\u011fretmenlerin son derece \u00f6nemli ve kutsal bir g\u00f6revi yerine getirdiklerini belirterek, \u201cSizler sadece bir mesle\u011fi icra etmiyor, ayn\u0131 zamanda gelece\u011fimizin teminat\u0131 olan \u00e7ocuklar\u0131m\u0131z\u0131 adeta bir hamur gibi yo\u011furarak milletimizin ve devletimizin gelece\u011fini in\u015fa ediyorsunuz. Bu vesileyle \u00d6\u011fretmenler G\u00fcn\u00fcn\u00fcz\u00fc en i\u00e7ten dileklerimle kutlar, bu \u00f6nemli g\u00f6revinizde ba\u015far\u0131lar dilerim\u201d dedi.<\/span><br style=\"color: rgb(0, 0, 0); font-family: Tahoma, Arial, &quot;Times New Roman TUR&quot;, Verdana; font-size: 15px;\" \/><br \/>\n<span style=\"color: rgb(0, 0, 0); font-family: Tahoma, Arial, &quot;Times New Roman TUR&quot;, Verdana; font-size: 15px;\">Mersin Valili\u011fi olarak, Kalk\u0131nma Bakan\u0131 L\u00fctfi Elvan\u2019\u0131n da b\u00fcy\u00fck destekleriyle devlet ve h\u00fck\u00fcmet taraf\u0131ndan Mersin\u2019e kazand\u0131r\u0131lan e\u011fitim yat\u0131r\u0131mlar\u0131n\u0131n takip\u00e7isi olduklar\u0131n\u0131 dile getiren Su, \u00f6\u011fretmenlerin ve \u00f6\u011frencilerin ihtiya\u00e7 duydu\u011fu en uygun fiziki e\u011fitim ortam\u0131n\u0131n sa\u011flanmas\u0131 i\u00e7in ne gerekiyorsa yap\u0131ld\u0131\u011f\u0131n\u0131, yap\u0131lmaya da devam edilece\u011fini s\u00f6zlerine ekledi.<\/span><br style=\"color: rgb(0, 0, 0); font-family: Tahoma, Arial, &quot;Times New Roman TUR&quot;, Verdana; font-size: 15px;\" \/><br \/>\n<span style=\"color: rgb(0, 0, 0); font-family: Tahoma, Arial, &quot;Times New Roman TUR&quot;, Verdana; font-size: 15px;\">\u00d6\u011fretmenlerin de s\u00f6z alarak istek ve taleplerini iletti\u011fi kabul, bir s\u00fcre sohbet edilmesinin ard\u0131ndan sona erdi.<\/span><\/p>\n","protected":false},"excerpt":{"rendered":"<p>Mersin Valisi Ali \u0130hsan Su ve E\u015fi Zeliha Su, 24 Kas\u0131m \u00d6\u011fretmenler G\u00fcn\u00fc dolay\u0131s\u0131yla bir grup \u00f6\u011fretmeni Vali Kona\u011f\u0131\u2019nda a\u011f\u0131rlad\u0131. Vali Su ve E\u015fi Zeliha Su, 25 \u00f6\u011fretmenin kat\u0131l\u0131m\u0131yla ger\u00e7ekle\u015fen &hellip; <a href=\"https:\/\/akdenizolaygazetesi.com\/?p=1447\" class=\"more-link\">Devam\u0131n\u0131 Oku&#8230;<\/a><\/p>\n","protected":false},"author":1,"featured_media":0,"comment_status":"open","ping_status":"open","sticky":false,"template":"","format":"standard","meta":[],"categories":[],"tags":[],"_links":{"self":[{"href":"https:\/\/akdenizolaygazetesi.com\/index.php?rest_route=\/wp\/v2\/posts\/1447"}],"collection":[{"href":"https:\/\/akdenizolaygazetesi.com\/index.php?rest_route=\/wp\/v2\/posts"}],"about":[{"href":"https:\/\/akdenizolaygazetesi.com\/index.php?rest_route=\/wp\/v2\/types\/post"}],"author":[{"embeddable":true,"href":"https:\/\/akdenizolaygazetesi.com\/index.php?rest_route=\/wp\/v2\/users\/1"}],"replies":[{"embeddable":true,"href":"https:\/\/akdenizolaygazetesi.com\/index.php?rest_route=%2Fwp%2Fv2%2Fcomments&post=1447"}],"version-history":[{"count":0,"href":"https:\/\/akdenizolaygazetesi.com\/index.php?rest_route=\/wp\/v2\/posts\/1447\/revisions"}],"wp:attachment":[{"href":"https:\/\/akdenizolaygazetesi.com\/index.php?rest_route=%2Fwp%2Fv2%2Fmedia&parent=1447"}],"wp:term":[{"taxonomy":"category","embeddable":true,"href":"https:\/\/akdenizolaygazetesi.com\/index.php?rest_route=%2Fwp%2Fv2%2Fcategories&post=1447"},{"taxonomy":"post_tag","embeddable":true,"href":"https:\/\/akdenizolaygazetesi.com\/index.php?rest_route=%2Fwp%2Fv2%2Ftags&post=1447"}],"curies":[{"name":"wp","href":"https:\/\/api.w.org\/{rel}","templated":true}]}}