{"id":14475,"date":"2021-10-02T16:37:50","date_gmt":"2021-10-02T13:37:50","guid":{"rendered":"http:\/\/akdenizolaygazetesi.com\/?p=14475"},"modified":"2021-10-02T16:37:50","modified_gmt":"2021-10-02T13:37:50","slug":"turkiye-cumhuriyeti-kimligini-tasiyan-herkes-bu-memleketin-esit-yurttasidir","status":"publish","type":"post","link":"https:\/\/akdenizolaygazetesi.com\/?p=14475","title":{"rendered":"\u201cT\u00dcRK\u0130YE CUMHUR\u0130YET\u0130 K\u0130ML\u0130\u011e\u0130N\u0130 TA\u015eIYAN HERKES BU MEMLEKET\u0130N E\u015e\u0130T YURTTA\u015eIDIR\u201d"},"content":{"rendered":"<p>Mersin B\u00fcy\u00fck\u015fehir Belediye Ba\u015fkan\u0131 Vahap Se\u00e7er, e\u015fi Meral Se\u00e7er ile birlikte Mersin Anadolu B\u00fcrokratlar ve \u0130\u015f \u0130nsanlar\u0131 Yard\u0131mla\u015fma Derne\u011fi (MAB\u0130YAD) taraf\u0131ndan bu y\u0131l 3\u2019\u00fcnc\u00fcs\u00fc d\u00fczenlenen Mersin K\u00fclt\u00fcrler Festivali\u2019ne kat\u0131ld\u0131. Mersin\u2019in k\u00fclt\u00fcr zenginli\u011fine dikkat \u00e7eken Ba\u015fkan Se\u00e7er, \u201cBuras\u0131 T\u00fcrkiye\u2019nin izd\u00fc\u015f\u00fcm\u00fc, \u00f6zeti. Mersin, T\u00fcrkiye\u2019nin ta kendisi\u201d dedi.<\/p>\n<p>\u201cMersin bir huzur kenti\u201d<\/p>\n<p>Farkl\u0131 y\u00f6relere ait \u00fcr\u00fcnlerin a\u00e7\u0131lan stantlarda tan\u0131t\u0131ld\u0131\u011f\u0131 festivalde, Mersin B\u00fcy\u00fck\u015fehir Belediyesi Halk Oyunlar\u0131 Toplulu\u011fu\u2019nun g\u00f6sterisi ve Mersin B\u00fcy\u00fck\u015fehir Bandosu\u2019nun eserleri b\u00fcy\u00fck be\u011feni toplad\u0131. Etkinli\u011fe; Ba\u015fkan Vahap Se\u00e7er ve e\u015fi Meral Se\u00e7er\u2019in yan\u0131 s\u0131ra Mezitli Belediye Ba\u015fkan\u0131 Ne\u015fet Tarhan, B\u00fcy\u00fck\u015fehir Belediyesi b\u00fcrokratlar\u0131, MAB\u0130YAD Ba\u015fkan\u0131 Servet Manas ve y\u00f6netim kurulu \u00fcyeleri, STK temsilcileri ile y\u00f6re derneklerinin temsilcileri kat\u0131ld\u0131.<\/p>\n<p>Ba\u015fkan Se\u00e7er, k\u00fclt\u00fcrlerin bulu\u015ftu\u011fu bir kent olan Mersin\u2019le gurur duydu\u011funu dile getirdi. Se\u00e7er, \u201cMersin bir huzur kenti. Bunu duymayanlar duysun. Farkl\u0131 siyasi g\u00f6r\u00fc\u015fler, etnik yap\u0131lar, inan\u00e7 gruplar\u0131, mezhepler olabilir. Hepimizin bir olmas\u0131 m\u00fcmk\u00fcn m\u00fc? Bu e\u015fyan\u0131n tabiat\u0131na ayk\u0131r\u0131. Herkes bir olabilir mi?\u201d diye konu\u015ftu.<\/p>\n<p>\u201cBirinin K\u00fcrt, T\u00fcrkmen, Arap olmas\u0131 o ki\u015finin kimli\u011fidir ve onun onurudur\u201d<\/p>\n<p>Dil, din ve \u0131rk ayr\u0131m\u0131na asla izin vermeden hizmet ettiklerini vurgulayan Ba\u015fkan Se\u00e7er, \u201cHerkesin etnik yap\u0131s\u0131 farkl\u0131 olabilir. Bu onun onurudur, gururudur. Birinin K\u00fcrt, T\u00fcrkmen, Arap olmas\u0131 o ki\u015finin kimli\u011fidir ve onun onurudur, \u015ferefidir. Kimse o bireyin, o vatanda\u015f\u0131m\u0131n, o hem\u015ferimin onuruyla oynayamaz. Bizim Anayasam\u0131z bunu reddeder. T\u00fcrkiye Cumhuriyeti kimli\u011fini ta\u015f\u0131yan herkes bu memleketin e\u015fit yurtta\u015f\u0131d\u0131r. Bunun teferruat\u0131 olmaz\u201d ifadelerini kulland\u0131.<\/p>\n<p>\u201cMersin, T\u00fcrkiye\u2019yi yans\u0131t\u0131yor\u201d<\/p>\n<p>Mezitli Belediye Ba\u015fkan\u0131 Ne\u015fet Tarhan ise \u201cMersin, T\u00fcrkiye\u2019yi yans\u0131t\u0131yor. Belediye Ba\u015fkanlar\u0131 olarak g\u00f6revimiz ve tek odakland\u0131\u011f\u0131m\u0131z nokta insan unsurudur. Mersin son y\u0131llar\u0131n en huzurlu d\u00f6nemini ge\u00e7iriyor\u201d dedi.<\/p>\n<p>MAB\u0130YAD Ba\u015fkan\u0131 Servet Manas da Mersin K\u00fclt\u00fcrler Festivali\u2019nin \u00f6nemini anlatarak, festivale kat\u0131l\u0131m g\u00f6steren davetlileri selamlad\u0131.<\/p>\n","protected":false},"excerpt":{"rendered":"<p>Mersin B\u00fcy\u00fck\u015fehir Belediye Ba\u015fkan\u0131 Vahap Se\u00e7er, e\u015fi Meral Se\u00e7er ile birlikte Mersin Anadolu B\u00fcrokratlar ve \u0130\u015f \u0130nsanlar\u0131 Yard\u0131mla\u015fma Derne\u011fi (MAB\u0130YAD) taraf\u0131ndan bu y\u0131l 3\u2019\u00fcnc\u00fcs\u00fc d\u00fczenlenen Mersin K\u00fclt\u00fcrler Festivali\u2019ne kat\u0131ld\u0131. Mersin\u2019in &hellip; <a href=\"https:\/\/akdenizolaygazetesi.com\/?p=14475\" class=\"more-link\">Devam\u0131n\u0131 Oku&#8230;<\/a><\/p>\n","protected":false},"author":2,"featured_media":14476,"comment_status":"open","ping_status":"open","sticky":false,"template":"","format":"standard","meta":[],"categories":[3,5,6],"tags":[],"_links":{"self":[{"href":"https:\/\/akdenizolaygazetesi.com\/index.php?rest_route=\/wp\/v2\/posts\/14475"}],"collection":[{"href":"https:\/\/akdenizolaygazetesi.com\/index.php?rest_route=\/wp\/v2\/posts"}],"about":[{"href":"https:\/\/akdenizolaygazetesi.com\/index.php?rest_route=\/wp\/v2\/types\/post"}],"author":[{"embeddable":true,"href":"https:\/\/akdenizolaygazetesi.com\/index.php?rest_route=\/wp\/v2\/users\/2"}],"replies":[{"embeddable":true,"href":"https:\/\/akdenizolaygazetesi.com\/index.php?rest_route=%2Fwp%2Fv2%2Fcomments&post=14475"}],"version-history":[{"count":1,"href":"https:\/\/akdenizolaygazetesi.com\/index.php?rest_route=\/wp\/v2\/posts\/14475\/revisions"}],"predecessor-version":[{"id":14477,"href":"https:\/\/akdenizolaygazetesi.com\/index.php?rest_route=\/wp\/v2\/posts\/14475\/revisions\/14477"}],"wp:featuredmedia":[{"embeddable":true,"href":"https:\/\/akdenizolaygazetesi.com\/index.php?rest_route=\/wp\/v2\/media\/14476"}],"wp:attachment":[{"href":"https:\/\/akdenizolaygazetesi.com\/index.php?rest_route=%2Fwp%2Fv2%2Fmedia&parent=14475"}],"wp:term":[{"taxonomy":"category","embeddable":true,"href":"https:\/\/akdenizolaygazetesi.com\/index.php?rest_route=%2Fwp%2Fv2%2Fcategories&post=14475"},{"taxonomy":"post_tag","embeddable":true,"href":"https:\/\/akdenizolaygazetesi.com\/index.php?rest_route=%2Fwp%2Fv2%2Ftags&post=14475"}],"curies":[{"name":"wp","href":"https:\/\/api.w.org\/{rel}","templated":true}]}}