{"id":1448,"date":"2020-11-04T18:22:01","date_gmt":"2020-11-04T15:22:01","guid":{"rendered":"http:\/\/mersinekonomipolitikagazetesi.com\/?p=1448"},"modified":"2020-11-04T18:22:01","modified_gmt":"2020-11-04T15:22:01","slug":"vali-su-esra-semsi-anaokulu-ve-egitim-kompleksinin-acilisini-yapti","status":"publish","type":"post","link":"https:\/\/akdenizolaygazetesi.com\/?p=1448","title":{"rendered":"Vali Su, Esra \u015eemsi Anaokulu ve E\u011fitim Kompleksi\u2019nin a\u00e7\u0131l\u0131\u015f\u0131n\u0131 yapt\u0131"},"content":{"rendered":"<p>Mersin Valisi Ali \u0130hsan Su, Tarsus il\u00e7esinde hay\u0131rsever i\u015f insan\u0131 Hasan \u015eemsi taraf\u0131ndan yapt\u0131r\u0131lan \u2018Esra \u015eemsi Anaokulu ve E\u011fitim Kompleksi\u2019nin a\u00e7\u0131l\u0131\u015f\u0131n\u0131 yapt\u0131. Su, \u201c\u00c7ocuklar\u0131m\u0131z\u0131n yeni bir bilim ve irfan yuvas\u0131na kavu\u015fmas\u0131n\u0131n sevincini ya\u015f\u0131yoruz\u201d dedi.<\/p>\n<p><span style=\"color: rgb(0, 0, 0); font-family: Tahoma, Arial, &quot;Times New Roman TUR&quot;, Verdana; font-size: 15px;\">Esra \u015eemsi Anaokulu ve E\u011fitim Kompleksi\u2019nin a\u00e7\u0131l\u0131\u015f t\u00f6reni, e\u011fitim kompleksinin konferans salonunda yap\u0131ld\u0131. Vali Su, a\u00e7\u0131l\u0131\u015fta yapt\u0131\u011f\u0131 konu\u015fmada, gelece\u011fin teminat\u0131 \u00e7ocuklar\u0131n yeni bir bilim ve irfan yuvas\u0131na kavu\u015fmas\u0131n\u0131n, Tarsus\u2019a g\u00fczide bir e\u011fitim kurumunu daha kazand\u0131rman\u0131n sevincini ya\u015fad\u0131klar\u0131n\u0131 s\u00f6yledi. Gen\u00e7 ya\u015f\u0131nda hayat\u0131n\u0131 kaybeden k\u0131z\u0131 Esra \u015eemsi\u2019nin hat\u0131ras\u0131n\u0131 sonsuza dek ya\u015fatma ad\u0131na, b\u00f6yle se\u00e7kin bir e\u011fitim kurumunu \u00e7ocuklar\u0131n istifadesine sunan hay\u0131rsever i\u015f insan\u0131 Hasan \u015eemsi ve Berdan C\u0131vata y\u00f6netimine te\u015fekk\u00fcr eden Su, \u201cYar\u0131n\u0131n T\u00fcrkiye\u2019si bug\u00fcn, bu s\u0131ralardan al\u0131nan e\u011fitim ve \u00f6\u011fretimle yeti\u015fen, \u00fclkesi ve milleti i\u00e7in \u00e7al\u0131\u015fan \u00e7ocuklar\u0131m\u0131z taraf\u0131ndan in\u015fa edilecektir. Vatan\u0131n\u0131 ve milletini seven, tarihi ve k\u00fclt\u00fcr\u00fcyle yo\u011frulmu\u015f, evrensel ve bilimsel de\u011ferler ekseninde yeti\u015fen y\u00fcrekleri sevgi ile dolu \u00e7ocuklar\u0131m\u0131za en iyi e\u011fitim ko\u015fullar\u0131n\u0131 sa\u011flamay\u0131 \u00f6ncelikli hedefimiz olarak g\u00f6rmekteyiz\u201d diye konu\u015ftu.<\/span><br style=\"color: rgb(0, 0, 0); font-family: Tahoma, Arial, &quot;Times New Roman TUR&quot;, Verdana; font-size: 15px;\" \/><br \/>\n<span style=\"color: rgb(0, 0, 0); font-family: Tahoma, Arial, &quot;Times New Roman TUR&quot;, Verdana; font-size: 15px;\">Millet ve devlet olarak, B\u00fcy\u00fck \u00d6nder Atat\u00fcrk\u2019\u00fcn hedef olarak belirledi\u011fi \u00e7a\u011fda\u015f uygarl\u0131k d\u00fczeyinin \u00fczerine \u00e7\u0131kman\u0131n ancak \u00e7ocuklara g\u00fc\u00e7l\u00fc e\u011fitim f\u0131rsat\u0131 sa\u011flamakla m\u00fcmk\u00fcn oldu\u011funu belirten Su, \u201cGelece\u011fimizi kurma ve \u015fekillendirme sorumlulu\u011fu ile e\u011fitimi her i\u015fin ba\u015f\u0131 olarak g\u00f6r\u00fcyor ve e\u011fitim i\u00e7in b\u00fct\u00fcn imkanlar\u0131m\u0131z\u0131 seferber ediyoruz. Bu \u00e7er\u00e7evede ilimizde e\u011fitim ile ilgili \u00e7ok \u00f6nemli yat\u0131r\u0131mlar var. T\u00fcm bu yat\u0131r\u0131mlar\u0131 da en k\u0131sa zamanda hizmete kazand\u0131rarak, 2020 y\u0131l\u0131na kadar e\u011fitimde fiziki mekanla ilgili sorunlar\u0131 tekli e\u011fitime ge\u00e7ecek \u015fekilde \u00e7\u00f6zmeyi hedefliyoruz\u201d \u015feklinde konu\u015ftu.<\/span><br style=\"color: rgb(0, 0, 0); font-family: Tahoma, Arial, &quot;Times New Roman TUR&quot;, Verdana; font-size: 15px;\" \/><br \/>\n<span style=\"color: rgb(0, 0, 0); font-family: Tahoma, Arial, &quot;Times New Roman TUR&quot;, Verdana; font-size: 15px;\">Devlet olarak sergilenen bu yakla\u015f\u0131ma, toplumun t\u00fcm kesimlerinin de bug\u00fcn a\u00e7\u0131l\u0131\u015f\u0131 yap\u0131lan e\u011fitim kompleksinde oldu\u011fu gibi azami derecede katk\u0131 sunmas\u0131n\u0131n, hedeflenen seviyelere ula\u015f\u0131laca\u011f\u0131na olan inanc\u0131 g\u00fc\u00e7lendirdi\u011fini vurgulayan Su, hay\u0131rseverlerin e\u011fitime yapt\u0131\u011f\u0131 katk\u0131n\u0131n, dayan\u0131\u015fma k\u00fclt\u00fcr\u00fcn\u00fcn de g\u00fczel bir \u00f6rne\u011fini olu\u015fturdu\u011funu s\u00f6zlerine ekledi.<\/span><br style=\"color: rgb(0, 0, 0); font-family: Tahoma, Arial, &quot;Times New Roman TUR&quot;, Verdana; font-size: 15px;\" \/><br \/>\n<span style=\"color: rgb(0, 0, 0); font-family: Tahoma, Arial, &quot;Times New Roman TUR&quot;, Verdana; font-size: 15px;\">Protokol konu\u015fmalar\u0131n\u0131n ard\u0131ndan okulun anas\u0131n\u0131f\u0131 \u00f6\u011frencilerinin renkli anlara sahne olan g\u00f6sterisiyle s\u00fcren t\u00f6ren, protokol taraf\u0131ndan a\u00e7\u0131l\u0131\u015f kurdelesinin kesilmesiyle sona erdi.<\/span><\/p>\n","protected":false},"excerpt":{"rendered":"<p>Mersin Valisi Ali \u0130hsan Su, Tarsus il\u00e7esinde hay\u0131rsever i\u015f insan\u0131 Hasan \u015eemsi taraf\u0131ndan yapt\u0131r\u0131lan \u2018Esra \u015eemsi Anaokulu ve E\u011fitim Kompleksi\u2019nin a\u00e7\u0131l\u0131\u015f\u0131n\u0131 yapt\u0131. Su, \u201c\u00c7ocuklar\u0131m\u0131z\u0131n yeni bir bilim ve irfan yuvas\u0131na &hellip; <a href=\"https:\/\/akdenizolaygazetesi.com\/?p=1448\" class=\"more-link\">Devam\u0131n\u0131 Oku&#8230;<\/a><\/p>\n","protected":false},"author":1,"featured_media":0,"comment_status":"open","ping_status":"open","sticky":false,"template":"","format":"standard","meta":[],"categories":[],"tags":[],"_links":{"self":[{"href":"https:\/\/akdenizolaygazetesi.com\/index.php?rest_route=\/wp\/v2\/posts\/1448"}],"collection":[{"href":"https:\/\/akdenizolaygazetesi.com\/index.php?rest_route=\/wp\/v2\/posts"}],"about":[{"href":"https:\/\/akdenizolaygazetesi.com\/index.php?rest_route=\/wp\/v2\/types\/post"}],"author":[{"embeddable":true,"href":"https:\/\/akdenizolaygazetesi.com\/index.php?rest_route=\/wp\/v2\/users\/1"}],"replies":[{"embeddable":true,"href":"https:\/\/akdenizolaygazetesi.com\/index.php?rest_route=%2Fwp%2Fv2%2Fcomments&post=1448"}],"version-history":[{"count":0,"href":"https:\/\/akdenizolaygazetesi.com\/index.php?rest_route=\/wp\/v2\/posts\/1448\/revisions"}],"wp:attachment":[{"href":"https:\/\/akdenizolaygazetesi.com\/index.php?rest_route=%2Fwp%2Fv2%2Fmedia&parent=1448"}],"wp:term":[{"taxonomy":"category","embeddable":true,"href":"https:\/\/akdenizolaygazetesi.com\/index.php?rest_route=%2Fwp%2Fv2%2Fcategories&post=1448"},{"taxonomy":"post_tag","embeddable":true,"href":"https:\/\/akdenizolaygazetesi.com\/index.php?rest_route=%2Fwp%2Fv2%2Ftags&post=1448"}],"curies":[{"name":"wp","href":"https:\/\/api.w.org\/{rel}","templated":true}]}}