{"id":14481,"date":"2021-10-02T16:41:30","date_gmt":"2021-10-02T13:41:30","guid":{"rendered":"http:\/\/akdenizolaygazetesi.com\/?p=14481"},"modified":"2021-10-02T16:41:30","modified_gmt":"2021-10-02T13:41:30","slug":"festivale-bu-yil-22-sehirden-175-bisikletli-katiliyor","status":"publish","type":"post","link":"https:\/\/akdenizolaygazetesi.com\/?p=14481","title":{"rendered":"FEST\u0130VALE BU YIL 22 \u015eEH\u0130RDEN 175 B\u0130S\u0130KLETL\u0130 KATILIYOR"},"content":{"rendered":"<p>Mersin B\u00fcy\u00fck\u015fehir Belediyesi Gen\u00e7lik ve Spor Hizmetleri Dairesi, Mersin Bisikletli Gezginler Derne\u011fi\u2019yle birlikte bu y\u0131l 7\u2019ncisini ger\u00e7ekle\u015ftirdi\u011fi Mersin Caretta Bisiklet Festivali\u2019nin ba\u015flang\u0131c\u0131n\u0131 Cumhuriyet Meydan\u0131\u2019ndan verdi. Kent merkezinden ba\u015flay\u0131p Erdemli ve Silifke\u2019de devam edecek festivale T\u00fcrkiye\u2019nin 22 \u015fehrinden toplam 175 bisikletli kat\u0131ld\u0131.<\/p>\n<p>3 g\u00fcnde 150 kilometrelik pedal \u00e7evrilecek<\/p>\n<p>Cumhuriyet Meydan\u0131\u2019nda bir araya gelen 175 bisikletli a\u00e7\u0131l\u0131\u015f konu\u015fmalar\u0131 ve hat\u0131ra foto\u011fraflar\u0131n\u0131n ard\u0131ndan 150 kilometrelik yolculuk i\u00e7in ilk pedal\u0131 \u00e7evirdi. Festivalin ba\u015flang\u0131\u00e7 noktas\u0131nda Mersin B\u00fcy\u00fck\u015fehir Belediyesi Genel Sekreter Yard\u0131mc\u0131s\u0131 Hasan G\u00f6kbel de yer ald\u0131. G\u00f6kbel, a\u00e7\u0131l\u0131\u015f konu\u015fmas\u0131n\u0131n ard\u0131ndan B\u00fcy\u00fck\u015fehir Belediye Ba\u015fkan\u0131 Vahap Se\u00e7er ad\u0131na bisikletlilere hediye verdi.<\/p>\n<p>\u201c3 g\u00fcn s\u00fcrecek olan bu festival umuyorum ki amac\u0131m\u0131za uygun sonu\u00e7lan\u0131r\u201d<\/p>\n<p>Mersin\u2019e bisikletle ilgili ciddi projeler kazand\u0131rd\u0131klar\u0131n\u0131 vurgulayan G\u00f6kbel, \u201cD\u0131\u015far\u0131dan gelen konuklar\u0131m\u0131z muhtemelen g\u00fczergah i\u00e7erisinde bunlar\u0131 g\u00f6recektir. Mersin B\u00fcy\u00fck\u015fehir Belediyesi olarak her a\u00e7\u0131lan ve a\u00e7\u0131lacak bulvar ve caddede mutlaka projenin i\u00e7ine bisiklet yolunu koyuyoruz\u201d dedi. Festivalin ad\u0131yla ilgili de\u011ferlendirmede bulunan G\u00f6kbel, \u201cCaretta bizim simgemiz. 7\u2019ncisi yap\u0131lacak bu festivalin de isminin Caretta olmas\u0131 bizim i\u00e7in \u00f6nemli. Mersin Bisikletli Gezginler Derne\u011fi Ba\u015fkan\u0131 ve \u00fcyelerine de ayr\u0131ca te\u015fekk\u00fcr ediyorum. Ortak bir projeyle bizleri bulu\u015fturdu. 3 g\u00fcn s\u00fcrecek olan bu festival umuyorum ki amac\u0131m\u0131za uygun sonu\u00e7lan\u0131r\u201d diye konu\u015ftu.<\/p>\n<p>\u201cMersin bu sene ger\u00e7ekten \u00e7ok b\u00fcy\u00fck bir d\u00f6n\u00fc\u015f\u00fcm ya\u015f\u0131yor\u201d<\/p>\n<p>Mersin Bisikletli Gezginler Derne\u011fi Ba\u015fkan\u0131 ve T\u00fcm Bisiklet Dernekleri Federasyonu Ba\u015fkan Yard\u0131mc\u0131s\u0131 Ahmet Salih \u00d6zenir ise festival kat\u0131l\u0131mc\u0131lar\u0131ndan bahsederek, \u201cT\u00fcrkiye\u2019nin 22 \u015fehrinden gelen 175 bisiklet sever, bisikletli gezgin, do\u011fa dostu, \u00e7evre dostu, insan\u0131 seven karde\u015fimle, arkada\u015f\u0131mla, dostumla birlikte olmaktan inan\u0131lmaz mutluyum\u201d ifadelerine yer verdi.<\/p>\n<p>Mersin\u2019de bisiklete \u00f6nem veren bir B\u00fcy\u00fck\u015fehir Belediye Ba\u015fkan\u0131 oldu\u011funu da s\u00f6zlerine ekleyen \u00d6zenir, \u015f\u00f6yle devam etti:<\/p>\n<p>\u201cBizler Mersinliler olarak ger\u00e7ekten \u00e7ok \u015fansl\u0131y\u0131z ki bisikleti anlatmak zorunda kald\u0131\u011f\u0131m\u0131z bir Ba\u015fkan\u0131m\u0131z yok. Zaten bisikleti \u00e7ok seven, bisikleti kullanan, g\u00fcnl\u00fck ya\u015fam\u0131nda da bisiklet olan bir Mersin B\u00fcy\u00fck\u015fehir Belediye Ba\u015fkan\u0131m\u0131z var ve Mersin\u2019in bisiklete uygun \u015fehir haline d\u00f6nmesi i\u00e7in, d\u00f6n\u00fc\u015f\u00fcn\u00fcn sa\u011flanmas\u0131 i\u00e7in var g\u00fcc\u00fcyle \u00e7al\u0131\u015f\u0131yor. Bizler de Mersin\u2019in sivil toplum kurulu\u015flar\u0131 olarak bunun i\u00e7in elimizden gelen deste\u011fi ve gayreti g\u00f6steriyoruz. Mersin bu sene ger\u00e7ekten \u00e7ok b\u00fcy\u00fck bir d\u00f6n\u00fc\u015f\u00fcm ya\u015f\u0131yor, 100 kilometrelik bir bisiklet yoluna kavu\u015fuyor, inan\u0131lmaz \u015feyler yap\u0131l\u0131yor.\u201d<\/p>\n<p>\u201cHepimiz ayn\u0131 sevgide bir araya geldik, bisiklet sevgisi\u201d<\/p>\n<p>Cumhuriyet Meydan\u0131\u2019ndan Mersin Bisikletli Gezginler Derne\u011fi Ba\u015fkan\u0131 Ahmet Salih \u00d6zenir ile B\u00fcy\u00fck\u015fehir Belediyesi Gen\u00e7lik ve Spor Hizmetleri Dairesi Ba\u015fkan\u0131 Ahmet Tarak\u00e7\u0131 \u00f6nc\u00fcl\u00fc\u011f\u00fcnde ba\u015flayan festival; Akdeniz, Yeni\u015fehir ve Mezitli il\u00e7elerinin cadde ve bulvarlar\u0131nda devam etti. Bisikletliler, K\u00fclt\u00fcr Park\u2019taki bisiklet yolunda da deniz kenar\u0131nda pedal \u00e7evirdikten sonra Cumhuriyet G\u00f6steri Merkezi\u2019nde tantuni ile \u00f6\u011fle yeme\u011fi molas\u0131 verdi.<\/p>\n<p>Malatya\u2019dan Mersin\u2019e gelen Fatma Demir, daha \u00f6nce de Van\u2019da bir bisiklet festivaline kat\u0131ld\u0131\u011f\u0131n\u0131 belirterek, \u201c\u015eimdi Mersin\u2019e geldik. \u015eu an harika, \u00e7ok g\u00fczel ge\u00e7iyor. Bisikletle kent merkezinden ge\u00e7tik. Ho\u015fumuza gitti, hem deniz kenar\u0131ndan hem palmiye a\u011fa\u00e7lar\u0131n\u0131n yan\u0131nda g\u00fczel, g\u00fcvenli bir \u015fekilde bisiklet yolundan gitmek ger\u00e7ekten ho\u015ftu. \u0130n\u015fallah bisiklet yollar\u0131 t\u00fcm \u015fehirlerde daha da \u00e7ok olur. G\u00fcvenli bir \u015fekilde bisiklet s\u00fcrmeyi \u00e7ok isteriz. Hepimiz ayn\u0131 sevgide bir araya geldik, bisiklet sevgisi. O y\u00fczden \u00e7ok g\u00fczel bir ortam. \u015eimdi yemek molas\u0131 verdik. Mersin\u2019in \u00fcnl\u00fc yeme\u011fi olan tantuniyi yiyece\u011fiz\u201d dedi.<\/p>\n<p>\u201cSahilde bisiklet s\u00fcrmek \u00e7ok keyifli\u201d<\/p>\n<p>Ankara\u2019dan festival i\u00e7in gelen Selim \u0130nan, 12 senedir i\u015fe gidip gelmede ve uzun turlarda aktif olarak bisiklet kulland\u0131\u011f\u0131n\u0131 vurgulayarak, \u201cKendime y\u0131lda 3-4 tane festival hakk\u0131 veriyorum. Buna ilk defa s\u0131ra geldi. \u015eu anda \u00e7ok be\u011fendim. Organizasyon gayet g\u00fczel. Buraya kadar geldi\u011fimiz yerleri \u00e7ok be\u011fendim. M\u00fckemmel bir bisiklet yolu yap\u0131lm\u0131\u015f. San\u0131r\u0131m \u00f6ncesinde yokmu\u015f, daha i\u00e7 taraftaym\u0131\u015f. Ankara\u2019da s\u00fcrekli asfalttay\u0131z ya da kurak alanlarda s\u00fcr\u00fcyoruz. Sahilde bisiklet s\u00fcrmek \u00e7ok keyifli\u201d diye konu\u015ftu.<\/p>\n","protected":false},"excerpt":{"rendered":"<p>Mersin B\u00fcy\u00fck\u015fehir Belediyesi Gen\u00e7lik ve Spor Hizmetleri Dairesi, Mersin Bisikletli Gezginler Derne\u011fi\u2019yle birlikte bu y\u0131l 7\u2019ncisini ger\u00e7ekle\u015ftirdi\u011fi Mersin Caretta Bisiklet Festivali\u2019nin ba\u015flang\u0131c\u0131n\u0131 Cumhuriyet Meydan\u0131\u2019ndan verdi. Kent merkezinden ba\u015flay\u0131p Erdemli ve &hellip; <a href=\"https:\/\/akdenizolaygazetesi.com\/?p=14481\" class=\"more-link\">Devam\u0131n\u0131 Oku&#8230;<\/a><\/p>\n","protected":false},"author":2,"featured_media":14482,"comment_status":"open","ping_status":"open","sticky":false,"template":"","format":"standard","meta":[],"categories":[3,9,10],"tags":[],"_links":{"self":[{"href":"https:\/\/akdenizolaygazetesi.com\/index.php?rest_route=\/wp\/v2\/posts\/14481"}],"collection":[{"href":"https:\/\/akdenizolaygazetesi.com\/index.php?rest_route=\/wp\/v2\/posts"}],"about":[{"href":"https:\/\/akdenizolaygazetesi.com\/index.php?rest_route=\/wp\/v2\/types\/post"}],"author":[{"embeddable":true,"href":"https:\/\/akdenizolaygazetesi.com\/index.php?rest_route=\/wp\/v2\/users\/2"}],"replies":[{"embeddable":true,"href":"https:\/\/akdenizolaygazetesi.com\/index.php?rest_route=%2Fwp%2Fv2%2Fcomments&post=14481"}],"version-history":[{"count":1,"href":"https:\/\/akdenizolaygazetesi.com\/index.php?rest_route=\/wp\/v2\/posts\/14481\/revisions"}],"predecessor-version":[{"id":14483,"href":"https:\/\/akdenizolaygazetesi.com\/index.php?rest_route=\/wp\/v2\/posts\/14481\/revisions\/14483"}],"wp:featuredmedia":[{"embeddable":true,"href":"https:\/\/akdenizolaygazetesi.com\/index.php?rest_route=\/wp\/v2\/media\/14482"}],"wp:attachment":[{"href":"https:\/\/akdenizolaygazetesi.com\/index.php?rest_route=%2Fwp%2Fv2%2Fmedia&parent=14481"}],"wp:term":[{"taxonomy":"category","embeddable":true,"href":"https:\/\/akdenizolaygazetesi.com\/index.php?rest_route=%2Fwp%2Fv2%2Fcategories&post=14481"},{"taxonomy":"post_tag","embeddable":true,"href":"https:\/\/akdenizolaygazetesi.com\/index.php?rest_route=%2Fwp%2Fv2%2Ftags&post=14481"}],"curies":[{"name":"wp","href":"https:\/\/api.w.org\/{rel}","templated":true}]}}