{"id":14488,"date":"2021-10-03T09:49:07","date_gmt":"2021-10-03T06:49:07","guid":{"rendered":"http:\/\/akdenizolaygazetesi.com\/?p=14488"},"modified":"2021-10-03T09:49:07","modified_gmt":"2021-10-03T06:49:07","slug":"baskan-secer-bregovicin-unutulmaz-eserlerini-dinledi","status":"publish","type":"post","link":"https:\/\/akdenizolaygazetesi.com\/?p=14488","title":{"rendered":"BA\u015eKAN SE\u00c7ER, BREGOV\u0130\u00c7\u2019\u0130N UNUTULMAZ ESERLER\u0130N\u0130 D\u0130NLED\u0130"},"content":{"rendered":"<p>Mersin B\u00fcy\u00fck\u015fehir Belediye Ba\u015fkan\u0131 Vahap Se\u00e7er, e\u015fi Meral Se\u00e7er ile birlikte Balkan m\u00fczi\u011finin usta ismi Goran Bregovi\u00e7\u2019i dinledi. B\u00fcy\u00fck\u015fehir Belediyesi\u2019nin ana sponsoru oldu\u011fu 19. Mersin Uluslararas\u0131 M\u00fczik Festivali\u2019nin son konserinde sahne alan Bregovi\u00e7, Mersinlilere unutulmaz bir gece ya\u015fatt\u0131.<\/p>\n<p>B\u00fcy\u00fck\u015fehir Belediyesi Macit \u00d6zcan Spor Kompleksi\u2019nde d\u00fczenlenen konserde, Bregovi\u00e7\u2019e sahnede Funeral and Wedding Orkestras\u0131 eslik etti. Vatanda\u015flar Bregovi\u00e7\u2019in seslendirdi\u011fi \u015fark\u0131lar e\u015fli\u011finde dans ederek, festival co\u015fkusunu doyas\u0131ya ya\u015fad\u0131.<\/p>\n<p>Ba\u015fkan Se\u00e7er, e\u015fi Meral Se\u00e7er ile birlikte Bregovi\u00e7\u2019i konser \u00f6ncesi ziyaret etti. Konserde, Ba\u015fkan Se\u00e7er ve e\u015fi Meral Se\u00e7er\u2019in yan\u0131 s\u0131ra Mersin B\u00fcy\u00fck\u015fehir Belediyesi b\u00fcrokratlar\u0131, kent protokol\u00fc ve \u00e7ok say\u0131da vatanda\u015f yer ald\u0131.<\/p>\n<p>\u201cGoran Bregovi\u00e7\u2019i sahnede canl\u0131 izlemek \u00e7ok heyecan verici\u201d<\/p>\n<p>Konser \u00f6ncesi d\u00fc\u015f\u00fcncelerini payla\u015fan Ya\u015fam Yanarda\u011f \u00c7elik, \u201cBug\u00fcn de bizim i\u00e7in a\u00e7\u0131k\u00e7as\u0131 tarihe ge\u00e7ecek bir g\u00fcn. \u00c7\u00fcnk\u00fc Goran Bregovi\u00e7\u2019i sahnede canl\u0131 izlemek \u00e7ok heyecan verici. Mersin M\u00fczik Festivali bu anlamda sadece Mersin\u2019in de\u011fil, T\u00fcrkiye\u2019nin bir \u015fans\u0131. Her etkinli\u011fe kat\u0131lmaya \u00e7al\u0131\u015f\u0131yoruz ama \u00f6zellikle baz\u0131 etkinlikler var ki asla ka\u00e7\u0131rm\u0131yoruz\u201d dedi. Mersin\u2019de son d\u00f6nemlerde k\u00fclt\u00fcr sanat etkinliklerinin artt\u0131\u011f\u0131n\u0131 da s\u00f6yleyen \u00c7elik, \u201c\u00d6zellikle son 3 y\u0131ld\u0131r pandemiye ra\u011fmen bence daha co\u015fkulu, daha keyifli. Herhalde biraz da pandemi izin verirse ger\u00e7ekten sokaklarda daha co\u015fkulu etkinliklerde bulu\u015faca\u011f\u0131z diye d\u00fc\u015f\u00fcn\u00fcyorum\u201d ifadelerine yer verdi.<\/p>\n<p>\u201cHer y\u0131l kat\u0131l\u0131mc\u0131lar\u0131n biraz daha zenginle\u015fmesine \u00e7ok seviniyorum\u201d<\/p>\n<p>Mersin\u2019in tan\u0131nm\u0131\u015f isimlerinden ara\u015ft\u0131rmac\u0131 yazar Abdullah Ayan da konseri izleyenler aras\u0131ndayd\u0131. Ayan, Mersin Uluslararas\u0131 M\u00fczik Festivali\u2019nin kurumsal kimli\u011fe b\u00fcr\u00fcnm\u00fc\u015f olmas\u0131n\u0131n kendisini sevindirdi\u011fini belirterek, \u201cHer y\u0131l kat\u0131l\u0131mc\u0131lar\u0131n biraz daha zenginle\u015fmesine \u00e7ok seviniyorum. Mersin\u2019in b\u00f6yle g\u00fczel bir gece ile d\u00fcnya \u00e7ap\u0131nda an\u0131lmas\u0131 benim i\u00e7in \u00e7ok \u00f6nemli. \u00c7ok duyguland\u0131m bu gece. Normal \u015fartlar alt\u0131nda bir Mersinli\u2019nin kolay kolay g\u00f6remeyece\u011fi bir sanat\u00e7\u0131, d\u00fcnya \u00e7ap\u0131nda bir de\u011fer. Mersin halk\u0131na izleme f\u0131rsat\u0131 yarat\u0131ld\u0131\u011f\u0131 i\u00e7in ayr\u0131ca festival komitesine \u00e7ok te\u015fekk\u00fcr ediyorum\u201d diye konu\u015ftu.<\/p>\n","protected":false},"excerpt":{"rendered":"<p>Mersin B\u00fcy\u00fck\u015fehir Belediye Ba\u015fkan\u0131 Vahap Se\u00e7er, e\u015fi Meral Se\u00e7er ile birlikte Balkan m\u00fczi\u011finin usta ismi Goran Bregovi\u00e7\u2019i dinledi. B\u00fcy\u00fck\u015fehir Belediyesi\u2019nin ana sponsoru oldu\u011fu 19. Mersin Uluslararas\u0131 M\u00fczik Festivali\u2019nin son konserinde &hellip; <a href=\"https:\/\/akdenizolaygazetesi.com\/?p=14488\" class=\"more-link\">Devam\u0131n\u0131 Oku&#8230;<\/a><\/p>\n","protected":false},"author":2,"featured_media":14489,"comment_status":"open","ping_status":"open","sticky":false,"template":"","format":"standard","meta":[],"categories":[7,2,3,5],"tags":[],"_links":{"self":[{"href":"https:\/\/akdenizolaygazetesi.com\/index.php?rest_route=\/wp\/v2\/posts\/14488"}],"collection":[{"href":"https:\/\/akdenizolaygazetesi.com\/index.php?rest_route=\/wp\/v2\/posts"}],"about":[{"href":"https:\/\/akdenizolaygazetesi.com\/index.php?rest_route=\/wp\/v2\/types\/post"}],"author":[{"embeddable":true,"href":"https:\/\/akdenizolaygazetesi.com\/index.php?rest_route=\/wp\/v2\/users\/2"}],"replies":[{"embeddable":true,"href":"https:\/\/akdenizolaygazetesi.com\/index.php?rest_route=%2Fwp%2Fv2%2Fcomments&post=14488"}],"version-history":[{"count":1,"href":"https:\/\/akdenizolaygazetesi.com\/index.php?rest_route=\/wp\/v2\/posts\/14488\/revisions"}],"predecessor-version":[{"id":14490,"href":"https:\/\/akdenizolaygazetesi.com\/index.php?rest_route=\/wp\/v2\/posts\/14488\/revisions\/14490"}],"wp:featuredmedia":[{"embeddable":true,"href":"https:\/\/akdenizolaygazetesi.com\/index.php?rest_route=\/wp\/v2\/media\/14489"}],"wp:attachment":[{"href":"https:\/\/akdenizolaygazetesi.com\/index.php?rest_route=%2Fwp%2Fv2%2Fmedia&parent=14488"}],"wp:term":[{"taxonomy":"category","embeddable":true,"href":"https:\/\/akdenizolaygazetesi.com\/index.php?rest_route=%2Fwp%2Fv2%2Fcategories&post=14488"},{"taxonomy":"post_tag","embeddable":true,"href":"https:\/\/akdenizolaygazetesi.com\/index.php?rest_route=%2Fwp%2Fv2%2Ftags&post=14488"}],"curies":[{"name":"wp","href":"https:\/\/api.w.org\/{rel}","templated":true}]}}