{"id":1449,"date":"2020-11-04T18:22:01","date_gmt":"2020-11-04T15:22:01","guid":{"rendered":"http:\/\/mersinekonomipolitikagazetesi.com\/?p=1449"},"modified":"2020-11-04T18:22:01","modified_gmt":"2020-11-04T15:22:01","slug":"silifkede-cocuklara-bisiklet-dagitildi","status":"publish","type":"post","link":"https:\/\/akdenizolaygazetesi.com\/?p=1449","title":{"rendered":"Silifke\u2019de \u00e7ocuklara bisiklet da\u011f\u0131t\u0131ld\u0131"},"content":{"rendered":"<p>Obeziteyle m\u00fccadele kapsam\u0131nda Sa\u011fl\u0131k Bakanl\u0131\u011f\u0131 taraf\u0131ndan Silifke&#8217;ye g\u00f6nderilen 9 adet bisiklet, d\u00fczenlenen t\u00f6renle \u00f6\u011frencilere da\u011f\u0131t\u0131ld\u0131.<\/p>\n<p><span style=\"color: rgb(0, 0, 0); font-family: Tahoma, Arial, &quot;Times New Roman TUR&quot;, Verdana; font-size: 15px;\">Okul sa\u011fl\u0131\u011f\u0131 kapsam\u0131nda ana s\u0131n\u0131f\u0131ndan 8. S\u0131n\u0131flara kadar Silifke Halk Sa\u011fl\u0131\u011f\u0131 personelleri taraf\u0131ndan boy ve kilo \u00f6l\u00e7\u00fcm\u00fc yap\u0131l\u0131p kilosu normalin d\u0131\u015f\u0131nda olan \u00f6\u011frencilerin velileri m\u00fcd\u00fcrl\u00fc\u011fe \u00e7a\u011f\u0131r\u0131ld\u0131. Daha sonra kilosunda azalma g\u00f6r\u00fclen ve ba\u015far\u0131 sa\u011flayan \u00f6\u011frenciler fiziksel aktivitelerini te\u015fvik etmek amac\u0131yla birer bisikletle \u00f6d\u00fcllendirildi. \u00d6\u011frencilere bisikletleri ise Silifke Kaymakam\u0131 \u015eevket Cinbir taraf\u0131ndan Silifke Halk Sa\u011fl\u0131\u011f\u0131 M\u00fcd\u00fcr\u00fc Dr. Y\u00fcksel Eren, personeller ve velilerin kat\u0131l\u0131m\u0131yla verildi.<\/span><br style=\"color: rgb(0, 0, 0); font-family: Tahoma, Arial, &quot;Times New Roman TUR&quot;, Verdana; font-size: 15px;\" \/><br \/>\n<span style=\"color: rgb(0, 0, 0); font-family: Tahoma, Arial, &quot;Times New Roman TUR&quot;, Verdana; font-size: 15px;\">Kaymakam Cinbir, bisiklet da\u011f\u0131t\u0131m t\u00f6reninin ard\u0131ndan yapt\u0131\u011f\u0131 a\u00e7\u0131klamada, ge\u00e7en y\u0131ldan buyana yap\u0131lan sa\u011fl\u0131k taramalar\u0131nda g\u00fczel sonu\u00e7lar elde edildi\u011fini, obezite riski olan \u00e7ocuklar\u0131n \u00fczerinde dikkatle duruldu\u011funu kaydetti.<\/span><br style=\"color: rgb(0, 0, 0); font-family: Tahoma, Arial, &quot;Times New Roman TUR&quot;, Verdana; font-size: 15px;\" \/><br \/>\n<span style=\"color: rgb(0, 0, 0); font-family: Tahoma, Arial, &quot;Times New Roman TUR&quot;, Verdana; font-size: 15px;\">\u00c7ocuklar\u0131n obezite hastal\u0131\u011f\u0131na kap\u0131lmamas\u0131 i\u00e7in al\u0131nmas\u0131 gereken tedbirlerin aileleri ve \u00e7ocuklarla payla\u015f\u0131l\u0131p e\u011fitim verildi\u011fini ifade eden Cinbir, &#8220;Bu konuda g\u00fczel sonu\u00e7lar al\u0131nd\u0131. En g\u00fczel sonu\u00e7 al\u0131nan 9 \u00e7ocu\u011fumuza da burada Sa\u011fl\u0131k Bakanl\u0131\u011f\u0131m\u0131z taraf\u0131ndan hediye edilen bisikletleri teslim ettik. Sa\u011fl\u0131kl\u0131 ya\u015fam i\u00e7in pedalla diyoruz. Dolay\u0131s\u0131yla herkese de bisiklet binmeyi tavsiye ediyoruz. Otomobillerle \u00e7ok k\u0131sa mesafede i\u015fyerlerine gidip gelmektense b\u00fct\u00fcn vatanda\u015flar\u0131m\u0131za bisiklet kullanma al\u0131\u015fkanl\u0131\u011f\u0131n\u0131 edindirebilsek, \u015fehrimizde de \u00e7ocuklar\u0131m\u0131z\u0131n, ailelerin rahatl\u0131kla bisiklete binebilece\u011fi bisiklet yollar\u0131 olu\u015fturabilsek daha sa\u011fl\u0131kl\u0131 bir toplumun olu\u015fmas\u0131n\u0131 ciddi katk\u0131 sa\u011flam\u0131\u015f oluruz diye d\u00fc\u015f\u00fcn\u00fcyoruz ve inan\u0131yoruz. Bu konuda bilin\u00e7lenmeye ve fark\u0131ndal\u0131k olu\u015fturmaya ihtiya\u00e7 var. Sa\u011fl\u0131k Bakanl\u0131\u011f\u0131m\u0131z da \u00fclke genelinde bu kampanyalarla bu fark\u0131ndal\u0131\u011f\u0131, duyarl\u0131l\u0131\u011f\u0131 olu\u015fturmaya \u00e7al\u0131\u015f\u0131yor. \u0130l\u00e7emiz \u00f6zelinde de \u0130l\u00e7e Sa\u011fl\u0131k M\u00fcd\u00fcr\u00fcm\u00fcz ve M\u00fcd\u00fcrl\u00fc\u011f\u00fcm\u00fcze ba\u011fl\u0131 diyetisyenlerimiz, doktorlar\u0131m\u0131z, ebelerimiz, hem\u015firelerimiz, sa\u011fl\u0131k teknisyenlerimizle alanday\u0131z. Sadece b\u00fcrolarda ve muayenehanelerde kendilerine gelen vatanda\u015flar\u0131 bekleyen bir anlay\u0131\u015fla de\u011fil alana inen, k\u00f6y k\u00f6y, okul okul gezen, s\u0131n\u0131f s\u0131n\u0131f ziyaretler yaparak \u00e7ocuklar\u0131m\u0131za, ailelerimize daha sa\u011fl\u0131kl\u0131 bir ya\u015fam\u0131 ve ya\u015fam al\u0131\u015fkanl\u0131\u011f\u0131n kazand\u0131r\u0131lmas\u0131 i\u00e7in e\u011fitim \u00e7al\u0131\u015fmalar\u0131 s\u00fcrd\u00fcr\u00fcl\u00fcyor. Ben bu vesileyle sa\u011fl\u0131k m\u00fcd\u00fcr\u00fcm\u00fcz ba\u015fta olmak \u00fczere t\u00fcm \u00e7al\u0131\u015fanlara, g\u00f6stermi\u015f olduklar\u0131 ilgiden dolay\u0131 ailelere te\u015fekk\u00fcr ediyorum&#8221; dedi.<\/span><br style=\"color: rgb(0, 0, 0); font-family: Tahoma, Arial, &quot;Times New Roman TUR&quot;, Verdana; font-size: 15px;\" \/><br \/>\n<span style=\"color: rgb(0, 0, 0); font-family: Tahoma, Arial, &quot;Times New Roman TUR&quot;, Verdana; font-size: 15px;\">\u00c7ocuklar\u0131n gelece\u011fimiz oldu\u011funa dikkati \u00e7eken Cinbir, &#8220;Onlar Aziz T\u00fcrk milletinin bize birer emaneti. Anneleri, babalar\u0131 var onlar\u0131 \u015fimdi misafir ediyor. Onlar y\u00fcce yarat\u0131c\u0131n\u0131n yuvalar\u0131m\u0131za g\u00f6nderdi\u011fi ve T\u00fcrk milletinin gelece\u011fini ayd\u0131nlataca\u011f\u0131na inand\u0131\u011f\u0131m\u0131z misafirlerimiz. Bu \u00e7ocuklar\u0131m\u0131z\u0131 daha sa\u011fl\u0131kl\u0131 ve daha bilin\u00e7li bir \u015fekilde gelece\u011fe haz\u0131rlamak durumunday\u0131z. Anneler, babalar \u00fczerine d\u00fc\u015feni yapmakla birlikte daha iyisini yapabilme ad\u0131na onlara rehberlik yapma, e\u011fitim verme, bilin\u00e7lenmesini sa\u011flama gibi sorumlulu\u011fumuz var. Burada da yap\u0131lmaya \u00e7al\u0131\u015f\u0131lan odur. \u00c7ocuklar\u0131m\u0131z\u0131 gelece\u011fe haz\u0131rlamak i\u00e7in de elimizden gelen gayreti g\u00f6steriyoruz&#8221; dedi.<\/span><\/p>\n","protected":false},"excerpt":{"rendered":"<p>Obeziteyle m\u00fccadele kapsam\u0131nda Sa\u011fl\u0131k Bakanl\u0131\u011f\u0131 taraf\u0131ndan Silifke&#8217;ye g\u00f6nderilen 9 adet bisiklet, d\u00fczenlenen t\u00f6renle \u00f6\u011frencilere da\u011f\u0131t\u0131ld\u0131. Okul sa\u011fl\u0131\u011f\u0131 kapsam\u0131nda ana s\u0131n\u0131f\u0131ndan 8. S\u0131n\u0131flara kadar Silifke Halk Sa\u011fl\u0131\u011f\u0131 personelleri taraf\u0131ndan boy ve &hellip; <a href=\"https:\/\/akdenizolaygazetesi.com\/?p=1449\" class=\"more-link\">Devam\u0131n\u0131 Oku&#8230;<\/a><\/p>\n","protected":false},"author":1,"featured_media":0,"comment_status":"open","ping_status":"open","sticky":false,"template":"","format":"standard","meta":[],"categories":[],"tags":[],"_links":{"self":[{"href":"https:\/\/akdenizolaygazetesi.com\/index.php?rest_route=\/wp\/v2\/posts\/1449"}],"collection":[{"href":"https:\/\/akdenizolaygazetesi.com\/index.php?rest_route=\/wp\/v2\/posts"}],"about":[{"href":"https:\/\/akdenizolaygazetesi.com\/index.php?rest_route=\/wp\/v2\/types\/post"}],"author":[{"embeddable":true,"href":"https:\/\/akdenizolaygazetesi.com\/index.php?rest_route=\/wp\/v2\/users\/1"}],"replies":[{"embeddable":true,"href":"https:\/\/akdenizolaygazetesi.com\/index.php?rest_route=%2Fwp%2Fv2%2Fcomments&post=1449"}],"version-history":[{"count":0,"href":"https:\/\/akdenizolaygazetesi.com\/index.php?rest_route=\/wp\/v2\/posts\/1449\/revisions"}],"wp:attachment":[{"href":"https:\/\/akdenizolaygazetesi.com\/index.php?rest_route=%2Fwp%2Fv2%2Fmedia&parent=1449"}],"wp:term":[{"taxonomy":"category","embeddable":true,"href":"https:\/\/akdenizolaygazetesi.com\/index.php?rest_route=%2Fwp%2Fv2%2Fcategories&post=1449"},{"taxonomy":"post_tag","embeddable":true,"href":"https:\/\/akdenizolaygazetesi.com\/index.php?rest_route=%2Fwp%2Fv2%2Ftags&post=1449"}],"curies":[{"name":"wp","href":"https:\/\/api.w.org\/{rel}","templated":true}]}}