{"id":1450,"date":"2020-11-04T18:22:01","date_gmt":"2020-11-04T15:22:01","guid":{"rendered":"http:\/\/mersinekonomipolitikagazetesi.com\/?p=1450"},"modified":"2020-11-04T18:22:01","modified_gmt":"2020-11-04T15:22:01","slug":"1700-ogretmen-icin-1700-fidan-toprakla-bulustu","status":"publish","type":"post","link":"https:\/\/akdenizolaygazetesi.com\/?p=1450","title":{"rendered":"1700 \u00f6\u011fretmen i\u00e7in 1700 fidan toprakla bulu\u015ftu"},"content":{"rendered":"<p>Silifke il\u00e7esinde g\u00f6rev yapan Bir 700 \u00f6\u011fretmenin her biri ad\u0131na bir fidan dikilerek, &#8220;24 Kas\u0131m \u00d6\u011fretmenler Hat\u0131ra Orman\u0131&#8221; olu\u015fturuldu.<\/p>\n<p><span style=\"color: rgb(0, 0, 0); font-family: Tahoma, Arial, &quot;Times New Roman TUR&quot;, Verdana; font-size: 15px;\">Silifke Orman \u0130\u015fletme M\u00fcd\u00fcrl\u00fc\u011f\u00fc organizesinde 24 Kas\u0131m Kas\u0131m \u00d6\u011fretmenler G\u00fcn\u00fc sebebiyle &#8220;24 Kas\u0131m \u00d6\u011fretmenler Hat\u0131ra Orman\u0131&#8221; olu\u015fturuldu.\u00a0<\/span><br style=\"color: rgb(0, 0, 0); font-family: Tahoma, Arial, &quot;Times New Roman TUR&quot;, Verdana; font-size: 15px;\" \/><br \/>\n<span style=\"color: rgb(0, 0, 0); font-family: Tahoma, Arial, &quot;Times New Roman TUR&quot;, Verdana; font-size: 15px;\">Bu \u00e7er\u00e7evede il\u00e7enin Karadedeli mahallesi s\u0131n\u0131rlar\u0131 i\u00e7erisinde 430 d\u00f6n\u00fcml\u00fck bozuk orman sahas\u0131 i\u00e7erisinde bin 700 \u00f6\u011fretmenin her biri i\u00e7in birer fidan dikilirken, ayn\u0131 b\u00f6lgeye ilerleyen zamanlarda toplamda 71 bin adet fidan dikilmesi hedefleniyor. Dikilen fidanlar\u0131n b\u00fcy\u00fck bir b\u00f6l\u00fcm\u00fcn\u00fc k\u0131z\u0131l\u00e7am olu\u015ftururken bunun yan\u0131 s\u0131ra servi, harnup ve defne fidanlar\u0131 da toprakla bulu\u015fturulmaya devam ediyor.\u00a0<\/span><br style=\"color: rgb(0, 0, 0); font-family: Tahoma, Arial, &quot;Times New Roman TUR&quot;, Verdana; font-size: 15px;\" \/><br \/>\n<span style=\"color: rgb(0, 0, 0); font-family: Tahoma, Arial, &quot;Times New Roman TUR&quot;, Verdana; font-size: 15px;\">Etkinli\u011fe kat\u0131lan Silifke Orman \u0130\u015fletme M\u00fcd\u00fcr\u00fc Hasan Aslan, yapt\u0131\u011f\u0131 a\u00e7\u0131klamada, 24 Kas\u0131m \u00d6\u011fretmenler G\u00fcn\u00fc m\u00fcnasebetiyle b\u00f6yle bir etkinlik d\u00fczenlediklerini s\u00f6yledi.<\/span><br style=\"color: rgb(0, 0, 0); font-family: Tahoma, Arial, &quot;Times New Roman TUR&quot;, Verdana; font-size: 15px;\" \/><br \/>\n<span style=\"color: rgb(0, 0, 0); font-family: Tahoma, Arial, &quot;Times New Roman TUR&quot;, Verdana; font-size: 15px;\">\u0130\u015fletme olarak b\u00f6lgede a\u011fa\u00e7s\u0131z alan kalmay\u0131ncaya kadar a\u011fa\u00e7land\u0131rma \u00e7al\u0131\u015fmalar\u0131na devam edeceklerini belirten Aslan, &#8220;Amac\u0131m\u0131z \u00f6\u011fretmenlerimizin ad\u0131n\u0131n ya\u015fayaca\u011f\u0131 bir hat\u0131ra orman\u0131 olu\u015fturmak. Bu nedenle \u00f6\u011fretmen arkada\u015flar\u0131m\u0131z \u00f6\u011frenciler ve personelimiz ile fidan diktik. Bundan sonra bahar d\u00f6neminde de ba\u015fka alanlarda fidan dikim \u00e7al\u0131\u015fmalar\u0131m\u0131z devam edecek.&#8221; diye konu\u015ftu.<\/span><br style=\"color: rgb(0, 0, 0); font-family: Tahoma, Arial, &quot;Times New Roman TUR&quot;, Verdana; font-size: 15px;\" \/><br \/>\n<span style=\"color: rgb(0, 0, 0); font-family: Tahoma, Arial, &quot;Times New Roman TUR&quot;, Verdana; font-size: 15px;\">Silifke\u2019de her y\u0131l ortalama 1 milyon farkl\u0131 cinslerden fidan\u0131n toprakla bulu\u015ftu\u011funun alt\u0131n\u0131 \u00e7izen M\u00fcd\u00fcr Aslan, \u201cBa\u015fta ba\u015f \u00f6\u011fretmen Mustafa Kemal Atat\u00fcrk olmak \u00fczere t\u00fcm \u00f6\u011fretmenlerimizin 24 Kas\u0131m \u00d6\u011fretmenler g\u00fcn\u00fcn\u00fc kutlar\u0131m\u201d dedi.<\/span><\/p>\n","protected":false},"excerpt":{"rendered":"<p>Silifke il\u00e7esinde g\u00f6rev yapan Bir 700 \u00f6\u011fretmenin her biri ad\u0131na bir fidan dikilerek, &#8220;24 Kas\u0131m \u00d6\u011fretmenler Hat\u0131ra Orman\u0131&#8221; olu\u015fturuldu. Silifke Orman \u0130\u015fletme M\u00fcd\u00fcrl\u00fc\u011f\u00fc organizesinde 24 Kas\u0131m Kas\u0131m \u00d6\u011fretmenler G\u00fcn\u00fc sebebiyle &hellip; <a href=\"https:\/\/akdenizolaygazetesi.com\/?p=1450\" class=\"more-link\">Devam\u0131n\u0131 Oku&#8230;<\/a><\/p>\n","protected":false},"author":1,"featured_media":0,"comment_status":"open","ping_status":"open","sticky":false,"template":"","format":"standard","meta":[],"categories":[],"tags":[],"_links":{"self":[{"href":"https:\/\/akdenizolaygazetesi.com\/index.php?rest_route=\/wp\/v2\/posts\/1450"}],"collection":[{"href":"https:\/\/akdenizolaygazetesi.com\/index.php?rest_route=\/wp\/v2\/posts"}],"about":[{"href":"https:\/\/akdenizolaygazetesi.com\/index.php?rest_route=\/wp\/v2\/types\/post"}],"author":[{"embeddable":true,"href":"https:\/\/akdenizolaygazetesi.com\/index.php?rest_route=\/wp\/v2\/users\/1"}],"replies":[{"embeddable":true,"href":"https:\/\/akdenizolaygazetesi.com\/index.php?rest_route=%2Fwp%2Fv2%2Fcomments&post=1450"}],"version-history":[{"count":0,"href":"https:\/\/akdenizolaygazetesi.com\/index.php?rest_route=\/wp\/v2\/posts\/1450\/revisions"}],"wp:attachment":[{"href":"https:\/\/akdenizolaygazetesi.com\/index.php?rest_route=%2Fwp%2Fv2%2Fmedia&parent=1450"}],"wp:term":[{"taxonomy":"category","embeddable":true,"href":"https:\/\/akdenizolaygazetesi.com\/index.php?rest_route=%2Fwp%2Fv2%2Fcategories&post=1450"},{"taxonomy":"post_tag","embeddable":true,"href":"https:\/\/akdenizolaygazetesi.com\/index.php?rest_route=%2Fwp%2Fv2%2Ftags&post=1450"}],"curies":[{"name":"wp","href":"https:\/\/api.w.org\/{rel}","templated":true}]}}