{"id":14501,"date":"2021-10-04T12:08:30","date_gmt":"2021-10-04T09:08:30","guid":{"rendered":"http:\/\/akdenizolaygazetesi.com\/?p=14501"},"modified":"2021-10-04T12:08:30","modified_gmt":"2021-10-04T09:08:30","slug":"secer-3-kulturler-festivalinde-kurulan-stantlari-gezdi","status":"publish","type":"post","link":"https:\/\/akdenizolaygazetesi.com\/?p=14501","title":{"rendered":"SE\u00c7ER, 3. K\u00dcLT\u00dcRLER FEST\u0130VAL\u0130\u2019NDE KURULAN STANTLARI GEZD\u0130"},"content":{"rendered":"<p>Mersin B\u00fcy\u00fck\u015fehir Belediye Ba\u015fkan\u0131 Vahap Se\u00e7er, e\u015fi Meral Se\u00e7er ile birlikte Mersin Anadolu B\u00fcrokratlar ve \u0130\u015f \u0130nsanlar\u0131 Yard\u0131mla\u015fma Derne\u011fi (MAB\u0130YAD) taraf\u0131ndan bu y\u0131l 3\u2019\u00fcnc\u00fcs\u00fc d\u00fczenlenen K\u00fclt\u00fcrler Festivali\u2019nde farkl\u0131 y\u00f6relere ait \u00fcr\u00fcnlerin sergilendi\u011fi stantlar\u0131 gezerek, vatanda\u015flarla sohbet etti.<br \/>\nY\u00f6r\u00fck T\u00fcrkmen Vakf\u0131 ile Ta\u015feli Y\u00f6r\u00fckleri Derne\u011fi \u00e7ad\u0131r\u0131nda e\u015fi Meral Se\u00e7er ile birlikte foto\u011fraf ve resim sergisinin a\u00e7\u0131l\u0131\u015f\u0131n\u0131 da yapan Se\u00e7er, \u201cBizim burada b\u00fct\u00fcn bu kimlikleri, bu ayr\u0131 k\u00fclt\u00fcrleri kucaklamak y\u00f6netici olarak da g\u00f6revimizdir\u201d dedi.<br \/>\n\u201cHer bireyin kimli\u011fi kendinin onurudur\u201d<br \/>\nBa\u015fkan Se\u00e7er, T\u00fcrkiye\u2019nin her b\u00f6lgesinden farkl\u0131 k\u00fclt\u00fcrlerin bulu\u015fmas\u0131n\u0131n \u00e7ok de\u011ferli oldu\u011funu ifade ederek, \u015funlar\u0131 s\u00f6yledi:<br \/>\n\u201cBizim insan\u0131m\u0131z yard\u0131mseverdir, birbirine sevgiyle bakar, sayg\u0131yla bakar. Birbirine yard\u0131mc\u0131 olur. Bizim bu b\u00f6lgedeki insan\u0131n bak\u0131\u015f a\u00e7\u0131s\u0131yla d\u00fcnyan\u0131n bat\u0131s\u0131na do\u011fru gitti\u011finiz zamanki k\u00fclt\u00fcrler, insanlar\u0131n birbirine bak\u0131\u015f a\u00e7\u0131s\u0131 \u00e7ok de\u011fi\u015fir. Biz daha payla\u015f\u0131mc\u0131, daha yard\u0131msever, daha \u015fefkatli, daha sevgi dolu topluluklar\u0131z ve her birimiz bir bireyiz. Her zaman s\u00f6yl\u00fcyorum, bir daha yineleyece\u011fim; herkesin, her bireyin kimli\u011fi kendinin onurudur, \u015ferefidir, kimse ona dokunamaz. O, onun en de\u011ferli \u00f6zelli\u011fidir. Bizim burada b\u00fct\u00fcn bu kimlikleri, bu ayr\u0131 k\u00fclt\u00fcrleri kucaklamak y\u00f6netici olarak da g\u00f6revimizdir.\u201d<br \/>\nY\u0131l\u0131n belirli d\u00f6nemlerinde bu gibi etkinliklerin olmas\u0131n\u0131 arzu etti\u011fini s\u00f6yleyen Ba\u015fkan Se\u00e7er, \u201cBurada insanlar bir araya gelsin, birbirini daha iyi tan\u0131s\u0131n, birbirlerinin k\u00fclt\u00fcrlerini g\u00f6rs\u00fcn, yeme i\u00e7me al\u0131\u015fkanl\u0131klar\u0131ndan ya\u015fam bi\u00e7imine kadar birbirimizi daha iyi tan\u0131yal\u0131m, daha iyi \u00f6z\u00fcmseyelim. Hepinize \u00e7ok te\u015fekk\u00fcr ediyorum\u201d dedi.<br \/>\nY\u00f6r\u00fck T\u00fcrkmen Vakf\u0131 Mersin \u015eubesi ve Ta\u015feli Y\u00f6r\u00fckleri Derne\u011fi Genel Sekreteri \u015eerife Ar\u0131c\u0131 Y\u0131ld\u0131z ise \u201cBug\u00fcnlerde bu kentte Akdeniz\u2019deki bal\u0131k\u00e7\u0131n\u0131n a\u011f\u0131n\u0131, Toroslar\u2019daki Y\u00f6r\u00fck\u2019\u00fcn \u00e7ad\u0131r\u0131n\u0131 ve \u00e7ar\u0131\u011f\u0131n\u0131 kendisine dert edinen bir B\u00fcy\u00fck\u015fehir Belediye Ba\u015fkan\u0131m\u0131z var. Kendileriyle, yapt\u0131klar\u0131 hizmetler, Mersin\u2019de kuzeyden g\u00fcneye, do\u011fudan bat\u0131ya g\u00f6sterdi\u011fi e\u015fit hizmetlerle ve bizim insanlar\u0131m\u0131za, bizim camiam\u0131za yapt\u0131\u011f\u0131 hizmetle de gurur duyuyoruz ve \u00e7ok te\u015fekk\u00fcr ediyoruz\u201d ifadelerini kulland\u0131.<\/p>\n","protected":false},"excerpt":{"rendered":"<p>Mersin B\u00fcy\u00fck\u015fehir Belediye Ba\u015fkan\u0131 Vahap Se\u00e7er, e\u015fi Meral Se\u00e7er ile birlikte Mersin Anadolu B\u00fcrokratlar ve \u0130\u015f \u0130nsanlar\u0131 Yard\u0131mla\u015fma Derne\u011fi (MAB\u0130YAD) taraf\u0131ndan bu y\u0131l 3\u2019\u00fcnc\u00fcs\u00fc d\u00fczenlenen K\u00fclt\u00fcrler Festivali\u2019nde farkl\u0131 y\u00f6relere ait &hellip; <a href=\"https:\/\/akdenizolaygazetesi.com\/?p=14501\" class=\"more-link\">Devam\u0131n\u0131 Oku&#8230;<\/a><\/p>\n","protected":false},"author":2,"featured_media":14502,"comment_status":"open","ping_status":"open","sticky":false,"template":"","format":"standard","meta":[],"categories":[3,5],"tags":[],"_links":{"self":[{"href":"https:\/\/akdenizolaygazetesi.com\/index.php?rest_route=\/wp\/v2\/posts\/14501"}],"collection":[{"href":"https:\/\/akdenizolaygazetesi.com\/index.php?rest_route=\/wp\/v2\/posts"}],"about":[{"href":"https:\/\/akdenizolaygazetesi.com\/index.php?rest_route=\/wp\/v2\/types\/post"}],"author":[{"embeddable":true,"href":"https:\/\/akdenizolaygazetesi.com\/index.php?rest_route=\/wp\/v2\/users\/2"}],"replies":[{"embeddable":true,"href":"https:\/\/akdenizolaygazetesi.com\/index.php?rest_route=%2Fwp%2Fv2%2Fcomments&post=14501"}],"version-history":[{"count":1,"href":"https:\/\/akdenizolaygazetesi.com\/index.php?rest_route=\/wp\/v2\/posts\/14501\/revisions"}],"predecessor-version":[{"id":14503,"href":"https:\/\/akdenizolaygazetesi.com\/index.php?rest_route=\/wp\/v2\/posts\/14501\/revisions\/14503"}],"wp:featuredmedia":[{"embeddable":true,"href":"https:\/\/akdenizolaygazetesi.com\/index.php?rest_route=\/wp\/v2\/media\/14502"}],"wp:attachment":[{"href":"https:\/\/akdenizolaygazetesi.com\/index.php?rest_route=%2Fwp%2Fv2%2Fmedia&parent=14501"}],"wp:term":[{"taxonomy":"category","embeddable":true,"href":"https:\/\/akdenizolaygazetesi.com\/index.php?rest_route=%2Fwp%2Fv2%2Fcategories&post=14501"},{"taxonomy":"post_tag","embeddable":true,"href":"https:\/\/akdenizolaygazetesi.com\/index.php?rest_route=%2Fwp%2Fv2%2Ftags&post=14501"}],"curies":[{"name":"wp","href":"https:\/\/api.w.org\/{rel}","templated":true}]}}