{"id":14506,"date":"2021-10-05T12:02:38","date_gmt":"2021-10-05T09:02:38","guid":{"rendered":"http:\/\/akdenizolaygazetesi.com\/?p=14506"},"modified":"2021-10-05T12:02:38","modified_gmt":"2021-10-05T09:02:38","slug":"kent-merkezinde-yepyeni-bir-mahalle-yukselecek","status":"publish","type":"post","link":"https:\/\/akdenizolaygazetesi.com\/?p=14506","title":{"rendered":"\u201cKent merkezinde yepyeni bir mahalle y\u00fckselecek\u201d"},"content":{"rendered":"<p>Akdeniz Belediye Meclisi Ekim ay\u0131 ilk toplant\u0131s\u0131n\u0131; Mustafa G\u00fcltak Ba\u015fkanl\u0131\u011f\u0131\u2019nda, konferans salonunda ger\u00e7ekle\u015ftirdi.<br \/>\nMecliste \u00fcyelere, Bar\u0131\u015f Mahallesi\u2019nde ba\u015flayan yerinde kentsel d\u00f6n\u00fc\u015f\u00fcm projesi ile ilgili \u00e7al\u0131\u015fmalar\u0131 yans\u0131tan bir film izletildi. Yoklama, Sayg\u0131 Duru\u015fu, \u0130stiklal Mar\u015f\u0131\u2019n\u0131n okunmas\u0131 ve bir \u00f6nceki birle\u015fim tutanak \u00f6zetinin kabul\u00fc ile ba\u015flayan toplant\u0131da \u00e7e\u015fitli g\u00fcndem maddeleri g\u00f6r\u00fc\u015f\u00fclerek komisyonlara sevk edildi.<br \/>\n\u201cKent merkezinde yepyeni bir mahalle y\u00fckselecek\u201d<br \/>\nBar\u0131\u015f Mahallesi\u2019nde ba\u015flayan d\u00f6n\u00fc\u015f\u00fcm ve mahalle sakinlerinin memnuniyetini yans\u0131tan filmin ard\u0131ndan Meclis \u00fcyelerine hitap eden Ba\u015fkan G\u00fcltak, arsa bazl\u0131 olarak hak sahipleri ile y\u00fczde 87\u2019yi a\u015fan anla\u015fma sa\u011fland\u0131\u011f\u0131n\u0131, tapu devirlerinde de 1 ay i\u00e7inde y\u00fczde 75\u2019i bulacaklar\u0131n\u0131 s\u00f6yledi. Ba\u015fkan G\u00fcltak; her y\u00f6n\u00fcyle modern bir mahallenin in\u015fa edilece\u011fi Bar\u0131\u015f\u2019ta, y\u0131lba\u015f\u0131ndan sonra temel atma i\u015finin ba\u015flayaca\u011f\u0131n\u0131 belirterek; \u201cProjede 415 konut, 45 i\u015fyeri, bir cami, bir kre\u015f bir de k\u00fclt\u00fcr evimiz var. Otoparklar\u0131, peyzaj alanlar\u0131, spor alanlar\u0131 ile kent merkezinde yepyeni bir mahalle y\u00fckselecek\u201d dedi. Ba\u015fkan G\u00fcltak; Turgut Reis Mahallesi\u2019ni kapsayan kentsel d\u00f6n\u00fc\u015f\u00fcm projesinin de s\u00fcrd\u00fc\u011f\u00fcn\u00fc kaydederek, 2022 y\u0131l\u0131 i\u00e7inde s\u00fcrecin netle\u015fece\u011fini ifade etti.<br \/>\n\u201cAkdeniz art\u0131k de\u011fi\u015fmeye ba\u015flad\u0131\u201d<br \/>\nS\u00f6zlerini; \u201cAkdeniz Mersin\u2019in kalbi diyoruz ama \u015fehrimiz y\u0131llard\u0131r de\u011fi\u015fmemi\u015fti, Fakat art\u0131k de\u011fi\u015fmeye ba\u015flad\u0131\u201d diyerek s\u00fcrd\u00fcren Ba\u015fkan G\u00fcltak; \u201cBu konuda desteklerini esirgemeyen ba\u015fta Cumhurba\u015fkan\u0131m\u0131z Say\u0131n Recep Tayyip Erdo\u011fan\u2019a, Bakanlar\u0131m\u0131z Say\u0131n L\u00fctfi Elvan ve Murat Kurum ile TOK\u0130 yetkililerine, ayr\u0131ca Meclis \u00fcyelerimize ve b\u00fcrokratlar\u0131m\u0131za te\u015fekk\u00fcr ediyorum. Uzun u\u011fra\u015flarla 1 y\u0131lda bu noktaya geldik. Tabi kolay de\u011fil, bu i\u015fleri yapabilmek. Bar\u0131\u015f Mahallesi\u2019ni birka\u00e7 kez ziyaret ettim, vatanda\u015flar\u0131n memnuniyeti \u00e7ok. Bu da bizleri sevindiriyor. Akdeniz\u2019e hay\u0131rl\u0131 u\u011furlu olsun\u201d \u015feklinde konu\u015ftu.<br \/>\nKaraduvar Bal\u0131k Festivali\u2019ne davet<br \/>\nAkdeniz Belediyesi taraf\u0131ndan, ilki 2019 y\u0131l\u0131nda d\u00fczenlenen Karaduvar Bal\u0131k Festivali\u2019nin, bu y\u0131l 9-10 Ekim 2021 tarihlerinde ikincisini d\u00fczenleyeceklerini s\u00f6zlerine ekleyen Ba\u015fkan Mustafa G\u00fcltak; \u201c\u0130lk festivalimize \u00e7ok b\u00fcy\u00fck ra\u011fbet olmu\u015ftu. Tabi pandemi nedeniyle ge\u00e7en y\u0131l (2020) festivalimizi yapamad\u0131k. T\u00fcm Meclis \u00fcyelerimizi, grup s\u00f6zc\u00fclerimizi ve b\u00fct\u00fcn vatanda\u015flar\u0131m\u0131z\u0131, bu hafta sonu d\u00fczenleyece\u011fimiz Karaduvar Bal\u0131k Festivali\u2019ne davet ediyorum\u201d dedi.<\/p>\n<p>Komisyonlara sevk edilen g\u00fcndem maddeleri<br \/>\n\u00d6te yandan Meclis toplant\u0131s\u0131nda ilgili komisyonlara oybirli\u011fiyle sevk edilen g\u00fcndem maddeleri ise \u015f\u00f6yle; \u201cBelediye Meclis Ba\u015fkan\u0131 ve \u00fcyelerine 2022 y\u0131l\u0131nda Meclis ve komisyon toplant\u0131lar\u0131na kat\u0131ld\u0131klar\u0131 her g\u00fcn i\u00e7in \u00f6denecek huzur hakk\u0131 miktar\u0131 tespiti ile ilgili teklif. 2022 Mali y\u0131l\u0131 vergi, resim, har\u00e7 ve \u00fccret tarifeleri; 2022 Mali Y\u0131l\u0131 Performans Program\u0131 ve 2022 Mali Y\u0131l\u0131 B\u00fct\u00e7esi ile ilgili teklif.<br \/>\nTar\u0131msal Hizmetler M\u00fcd\u00fcrl\u00fc\u011f\u00fc\u2019n\u00fcn Ba\u015fkanl\u0131k b\u00fcnyesinde faaliyetlerini y\u00fcr\u00fctebilmesi amac\u0131yla haz\u0131rlanan G\u00f6rev ve \u00c7al\u0131\u015fma Y\u00f6netmeli\u011fi ve Ba\u015fkanl\u0131k b\u00fcnyesinde g\u00f6rev yapan personelin terfi, e\u011fitim, kariyer planlamas\u0131, ikramiye ile ilgili kararlarda kullan\u0131lmas\u0131n\u0131 sa\u011flamak \u00fczere haz\u0131rlanan Performans De\u011ferlendirme Y\u00f6netmeli\u011fi ile ilgili teklifler. Akdeniz Belediyesi ile Akdeniz Kent Konseyi i\u015fbirli\u011finde yap\u0131m\u0131 ger\u00e7ekle\u015ftirilen \u00c7ocuk K\u00fct\u00fcphanesi&#8217;nin a\u00e7\u0131lmas\u0131 i\u00e7in \u0130l K\u00fclt\u00fcr ve Turizm M\u00fcd\u00fcrl\u00fc\u011f\u00fc\u2019nden izin al\u0131nmas\u0131yla ilgili teklif.<br \/>\nBelediyeye ait bina sa\u011fl\u0131k istasyonuna d\u00f6n\u00fc\u015fecek<br \/>\nToplant\u0131da, Akdeniz il\u00e7esi I\u011fd\u0131r Mahallesi 115 Ada, 2 Parselde 115,20 metrekare y\u00fcz\u00f6l\u00e7\u00fcm\u00fcnde; Akdeniz Belediye Ba\u015fkanl\u0131\u011f\u0131\u2019na ait ta\u015f\u0131nmaz\u0131n, \u2018Sa\u011fl\u0131k \u0130stasyonu\u2019 olarak kullan\u0131lmak \u015fart\u0131yla Akdeniz \u0130l\u00e7e Sa\u011fl\u0131k M\u00fcd\u00fcrl\u00fc\u011f\u00fc\u2019ne 10 y\u0131l s\u00fcreli bedelsiz tahsisi ile ilgili teklif de Meclisin oybirli\u011fiyle komisyonlara g\u00f6nderildi. Bir sonraki Meclis toplant\u0131s\u0131, 15 Ekim 2021 Cuma g\u00fcn\u00fc saat 10:00\u2019da yap\u0131lacak. <\/p>\n","protected":false},"excerpt":{"rendered":"<p>Akdeniz Belediye Meclisi Ekim ay\u0131 ilk toplant\u0131s\u0131n\u0131; Mustafa G\u00fcltak Ba\u015fkanl\u0131\u011f\u0131\u2019nda, konferans salonunda ger\u00e7ekle\u015ftirdi. Mecliste \u00fcyelere, Bar\u0131\u015f Mahallesi\u2019nde ba\u015flayan yerinde kentsel d\u00f6n\u00fc\u015f\u00fcm projesi ile ilgili \u00e7al\u0131\u015fmalar\u0131 yans\u0131tan bir film izletildi. Yoklama, &hellip; <a href=\"https:\/\/akdenizolaygazetesi.com\/?p=14506\" class=\"more-link\">Devam\u0131n\u0131 Oku&#8230;<\/a><\/p>\n","protected":false},"author":2,"featured_media":14507,"comment_status":"open","ping_status":"open","sticky":false,"template":"","format":"standard","meta":[],"categories":[2,3,5],"tags":[],"_links":{"self":[{"href":"https:\/\/akdenizolaygazetesi.com\/index.php?rest_route=\/wp\/v2\/posts\/14506"}],"collection":[{"href":"https:\/\/akdenizolaygazetesi.com\/index.php?rest_route=\/wp\/v2\/posts"}],"about":[{"href":"https:\/\/akdenizolaygazetesi.com\/index.php?rest_route=\/wp\/v2\/types\/post"}],"author":[{"embeddable":true,"href":"https:\/\/akdenizolaygazetesi.com\/index.php?rest_route=\/wp\/v2\/users\/2"}],"replies":[{"embeddable":true,"href":"https:\/\/akdenizolaygazetesi.com\/index.php?rest_route=%2Fwp%2Fv2%2Fcomments&post=14506"}],"version-history":[{"count":1,"href":"https:\/\/akdenizolaygazetesi.com\/index.php?rest_route=\/wp\/v2\/posts\/14506\/revisions"}],"predecessor-version":[{"id":14508,"href":"https:\/\/akdenizolaygazetesi.com\/index.php?rest_route=\/wp\/v2\/posts\/14506\/revisions\/14508"}],"wp:featuredmedia":[{"embeddable":true,"href":"https:\/\/akdenizolaygazetesi.com\/index.php?rest_route=\/wp\/v2\/media\/14507"}],"wp:attachment":[{"href":"https:\/\/akdenizolaygazetesi.com\/index.php?rest_route=%2Fwp%2Fv2%2Fmedia&parent=14506"}],"wp:term":[{"taxonomy":"category","embeddable":true,"href":"https:\/\/akdenizolaygazetesi.com\/index.php?rest_route=%2Fwp%2Fv2%2Fcategories&post=14506"},{"taxonomy":"post_tag","embeddable":true,"href":"https:\/\/akdenizolaygazetesi.com\/index.php?rest_route=%2Fwp%2Fv2%2Ftags&post=14506"}],"curies":[{"name":"wp","href":"https:\/\/api.w.org\/{rel}","templated":true}]}}