{"id":1451,"date":"2020-11-04T18:22:01","date_gmt":"2020-11-04T15:22:01","guid":{"rendered":"http:\/\/mersinekonomipolitikagazetesi.com\/?p=1451"},"modified":"2020-11-04T18:22:01","modified_gmt":"2020-11-04T15:22:01","slug":"erdemli-belediyesinde-kidem-tazminatlari-gecikmeden-odeniyor","status":"publish","type":"post","link":"https:\/\/akdenizolaygazetesi.com\/?p=1451","title":{"rendered":"Erdemli Belediyesi&#8217;nde k\u0131dem tazminatlar\u0131 gecikmeden \u00f6deniyor"},"content":{"rendered":"<p>Erdemli Belediyesi&#8217;nden emekli olan i\u015f\u00e7ilere ikramiyelerinin gecikme ya\u015fanmadan \u00f6dendi\u011fi a\u00e7\u0131kland\u0131.<\/p>\n<p><br style=\"color: rgb(0, 0, 0); font-family: Tahoma, Arial, &quot;Times New Roman TUR&quot;, Verdana; font-size: 15px;\" \/><br \/>\n<span style=\"color: rgb(0, 0, 0); font-family: Tahoma, Arial, &quot;Times New Roman TUR&quot;, Verdana; font-size: 15px;\">Konuyla ilgili bir a\u00e7\u0131klama yapan Erdemli Belediye Ba\u015fkan\u0131 M\u00fckerrem Tollu, kendisinin de daha \u00f6nce belediye \u00e7al\u0131\u015fan\u0131 olmas\u0131 sebebiyle belediyenin mali yap\u0131s\u0131n\u0131 \u00e7ok iyi bildi\u011fini ve bu sayede belediyenin ekonomisini d\u00fczl\u00fc\u011fe \u00e7\u0131kard\u0131klar\u0131n\u0131 kaydetti. Erdemli Belediyesi&#8217;nin \u015fu an hi\u00e7bir i\u015f\u00e7iye borcunun olmad\u0131\u011f\u0131n\u0131n alt\u0131n\u0131 \u00e7izen Tollu, bir taraftan Erdemli\u2019ye tarihinin en b\u00fcy\u00fck hizmetlerini sunduklar\u0131n\u0131 bir taraftan da belediye ekonomisini g\u00fc\u00e7lendirdiklerini vurgulad\u0131.<\/span><br style=\"color: rgb(0, 0, 0); font-family: Tahoma, Arial, &quot;Times New Roman TUR&quot;, Verdana; font-size: 15px;\" \/><br \/>\n<span style=\"color: rgb(0, 0, 0); font-family: Tahoma, Arial, &quot;Times New Roman TUR&quot;, Verdana; font-size: 15px;\">Belediyenin son derece ba\u015far\u0131l\u0131 bir \u015fekilde y\u00f6netildi\u011fini ifade eden Tollu, a\u00e7\u0131klamas\u0131nda \u015fu ifadelere yer verdi, &#8220;Biz kentimizde 8 y\u0131la a\u015fk\u0131n s\u00fcredir, kentimizin ya\u015fanabilir bir hale gelmesiyle alakal\u0131, insanlar\u0131m\u0131z\u0131n ya\u015fad\u0131\u011f\u0131 sokakta, mahallede huzur i\u00e7erisinde hayatlar\u0131n\u0131 devam ettirmek ad\u0131na \u00e7ok de\u011ferli mesai arkada\u015flar\u0131m\u0131z ile birlikte \u00e7ok ciddi bir gayretin i\u00e7erisindeyiz. Fakat bu gayreti g\u00f6steren, bu performans\u0131 sergileyen \u00e7al\u0131\u015fma arkada\u015flar\u0131m\u0131z\u0131n kar\u015f\u0131s\u0131nda kay\u0131ts\u0131z kalmamak gerekiyor. \u015eu anda belediyemizde \u00e7al\u0131\u015fan arkada\u015flar\u0131m\u0131za Erdemli Belediyesi&#8217;nin be\u015f kuru\u015f borcu yoktur. Ayr\u0131ca emeklili\u011fi dolmu\u015f ve emekli olan i\u015f\u00e7ilerimiz var. Eskiden ben Erdemli Belediyesi&#8217;nde \u00e7al\u0131\u015fan oldu\u011fum i\u00e7in o yap\u0131y\u0131 \u00e7ok iyi biliyorum. Emekli olan arkada\u015flar\u0131m\u0131z, k\u0131dem tazminatlar\u0131n\u0131 en az bir senede zor al\u0131rlard\u0131. Biz \u015fuanda emekli olan arkada\u015flar\u0131m\u0131za k\u0131dem tazminatlar\u0131n\u0131 tek seferde veriyoruz. \u00c7\u00fcnk\u00fc 25 y\u0131ll\u0131k emek \u00e7ok ciddi bir durum. Bu gayreti g\u00f6steren i\u015f\u00e7ilerimize kar\u015f\u0131 vefa borcumuzu \u00f6d\u00fcyoruz ve \u00f6demeye devam ediyoruz.\u201d<\/span><\/p>\n","protected":false},"excerpt":{"rendered":"<p>Erdemli Belediyesi&#8217;nden emekli olan i\u015f\u00e7ilere ikramiyelerinin gecikme ya\u015fanmadan \u00f6dendi\u011fi a\u00e7\u0131kland\u0131. Konuyla ilgili bir a\u00e7\u0131klama yapan Erdemli Belediye Ba\u015fkan\u0131 M\u00fckerrem Tollu, kendisinin de daha \u00f6nce belediye \u00e7al\u0131\u015fan\u0131 olmas\u0131 sebebiyle belediyenin mali &hellip; <a href=\"https:\/\/akdenizolaygazetesi.com\/?p=1451\" class=\"more-link\">Devam\u0131n\u0131 Oku&#8230;<\/a><\/p>\n","protected":false},"author":1,"featured_media":0,"comment_status":"open","ping_status":"open","sticky":false,"template":"","format":"standard","meta":[],"categories":[],"tags":[],"_links":{"self":[{"href":"https:\/\/akdenizolaygazetesi.com\/index.php?rest_route=\/wp\/v2\/posts\/1451"}],"collection":[{"href":"https:\/\/akdenizolaygazetesi.com\/index.php?rest_route=\/wp\/v2\/posts"}],"about":[{"href":"https:\/\/akdenizolaygazetesi.com\/index.php?rest_route=\/wp\/v2\/types\/post"}],"author":[{"embeddable":true,"href":"https:\/\/akdenizolaygazetesi.com\/index.php?rest_route=\/wp\/v2\/users\/1"}],"replies":[{"embeddable":true,"href":"https:\/\/akdenizolaygazetesi.com\/index.php?rest_route=%2Fwp%2Fv2%2Fcomments&post=1451"}],"version-history":[{"count":0,"href":"https:\/\/akdenizolaygazetesi.com\/index.php?rest_route=\/wp\/v2\/posts\/1451\/revisions"}],"wp:attachment":[{"href":"https:\/\/akdenizolaygazetesi.com\/index.php?rest_route=%2Fwp%2Fv2%2Fmedia&parent=1451"}],"wp:term":[{"taxonomy":"category","embeddable":true,"href":"https:\/\/akdenizolaygazetesi.com\/index.php?rest_route=%2Fwp%2Fv2%2Fcategories&post=1451"},{"taxonomy":"post_tag","embeddable":true,"href":"https:\/\/akdenizolaygazetesi.com\/index.php?rest_route=%2Fwp%2Fv2%2Ftags&post=1451"}],"curies":[{"name":"wp","href":"https:\/\/api.w.org\/{rel}","templated":true}]}}