{"id":1452,"date":"2020-11-04T18:22:01","date_gmt":"2020-11-04T15:22:01","guid":{"rendered":"http:\/\/mersinekonomipolitikagazetesi.com\/?p=1452"},"modified":"2020-11-04T18:22:01","modified_gmt":"2020-11-04T15:22:01","slug":"sokaklar-gole-donuyor","status":"publish","type":"post","link":"https:\/\/akdenizolaygazetesi.com\/?p=1452","title":{"rendered":"SOKAKLAR G\u00d6LE D\u00d6N\u00dcYOR!"},"content":{"rendered":"<p>Son y\u0131llarda Mersin\u2019de hayat\u0131 durdurma noktas\u0131na getiren sel ve ta\u015fk\u0131nlar hakk\u0131nda vatanda\u015flara d\u00fc\u015f\u00fcncelerini sorduk. Vatanda\u015f altyap\u0131n\u0131n yetersizli\u011finden yak\u0131narak, \u201cArt\u0131k sokaklarda bal\u0131klar yeti\u015fmeye ba\u015flayacak\u201d yorumu getirdi.<\/p>\n<p>Mustafa Ya\u015far: &#8220;Mersin\u2019e ne zaman 2 damla ya\u011fmur d\u00fc\u015fse sokaklar g\u00f6le d\u00f6n\u00fcyor. Altyap\u0131n\u0131n yetersiz oldu\u011fu \u00e7ok a\u015fikar ama yeni yap\u0131lan yerlerde de su birikmesi sorunu var. \u00c7\u00fcnk\u00fc suyun do\u011fru \u015fekilde tahliye olmas\u0131 i\u00e7in do\u011fru kanallar a\u00e7\u0131lm\u0131\u015f de\u011fil. Suyun \u00f6n\u00fc rampa olunca su hemen birikiyor. O sular\u0131n sokak ve yollardan gitmesi bazen g\u00fcnler s\u00fcr\u00fcyor. Yani bu kadar g\u00fczel bir kentte bu kadar k\u00f6t\u00fc g\u00f6r\u00fcnt\u00fc olmamal\u0131d\u0131r.&#8221;<\/p>\n<p>\u00a0<\/p>\n<p>\u201cKANAL\u0130ZASYONLAR SOKAK ORTASINDA G\u0130TMEYE BA\u015eLAYACAK\u201d<\/p>\n<p>G\u00fcl G\u00fcne\u015f: &#8220;Mersin\u2019de ya\u011fmur ya\u011fd\u0131\u011f\u0131 zaman d\u0131\u015far\u0131 \u00e7\u0131kmaya korkuyoruz. \u00c7\u00fcnk\u00fc her yer g\u00f6l oluyor. Yan\u0131m\u0131zdan bir araba ge\u00e7ti\u011fi zaman s\u0131\u00e7ratt\u0131\u011f\u0131 suyun alt\u0131nda kal\u0131yoruz. Mersin gibi b\u00fcy\u00fck\u015fehir s\u0131fat\u0131na sahip bir kentte bu tarz sorunlar\u0131n olmamas\u0131 laz\u0131m. Bu konuda yetkililer her i\u015fi b\u0131rak\u0131p harekete ge\u00e7melidir. \u00c7\u00fcnk\u00fc kentimizin en b\u00fcy\u00fck sorunu budur. Her sene yap\u0131lmas\u0131n\u0131 umuyoruz ama s\u00fcrekli \u00f6n\u00fcm\u00fczdeki sene deniliyor. \u0130\u015fe gitmemiz icap etmezse evden \u00e7\u0131kmay\u0131z, \u00e7\u0131kam\u0131yoruz. Biraz daha ev say\u0131s\u0131 artarsa kanalizasyonlar sokak ortas\u0131nda ta\u015farak gitmeye ba\u015flayacak.&#8221;<\/p>\n<p>\u00a0<\/p>\n<p>\u201c\u0130LK \u00d6NCE ALTYAPIYI YAPSINLAR\u201d<\/p>\n<p>Ali Yaman: &#8220;Kendimi bildi\u011fimden beri ayn\u0131 altyap\u0131y\u0131 kullan\u0131yoruz. Kaya Mutlu&#8217;nun 1975 y\u0131l\u0131nda bir altyap\u0131 yapt\u0131 halen onu kullan\u0131yoruz. \u00dcst\u00fcnden 45 y\u0131l ge\u00e7ti ama de\u011fi\u015fen bir \u015fey olmad\u0131. Bir tane belediye ba\u015fkan\u0131 \u00e7\u0131k\u0131p da bu sorunu \u00e7\u00f6zeyim demedi. Hep su\u00e7u bir ba\u015fkas\u0131na att\u0131lar. Belediyelerimizden yol ya da ba\u015fka hizmet istemiyoruz. \u0130lk \u00f6nce altyap\u0131y\u0131 yaps\u0131nlar. Mersin k\u0131y\u0131 \u015fehri ama denizden \u00e7ok sokaklarda su var. Yollara bak\u0131yorsunuz rezil durumda. Siyasilere bak\u0131yorsunuz hi\u00e7 oral\u0131 de\u011filler. Sanki bu kenti y\u00f6netenler onlar de\u011fillermi\u015f gibi s\u00fcrekli kendilerinden \u00f6ncekileri su\u00e7luyorlar. Yaps\u0131nlar altyap\u0131y\u0131, yollar\u0131 biz o zaman eskileri ele\u015ftiririz. Ama onlardan fazlas\u0131n\u0131 yapmadan s\u00fcrekli su\u00e7lama halindeler. Bunlar g\u00fcndelik politikalar. B\u00f6ylelikle Mersin bir yere gelmez. Her gelen parti ve ba\u015fkan vatanda\u015f\u0131 kand\u0131r\u0131p g\u00fcn\u00fc kurtarma derdinde. Kimse n\u00fcfusu 2 milyona yakla\u015fan bu kenti d\u00fc\u015f\u00fcnm\u00fcyor.&#8221;<\/p>\n<p>\u00a0<\/p>\n<p>\u201cSOKAKLARDA BALIKLAR YET\u0130\u015eMEYE BA\u015eLAYACAK\u201d<\/p>\n<p>Kadir \u00c7elik: &#8220;Mersin denizi, do\u011fas\u0131 ve havas\u0131yla m\u00fckemmel bir \u015fehir. Mersin\u2019i \u00f6v\u00fcn derseniz bu \u00fc\u00e7\u00fc d\u0131\u015f\u0131nda bir \u015fey s\u00f6yleyemem. Hizmet yok \u00e7\u00fcnk\u00fc. Mersin\u2019de bu kadar eksik varken vatanda\u015flar\u0131n da y\u00f6netici ki\u015filer kadar duyars\u0131z kalmas\u0131n\u0131 anlam\u0131yorum. Yaz\u0131n s\u0131caktan, k\u0131\u015f\u0131n sulardan bu kentte durulmuyor. Mersinliler bunu hak etmiyor. Bir an \u00f6nce altyap\u0131n\u0131n yap\u0131lmas\u0131 laz\u0131m. Yoksa art\u0131k sokaklarda bal\u0131klar yeti\u015fmeye ba\u015flayacak. E\u011fer para yoksa da kampanya yaps\u0131nlar. Bu konuda vatanda\u015flar \u00e7ok yard\u0131mc\u0131 olur \u00e7\u00fcnk\u00fc art\u0131k canlar\u0131na tak etti. S\u00fcrekli haberlerde g\u00f6r\u00fcyorum; her ya\u011fmurda evler su alt\u0131nda\u2026 \u0130\u015fyerleri su alt\u0131nda\u2026 Olmaz. Yak\u0131\u015fm\u0131yor bunlar. Bu kente \u00e7ok haks\u0131zl\u0131k yap\u0131l\u0131yor. Umar\u0131m bundan sonraki se\u00e7imlerde vatanda\u015flar partiye de\u011fil, Mersin\u2019e hizmet edecek adaylara oy verirler.&#8221;<\/p>\n","protected":false},"excerpt":{"rendered":"<p>Son y\u0131llarda Mersin\u2019de hayat\u0131 durdurma noktas\u0131na getiren sel ve ta\u015fk\u0131nlar hakk\u0131nda vatanda\u015flara d\u00fc\u015f\u00fcncelerini sorduk. Vatanda\u015f altyap\u0131n\u0131n yetersizli\u011finden yak\u0131narak, \u201cArt\u0131k sokaklarda bal\u0131klar yeti\u015fmeye ba\u015flayacak\u201d yorumu getirdi. Mustafa Ya\u015far: &#8220;Mersin\u2019e ne zaman &hellip; <a href=\"https:\/\/akdenizolaygazetesi.com\/?p=1452\" class=\"more-link\">Devam\u0131n\u0131 Oku&#8230;<\/a><\/p>\n","protected":false},"author":1,"featured_media":0,"comment_status":"open","ping_status":"open","sticky":false,"template":"","format":"standard","meta":[],"categories":[],"tags":[],"_links":{"self":[{"href":"https:\/\/akdenizolaygazetesi.com\/index.php?rest_route=\/wp\/v2\/posts\/1452"}],"collection":[{"href":"https:\/\/akdenizolaygazetesi.com\/index.php?rest_route=\/wp\/v2\/posts"}],"about":[{"href":"https:\/\/akdenizolaygazetesi.com\/index.php?rest_route=\/wp\/v2\/types\/post"}],"author":[{"embeddable":true,"href":"https:\/\/akdenizolaygazetesi.com\/index.php?rest_route=\/wp\/v2\/users\/1"}],"replies":[{"embeddable":true,"href":"https:\/\/akdenizolaygazetesi.com\/index.php?rest_route=%2Fwp%2Fv2%2Fcomments&post=1452"}],"version-history":[{"count":0,"href":"https:\/\/akdenizolaygazetesi.com\/index.php?rest_route=\/wp\/v2\/posts\/1452\/revisions"}],"wp:attachment":[{"href":"https:\/\/akdenizolaygazetesi.com\/index.php?rest_route=%2Fwp%2Fv2%2Fmedia&parent=1452"}],"wp:term":[{"taxonomy":"category","embeddable":true,"href":"https:\/\/akdenizolaygazetesi.com\/index.php?rest_route=%2Fwp%2Fv2%2Fcategories&post=1452"},{"taxonomy":"post_tag","embeddable":true,"href":"https:\/\/akdenizolaygazetesi.com\/index.php?rest_route=%2Fwp%2Fv2%2Ftags&post=1452"}],"curies":[{"name":"wp","href":"https:\/\/api.w.org\/{rel}","templated":true}]}}