{"id":14522,"date":"2021-10-05T12:45:21","date_gmt":"2021-10-05T09:45:21","guid":{"rendered":"http:\/\/akdenizolaygazetesi.com\/?p=14522"},"modified":"2021-10-05T12:45:21","modified_gmt":"2021-10-05T09:45:21","slug":"akdeniz-belediyesinden-can-dostlar-icin-etkinlik","status":"publish","type":"post","link":"https:\/\/akdenizolaygazetesi.com\/?p=14522","title":{"rendered":"AKDEN\u0130Z BELED\u0130YES\u0130\u2019NDEN CAN DOSTLAR \u0130\u00c7\u0130N ETK\u0130NL\u0130K"},"content":{"rendered":"<p>Ba\u015fkan G\u00fcltak, \u20184 Ekim Hayvanlar\u0131 Koruma G\u00fcn\u00fc\u2019 nedeniyle d\u00fczenlenen etkinlikte can dostlara mama ve yuva da\u011f\u0131tt\u0131; g\u00fcn nedeniyle ayr\u0131ca Karamel isimli k\u00f6pek ile O\u011fulcan isimli kediyi de makam\u0131nda a\u011f\u0131rlay\u0131p besledi.<br \/>\nAkdeniz Belediyesi; \u20184 Ekim D\u00fcnya Hayvanlar\u0131 Koruma G\u00fcn\u00fc\u2019 dolay\u0131s\u0131yla anlaml\u0131 bir etkinlik d\u00fczenledi. Belediye binas\u0131 \u00f6n\u00fcnde bulunan park\u0131n farkl\u0131 noktalar\u0131na kedi ve k\u00f6pekler i\u00e7in imal edilen beslenme noktalar\u0131 kurulup mama ve su konuldu; hayvanseverlere de \u00fcst\u00fc metal levha korumal\u0131 ya\u011fmurdan etkilenmeyen kedi ve k\u00f6pek besleme odaklar\u0131 ile ku\u015f yuvalar\u0131 da\u011f\u0131t\u0131ld\u0131. Etkinlikte; \u201cSadece 4 Ekim\u2019de de\u011fil, her g\u00fcn koruyal\u0131m, her g\u00fcn sevelim, her g\u00fcn doyural\u0131m\u201d yaz\u0131l\u0131 pankart dikkat \u00e7ekti.<br \/>\n\u201cHayvan haklar\u0131 konusunda toplumsal fark\u0131ndal\u0131k yaratmak istiyoruz\u201d<br \/>\nG\u00f6reve geldikleri g\u00fcnden bu yana sokak hayvanlar\u0131 i\u00e7in hayvanseverler ve sivil toplum \u00f6rg\u00fctleri ile birlikte proje ve kampanyalar\u0131 hayata katt\u0131klar\u0131n\u0131 anlatan Ba\u015fkan G\u00fcltak, bir hayvansever oldu\u011funu ifade ederek, \u201cK\u00fc\u00e7\u00fckl\u00fc\u011f\u00fcmden beri ya bir kedim ya da k\u00f6pe\u011fim oldu, evde ku\u015f besledi\u011fim de oldu. Hayvanlarla ileti\u015fime ge\u00e7ildi\u011finde, onlar\u0131n da birer can ve can dostu oldu\u011funu, bizlerle bu d\u00fcnyada beraber yolculuk yapt\u0131\u011f\u0131n\u0131 hissediyorsunuz. Hayvan haklar\u0131 konusunda ciddi bir toplumsal fark\u0131ndal\u0131k yaratmak istiyoruz. \u015eiddete u\u011frayan veya a\u00e7 kalan canlar\u0131m\u0131z\u0131 g\u00f6rd\u00fc\u011f\u00fcn\u00fczde emniyet birimleri ve bize bildirmenizi rica ediyorum. \u00dczerimize d\u00fc\u015fen ne g\u00f6rev varsa her zaman yapmaya haz\u0131r\u0131z\u201d dedi.<br \/>\n\u201cCan dostlar\u0131m\u0131z\u0131n yan\u0131nda olmaya devam edece\u011fiz\u201d<br \/>\nBa\u015fkan G\u00fcltak, Koronavir\u00fcs salg\u0131n\u0131na uygulanan soka\u011fa \u00e7\u0131kma yasa\u011f\u0131 g\u00fcnlerinde zor anlar ya\u015fayan sokak hayvanlar\u0131 i\u00e7in il\u00e7enin d\u00f6rt bir yan\u0131na mama ve su ula\u015ft\u0131rd\u0131klar\u0131n\u0131 s\u00f6yledi; Adanal\u0131o\u011flu sahilindeki ba\u015f\u0131bo\u015f k\u00f6pekler i\u00e7in korunakl\u0131 bir alan yaparak onlara mama ve su deste\u011fi vermeye devam ettiklerini ifade etti. Ba\u015fkan G\u00fcltak, s\u00f6zlerini \u015f\u00f6yle s\u00fcrd\u00fcrd\u00fc; \u201cAkdeniz il\u00e7emizde tar\u0131m m\u00fcd\u00fcrl\u00fc\u011f\u00fcm\u00fcz\u00fc de kurduk. Bu m\u00fcd\u00fcrl\u00fc\u011f\u00fcm\u00fcz de art\u0131k hayvan haklar\u0131 ile ilgili yo\u011fun \u00e7al\u0131\u015fmalar yapacak. Meclise; m\u00fcd\u00fcrl\u00fc\u011f\u00fcm\u00fcz\u00fcn nas\u0131l \u00e7al\u0131\u015faca\u011f\u0131na dair y\u00f6netmeli\u011fi de getirdik. Meclisimizden ge\u00e7tikten sonra \u00f6zellikle hayvanlar\u0131m\u0131z ve tar\u0131m alanlar\u0131m\u0131z ile ilgili yo\u011fun bir \u00e7al\u0131\u015fma ba\u015flat\u0131lacak. G\u00f6revde oldu\u011fumuz s\u00fcrece her zaman can dostlar\u0131m\u0131z\u0131n ve hayvan severlerin yan\u0131nda olmaya devam edece\u011fiz.\u201d<br \/>\nCan dostlar i\u00e7in \u00e7al\u0131\u015fan, onlar\u0131n sa\u011fl\u0131\u011f\u0131, beslenmesi ve g\u00fcvenli\u011fi i\u00e7in m\u00fccadele eden herkese te\u015fekk\u00fcr eden Ba\u015fkan G\u00fcltak: etkinli\u011fin sonunda, kedi ve k\u00f6pekler ile belediye etraf\u0131n\u0131 mesken tutan g\u00fcvercinleri elleriyle besledi.  Ard\u0131ndan da hayvanseverlerle birlikte g\u00fcn\u00fcn an\u0131s\u0131na hat\u0131ra foto\u011fraflar\u0131 \u00e7ektirdi.<\/p>\n","protected":false},"excerpt":{"rendered":"<p>Ba\u015fkan G\u00fcltak, \u20184 Ekim Hayvanlar\u0131 Koruma G\u00fcn\u00fc\u2019 nedeniyle d\u00fczenlenen etkinlikte can dostlara mama ve yuva da\u011f\u0131tt\u0131; g\u00fcn nedeniyle ayr\u0131ca Karamel isimli k\u00f6pek ile O\u011fulcan isimli kediyi de makam\u0131nda a\u011f\u0131rlay\u0131p besledi. &hellip; <a href=\"https:\/\/akdenizolaygazetesi.com\/?p=14522\" class=\"more-link\">Devam\u0131n\u0131 Oku&#8230;<\/a><\/p>\n","protected":false},"author":2,"featured_media":14523,"comment_status":"open","ping_status":"open","sticky":false,"template":"","format":"standard","meta":[],"categories":[3,5],"tags":[],"_links":{"self":[{"href":"https:\/\/akdenizolaygazetesi.com\/index.php?rest_route=\/wp\/v2\/posts\/14522"}],"collection":[{"href":"https:\/\/akdenizolaygazetesi.com\/index.php?rest_route=\/wp\/v2\/posts"}],"about":[{"href":"https:\/\/akdenizolaygazetesi.com\/index.php?rest_route=\/wp\/v2\/types\/post"}],"author":[{"embeddable":true,"href":"https:\/\/akdenizolaygazetesi.com\/index.php?rest_route=\/wp\/v2\/users\/2"}],"replies":[{"embeddable":true,"href":"https:\/\/akdenizolaygazetesi.com\/index.php?rest_route=%2Fwp%2Fv2%2Fcomments&post=14522"}],"version-history":[{"count":1,"href":"https:\/\/akdenizolaygazetesi.com\/index.php?rest_route=\/wp\/v2\/posts\/14522\/revisions"}],"predecessor-version":[{"id":14524,"href":"https:\/\/akdenizolaygazetesi.com\/index.php?rest_route=\/wp\/v2\/posts\/14522\/revisions\/14524"}],"wp:featuredmedia":[{"embeddable":true,"href":"https:\/\/akdenizolaygazetesi.com\/index.php?rest_route=\/wp\/v2\/media\/14523"}],"wp:attachment":[{"href":"https:\/\/akdenizolaygazetesi.com\/index.php?rest_route=%2Fwp%2Fv2%2Fmedia&parent=14522"}],"wp:term":[{"taxonomy":"category","embeddable":true,"href":"https:\/\/akdenizolaygazetesi.com\/index.php?rest_route=%2Fwp%2Fv2%2Fcategories&post=14522"},{"taxonomy":"post_tag","embeddable":true,"href":"https:\/\/akdenizolaygazetesi.com\/index.php?rest_route=%2Fwp%2Fv2%2Ftags&post=14522"}],"curies":[{"name":"wp","href":"https:\/\/api.w.org\/{rel}","templated":true}]}}