{"id":14525,"date":"2021-10-05T12:47:11","date_gmt":"2021-10-05T09:47:11","guid":{"rendered":"http:\/\/akdenizolaygazetesi.com\/?p=14525"},"modified":"2021-10-05T12:47:25","modified_gmt":"2021-10-05T09:47:25","slug":"baskan-yilmaz-100-genci-maca-goturdu","status":"publish","type":"post","link":"https:\/\/akdenizolaygazetesi.com\/?p=14525","title":{"rendered":"BA\u015eKAN YILMAZ, 100 GENC\u0130 MA\u00c7A G\u00d6T\u00dcRD\u00dc"},"content":{"rendered":"<p>Ba\u015fkan Y\u0131lmaz: \u201cKentimizin Tak\u0131m\u0131 \u0130\u00e7el \u0130dman Yurdu\u2019na Gen\u00e7lerimizle Sahip \u00c7\u0131k\u0131yoruz. Toroslar\u0131m\u0131zdan 100 gencimizle her ma\u00e7ta tak\u0131m\u0131m\u0131z\u0131n yan\u0131nday\u0131z\u201d dedi.<\/p>\n<p>Mersin Toroslar Belediye Ba\u015fkan\u0131 Ats\u0131z Af\u015f\u0131n Y\u0131lmaz, \u0130\u00e7el \u0130dman Yurdu ile K\u0131r\u0131kkale B\u00fcy\u00fck Anadolu Spor ma\u00e7\u0131n\u0131, 100 gen\u00e7 ile birlikte izledi.<\/p>\n<p>Hayatlar\u0131nda ilk defa stadyumda, trib\u00fcnden ma\u00e7 izleyen gen\u00e7lerin co\u015fkusu ise g\u00f6r\u00fclmeye de\u011ferdi.<\/p>\n<p>Toroslar Belediyesi, Toroslar\u2019da ya\u015fayan gen\u00e7lere stadyumda ma\u00e7 izleme keyfi ya\u015fat\u0131yor.<\/p>\n<p>Ya\u015flar\u0131 12 ile 18 aras\u0131nda de\u011fi\u015fen, il\u00e7ede faaliyet g\u00f6steren amat\u00f6r futbol kul\u00fcplerinin sporcular\u0131 olan 100 gen\u00e7, Toroslar Belediye Ba\u015fkan\u0131 Ats\u0131z Af\u015f\u0131n Y\u0131lmaz ile birlikte stadyuma giderek, \u0130\u00e7el \u0130dman Yurdu\u2019nun, K\u0131r\u0131kkale B\u00fcy\u00fck Anadolu Spor ile oynad\u0131\u011f\u0131 ma\u00e7\u0131n heyecan\u0131na ortak oldu.<\/p>\n<p>Ba\u015fkan Y\u0131lmaz, ma\u00e7 s\u0131ras\u0131nda gen\u00e7lerle birlikte alk\u0131\u015f ve tezah\u00fcratlarda bulunarak kentin tak\u0131m\u0131na destek verdi, tak\u0131m\u0131n taraftar grubu olan \u201cK\u0131rm\u0131z\u0131 \u015eeytanlar\u201d ile birlikte heyecanl\u0131 bir ma\u00e7 takip edildi.<\/p>\n<p>\u201cBiz \u0130\u00e7el \u0130dman Yurdu\u2019na G\u00f6n\u00fcl Ba\u011f\u0131 ile ba\u011fl\u0131y\u0131z\u201d diyerek ba\u015flat\u0131lan sosyal sorumluluk projesi kapsam\u0131nda Toroslar Belediyesi, 100 genci \u0130\u00e7el \u0130dman Yurdu\u2019nun evinde oynad\u0131\u011f\u0131 ma\u00e7larda a\u011f\u0131rlayacak.<\/p>\n<p>Gen\u00e7ler, TFF 3. Lig. 3. Grupta m\u00fccadele eden \u0130\u00e7el \u0130dman Yurdu\u2019nun i\u00e7 saha ma\u00e7lar\u0131n\u0131, Ba\u015fkan Y\u0131lmaz ile birlikte izleme f\u0131rsat\u0131 bulacak.<\/p>\n<p>\u201cM\u0130LL\u0130 TARAFTARLAR YET\u0130\u015eT\u0130R\u0130YORUZ\u201d<\/p>\n<p>Toroslar Belediye Ba\u015fkan\u0131 Ats\u0131z Af\u015f\u0131n Y\u0131lmaz; \u201c\u0130\u00e7el \u0130dman Yurdu\u2019na destek olmak bir g\u00f6n\u00fcl i\u015fidir. G\u00f6nl\u00fcm\u00fcz\u00fc ortaya koymak ve gen\u00e7lerimizle tak\u0131m\u0131m\u0131za sahip \u00e7\u0131kmak istedik. Her ma\u00e7ta gen\u00e7lerimizle tak\u0131m\u0131m\u0131z\u0131n yan\u0131nda olaca\u011f\u0131z. Milli taraftarlar yeti\u015ftiriyoruz\u201d dedi.<\/p>\n<p>Ama\u00e7lar\u0131n\u0131n, \u00e7ocuklarda spor k\u00fclt\u00fcr\u00fcn\u00fc olu\u015fturmak, birlik ve beraberlik i\u00e7erisinde hareket etmek oldu\u011funu belirten Ba\u015fkan Y\u0131lmaz; \u201cBu t\u00fcr projeler gen\u00e7lerimizin sosyal hayata daha fazla kat\u0131lmalar\u0131na da fayda olacakt\u0131r. Sadece ma\u00e7\u0131 kazand\u0131\u011f\u0131nda de\u011fil, kaybetti\u011finde de tak\u0131m\u0131m\u0131z\u0131n yan\u0131nda olmam\u0131z gerekir. Taraftar tak\u0131m\u0131n\u0131n yan\u0131nda oldu\u011funda ba\u015far\u0131 ka\u00e7\u0131n\u0131lmaz olacakt\u0131r\u201d ifadelerinde bulundu.<\/p>\n<p>\u201cBU TAKIM VE BU KENT, S\u00dcPER L\u0130G\u2019E YAKI\u015eIR\u201d<\/p>\n<p>\u201c\u0130\u00e7el \u0130dman Yurdu\u2019na deste\u011fimiz sonuna kadar devam edecek\u201d diyen Ba\u015fkan Y\u0131lmaz; \u201c\u0130\u00e7el \u0130dman Yurdu&#8217;nun en b\u00fcy\u00fck sorunu, tesisle\u015fme ve alt yap\u0131d\u0131r. Kentimizin g\u00fczide tak\u0131m\u0131na bu konuda daha fazla destek olmak amac\u0131yla kollar\u0131 s\u0131vad\u0131k. \u0130\u00e7el \u0130dman Yurdu\u2019na tesis deste\u011fi verdik. Prof. Dr. Aziz Sancar Gen\u00e7lik Merkezimizdeki, yakla\u015f\u0131k 27 bin metrekarelik idari bina ve tesisinin 10 y\u0131l s\u00fcreyle kiraya verilmesi hususunu meclisimizde oy birli\u011fiyle kabul ettik. Mersinimiz, S\u00fcper Lig&#8217;de bir tak\u0131mla temsil edilmeyi hak ediyor. Umar\u0131m en k\u0131sa s\u00fcrede S\u00fcper Lig&#8217;e de \u00e7\u0131kma ba\u015far\u0131s\u0131 g\u00f6steririz. Bu tak\u0131m ve bu kent, S\u00fcper Lig\u2019e yak\u0131\u015f\u0131r\u201d diye konu\u015ftu.<\/p>\n<p>Gen\u00e7ler de Ba\u015fkan Y\u0131lmaz\u2019a te\u015fekk\u00fcr ederek, hayatlar\u0131 boyunca unutamayacaklar\u0131 g\u00fczel bir g\u00fcn ya\u015fad\u0131klar\u0131n\u0131 s\u00f6ylediler.<\/p>\n","protected":false},"excerpt":{"rendered":"<p>Ba\u015fkan Y\u0131lmaz: \u201cKentimizin Tak\u0131m\u0131 \u0130\u00e7el \u0130dman Yurdu\u2019na Gen\u00e7lerimizle Sahip \u00c7\u0131k\u0131yoruz. Toroslar\u0131m\u0131zdan 100 gencimizle her ma\u00e7ta tak\u0131m\u0131m\u0131z\u0131n yan\u0131nday\u0131z\u201d dedi. Mersin Toroslar Belediye Ba\u015fkan\u0131 Ats\u0131z Af\u015f\u0131n Y\u0131lmaz, \u0130\u00e7el \u0130dman Yurdu ile K\u0131r\u0131kkale &hellip; <a href=\"https:\/\/akdenizolaygazetesi.com\/?p=14525\" class=\"more-link\">Devam\u0131n\u0131 Oku&#8230;<\/a><\/p>\n","protected":false},"author":2,"featured_media":14526,"comment_status":"open","ping_status":"open","sticky":false,"template":"","format":"standard","meta":[],"categories":[3,5,10],"tags":[],"_links":{"self":[{"href":"https:\/\/akdenizolaygazetesi.com\/index.php?rest_route=\/wp\/v2\/posts\/14525"}],"collection":[{"href":"https:\/\/akdenizolaygazetesi.com\/index.php?rest_route=\/wp\/v2\/posts"}],"about":[{"href":"https:\/\/akdenizolaygazetesi.com\/index.php?rest_route=\/wp\/v2\/types\/post"}],"author":[{"embeddable":true,"href":"https:\/\/akdenizolaygazetesi.com\/index.php?rest_route=\/wp\/v2\/users\/2"}],"replies":[{"embeddable":true,"href":"https:\/\/akdenizolaygazetesi.com\/index.php?rest_route=%2Fwp%2Fv2%2Fcomments&post=14525"}],"version-history":[{"count":2,"href":"https:\/\/akdenizolaygazetesi.com\/index.php?rest_route=\/wp\/v2\/posts\/14525\/revisions"}],"predecessor-version":[{"id":14528,"href":"https:\/\/akdenizolaygazetesi.com\/index.php?rest_route=\/wp\/v2\/posts\/14525\/revisions\/14528"}],"wp:featuredmedia":[{"embeddable":true,"href":"https:\/\/akdenizolaygazetesi.com\/index.php?rest_route=\/wp\/v2\/media\/14526"}],"wp:attachment":[{"href":"https:\/\/akdenizolaygazetesi.com\/index.php?rest_route=%2Fwp%2Fv2%2Fmedia&parent=14525"}],"wp:term":[{"taxonomy":"category","embeddable":true,"href":"https:\/\/akdenizolaygazetesi.com\/index.php?rest_route=%2Fwp%2Fv2%2Fcategories&post=14525"},{"taxonomy":"post_tag","embeddable":true,"href":"https:\/\/akdenizolaygazetesi.com\/index.php?rest_route=%2Fwp%2Fv2%2Ftags&post=14525"}],"curies":[{"name":"wp","href":"https:\/\/api.w.org\/{rel}","templated":true}]}}