{"id":1453,"date":"2020-11-04T18:22:01","date_gmt":"2020-11-04T15:22:01","guid":{"rendered":"http:\/\/mersinekonomipolitikagazetesi.com\/?p=1453"},"modified":"2020-11-04T18:22:01","modified_gmt":"2020-11-04T15:22:01","slug":"hava-sogudu-fiyat-artti","status":"publish","type":"post","link":"https:\/\/akdenizolaygazetesi.com\/?p=1453","title":{"rendered":"HAVA SO\u011eUDU F\u0130YAT ARTTI!"},"content":{"rendered":"<p>Mersin\u2019de so\u011fuk havalar\u0131n bir anda etkili olmas\u0131 odun ve k\u00f6m\u00fcr fiyatlar\u0131n\u0131 vurdu. Fiyatlar\u0131n bir anda y\u00fckseldi\u011fini g\u00f6ren vatanda\u015flar \u015fa\u015f\u0131rd\u0131.<\/p>\n<p>Do\u011falgaz\u0131n bir\u00e7ok mahalleye gitmemesi sebebiyle Mersinliler odun sobas\u0131 ve elektrikli aletlerle \u0131s\u0131nmaya devam ediyor. Bu y\u0131l so\u011fuk havalar\u0131n bir anda gelmesi ise odun fiyatlar\u0131n\u0131 olumsuz etkiledi. 15 g\u00fcn \u00f6nce tonu 400 lira civar\u0131 olan odun fiyatlar\u0131 bug\u00fcnlerde 500 liraya y\u00fckseldi. Odun almak i\u00e7in odunculara ak\u0131n eden vatanda\u015flar zaml\u0131 fiyatlarla kar\u015f\u0131la\u015f\u0131nca \u015fa\u015f\u0131rd\u0131lar.<\/p>\n<p>\u00a0<\/p>\n<p>K\u00d6M\u00dcR\u00dcN TORBASI 20 L\u0130RA OLDU!<\/p>\n<p>Tek art\u0131\u015f odunda ya\u015fanmad\u0131, k\u00f6m\u00fcr fiyatlar\u0131 da bir anda katland\u0131. Ge\u00e7ti\u011fimiz y\u0131l 14-15 lira civar\u0131nda sat\u0131lan k\u00f6m\u00fcr torbalar\u0131 ise bu sene 20 liraya y\u00fckseldi. Bu fiyatlar\u0131 g\u00f6ren vatanda\u015flar, \u201cFiyatlar bir anda f\u0131rlad\u0131. Bu \u00fcr\u00fcnler ihracat\u0131 olan \u00fcr\u00fcnler de\u011fil, k\u00f6t\u00fc havalardan da etkilenmezler. Fiyatlar nas\u0131l bir anda f\u0131rlad\u0131 bilemiyoruz. Bundan sonra yazdan almal\u0131y\u0131z\u201d diyerek durumda \u015fikayet\u00e7i oldular.<\/p>\n","protected":false},"excerpt":{"rendered":"<p>Mersin\u2019de so\u011fuk havalar\u0131n bir anda etkili olmas\u0131 odun ve k\u00f6m\u00fcr fiyatlar\u0131n\u0131 vurdu. Fiyatlar\u0131n bir anda y\u00fckseldi\u011fini g\u00f6ren vatanda\u015flar \u015fa\u015f\u0131rd\u0131. Do\u011falgaz\u0131n bir\u00e7ok mahalleye gitmemesi sebebiyle Mersinliler odun sobas\u0131 ve elektrikli aletlerle &hellip; <a href=\"https:\/\/akdenizolaygazetesi.com\/?p=1453\" class=\"more-link\">Devam\u0131n\u0131 Oku&#8230;<\/a><\/p>\n","protected":false},"author":1,"featured_media":0,"comment_status":"open","ping_status":"open","sticky":false,"template":"","format":"standard","meta":[],"categories":[],"tags":[],"_links":{"self":[{"href":"https:\/\/akdenizolaygazetesi.com\/index.php?rest_route=\/wp\/v2\/posts\/1453"}],"collection":[{"href":"https:\/\/akdenizolaygazetesi.com\/index.php?rest_route=\/wp\/v2\/posts"}],"about":[{"href":"https:\/\/akdenizolaygazetesi.com\/index.php?rest_route=\/wp\/v2\/types\/post"}],"author":[{"embeddable":true,"href":"https:\/\/akdenizolaygazetesi.com\/index.php?rest_route=\/wp\/v2\/users\/1"}],"replies":[{"embeddable":true,"href":"https:\/\/akdenizolaygazetesi.com\/index.php?rest_route=%2Fwp%2Fv2%2Fcomments&post=1453"}],"version-history":[{"count":0,"href":"https:\/\/akdenizolaygazetesi.com\/index.php?rest_route=\/wp\/v2\/posts\/1453\/revisions"}],"wp:attachment":[{"href":"https:\/\/akdenizolaygazetesi.com\/index.php?rest_route=%2Fwp%2Fv2%2Fmedia&parent=1453"}],"wp:term":[{"taxonomy":"category","embeddable":true,"href":"https:\/\/akdenizolaygazetesi.com\/index.php?rest_route=%2Fwp%2Fv2%2Fcategories&post=1453"},{"taxonomy":"post_tag","embeddable":true,"href":"https:\/\/akdenizolaygazetesi.com\/index.php?rest_route=%2Fwp%2Fv2%2Ftags&post=1453"}],"curies":[{"name":"wp","href":"https:\/\/api.w.org\/{rel}","templated":true}]}}