{"id":14539,"date":"2021-10-06T11:50:31","date_gmt":"2021-10-06T08:50:31","guid":{"rendered":"http:\/\/akdenizolaygazetesi.com\/?p=14539"},"modified":"2021-10-06T11:50:31","modified_gmt":"2021-10-06T08:50:31","slug":"mtosbden-engelli-milli-sporculara-destek","status":"publish","type":"post","link":"https:\/\/akdenizolaygazetesi.com\/?p=14539","title":{"rendered":"MTOSB\u2019den engelli milli sporculara destek"},"content":{"rendered":"<p>MTOSB ve \u00c7UG\u0130DER aras\u0131nda imzalanan protokol ile Milli Engelliler Tenis bran\u015f\u0131nda m\u00fcsabakalara kat\u0131lacak olan Ahmet Kaplan ile O\u011fuz G\u00fcne\u015f\u2019e sponsor olundu.<\/p>\n<p>Mersin Tarsus Organize Sanayi B\u00f6lgesi, \u00c7UG\u0130DER ile imzalad\u0131\u011f\u0131 protokol ile Milli Engelliler Tenis tak\u0131m\u0131nda yer alan sporculara sponsor oldu.<\/p>\n<p>MTOSB Ba\u015fkan\u0131 Sabri Tekli, \u00c7UG\u0130DER Ba\u015fkan\u0131 Sibel Gelbul ve Milli Sporcular Ahmet Kaplan ve O\u011fuz G\u00fcne\u015f\u2019in imzalar\u0131 ile ger\u00e7ekle\u015fen protokol t\u00f6reninde konu\u015fan Ba\u015fkan Tekli, \u2018Hepimiz birer engelli aday\u0131y\u0131z. Bunu akl\u0131m\u0131zdan \u00e7\u0131karmadan ya\u015fam\u0131m\u0131z\u0131 s\u00fcrd\u00fcrmek ve toplumun her alan\u0131nda engelli karde\u015flerimizin hayat\u0131n\u0131 kolayla\u015ft\u0131racak \u015fekilde hareket etmeliyiz. Mersinli sporcular\u0131m\u0131z\u0131n ba\u015far\u0131lar\u0131na bir nebze de olsa katk\u0131 sa\u011flayabilirsek ne mutlu bize\u2019 dedi.<\/p>\n<p>\u00c7UG\u0130DER Ba\u015fkan\u0131 Sibel Gelbul ise, \u2018\u00c7UG\u0130DER olarak, faaliyet program\u0131m\u0131zda yer alan Milli Engelliler Tenis bran\u015f\u0131nda iki sporcumuzun kat\u0131lacaklar\u0131 yurt i\u00e7i uluslararas\u0131 d\u00fczeyde yar\u0131\u015fma sponsorlu\u011funu Organize Sanayi B\u00f6lgesi Ba\u015fkan\u0131 Sabri Tekli ile ger\u00e7ekle\u015ftirdik. Spor engelli bireyler i\u00e7in ya\u015fama tutunma arac\u0131d\u0131r. Bu konuda rol model olan Milli turnuva sporcular\u0131 Ahmet Kaplan ile O\u011fuz G\u00fcne\u015f\u2019in umutlar\u0131 olan Sabri Tekli ba\u015fkan\u0131m\u0131z ve y\u00f6netim kuruluna te\u015fekk\u00fcr ediyoruz. Derne\u011fimizin d\u00f6nem projelerinden ilkini ger\u00e7ekle\u015ftirmemizde katk\u0131 sundular. Ahmet ve O\u011fuz t\u00fcm ilham kaynaklar\u0131n\u0131 oynad\u0131klar\u0131 tenisten al\u0131yorlar. Uluslararas\u0131 turnuvalarda \u015fampiyonluklar\u0131, T\u00fcrk sporcu olarak yakalamak i\u00e7in haz\u0131rl\u0131klar\u0131n\u0131 s\u00fcrd\u00fcrmek ad\u0131na T\u00fcrkiye\u2019de bir\u00e7ok turnuvalara kat\u0131lmak zorundalar. Bu ba\u011flamda Mersin\u2019de yerel y\u00f6netimlerin, i\u015f insanlar\u0131n\u0131n ve STK\u2019lar\u0131n da duyarl\u0131 olmalar\u0131n\u0131 ve destek olmalar\u0131n\u0131 bekliyoruz\u2019 dedi. <\/p>\n","protected":false},"excerpt":{"rendered":"<p>MTOSB ve \u00c7UG\u0130DER aras\u0131nda imzalanan protokol ile Milli Engelliler Tenis bran\u015f\u0131nda m\u00fcsabakalara kat\u0131lacak olan Ahmet Kaplan ile O\u011fuz G\u00fcne\u015f\u2019e sponsor olundu. Mersin Tarsus Organize Sanayi B\u00f6lgesi, \u00c7UG\u0130DER ile imzalad\u0131\u011f\u0131 protokol &hellip; <a href=\"https:\/\/akdenizolaygazetesi.com\/?p=14539\" class=\"more-link\">Devam\u0131n\u0131 Oku&#8230;<\/a><\/p>\n","protected":false},"author":2,"featured_media":14540,"comment_status":"open","ping_status":"open","sticky":false,"template":"","format":"standard","meta":[],"categories":[3,10],"tags":[],"_links":{"self":[{"href":"https:\/\/akdenizolaygazetesi.com\/index.php?rest_route=\/wp\/v2\/posts\/14539"}],"collection":[{"href":"https:\/\/akdenizolaygazetesi.com\/index.php?rest_route=\/wp\/v2\/posts"}],"about":[{"href":"https:\/\/akdenizolaygazetesi.com\/index.php?rest_route=\/wp\/v2\/types\/post"}],"author":[{"embeddable":true,"href":"https:\/\/akdenizolaygazetesi.com\/index.php?rest_route=\/wp\/v2\/users\/2"}],"replies":[{"embeddable":true,"href":"https:\/\/akdenizolaygazetesi.com\/index.php?rest_route=%2Fwp%2Fv2%2Fcomments&post=14539"}],"version-history":[{"count":1,"href":"https:\/\/akdenizolaygazetesi.com\/index.php?rest_route=\/wp\/v2\/posts\/14539\/revisions"}],"predecessor-version":[{"id":14541,"href":"https:\/\/akdenizolaygazetesi.com\/index.php?rest_route=\/wp\/v2\/posts\/14539\/revisions\/14541"}],"wp:featuredmedia":[{"embeddable":true,"href":"https:\/\/akdenizolaygazetesi.com\/index.php?rest_route=\/wp\/v2\/media\/14540"}],"wp:attachment":[{"href":"https:\/\/akdenizolaygazetesi.com\/index.php?rest_route=%2Fwp%2Fv2%2Fmedia&parent=14539"}],"wp:term":[{"taxonomy":"category","embeddable":true,"href":"https:\/\/akdenizolaygazetesi.com\/index.php?rest_route=%2Fwp%2Fv2%2Fcategories&post=14539"},{"taxonomy":"post_tag","embeddable":true,"href":"https:\/\/akdenizolaygazetesi.com\/index.php?rest_route=%2Fwp%2Fv2%2Ftags&post=14539"}],"curies":[{"name":"wp","href":"https:\/\/api.w.org\/{rel}","templated":true}]}}