{"id":1454,"date":"2020-11-04T18:22:01","date_gmt":"2020-11-04T15:22:01","guid":{"rendered":"http:\/\/mersinekonomipolitikagazetesi.com\/?p=1454"},"modified":"2020-11-04T18:22:01","modified_gmt":"2020-11-04T15:22:01","slug":"anamurda-cilek-ureticileri-tarimsal-kalkinma-kooperatifi-kuruldu","status":"publish","type":"post","link":"https:\/\/akdenizolaygazetesi.com\/?p=1454","title":{"rendered":"Anamur&#8217;da \u00c7ilek \u00dcreticileri Tar\u0131msal Kalk\u0131nma Kooperatifi kuruldu"},"content":{"rendered":"<p>Mersin&#8217;in Anamur il\u00e7esinde \u00e7ilek \u00fcreticilerinin sorunlar\u0131na \u00e7\u00f6z\u00fcm bulabilmek amac\u0131yla \u00c7ilek \u00dcreticileri Tar\u0131msal Kalk\u0131nma Kooperatifi kuruldu.<\/p>\n<p><span style=\"color: rgb(0, 0, 0); font-family: Tahoma, Arial, &quot;Times New Roman TUR&quot;, Verdana; font-size: 15px;\">Kooperatif kurucu ba\u015fkan ve y\u00f6netim kurulu \u00fcyeleri bas\u0131n mensuplar\u0131yla kahvalt\u0131da bulu\u015farak derne\u011fin yapaca\u011f\u0131 faaliyetleri bas\u0131na tan\u0131tt\u0131.<\/span><br style=\"color: rgb(0, 0, 0); font-family: Tahoma, Arial, &quot;Times New Roman TUR&quot;, Verdana; font-size: 15px;\" \/><br \/>\n<span style=\"color: rgb(0, 0, 0); font-family: Tahoma, Arial, &quot;Times New Roman TUR&quot;, Verdana; font-size: 15px;\">Kooperatif Ba\u015fkan\u0131 Mehmet Sar\u0131, Anamur\u2019un \u00e7ilek \u00fcretiminde bir milat ya\u015fanaca\u011f\u0131n\u0131 belirterek, \u201cBu kooperatifin kurulmas\u0131yla \u00e7ilek \u00fcretiminde, paketlemede, pazarlamada kalite art\u0131r\u0131lacak. \u00dcreticinin bilin\u00e7lendirilece\u011fini ve bilgilendirilece\u011fini, en \u00f6nemlisi de \u00fcreticinin \u00fcr\u00fcn\u00fcn\u00fc hak etti\u011fi fiyata sataca\u011f\u0131n\u0131, t\u00fcketicinin de ald\u0131\u011f\u0131 \u00fcr\u00fcn\u00fc g\u00f6n\u00fcl rahatl\u0131\u011f\u0131yla ve \u00f6nceki sistemden daha ucuza daha kaliteli \u015fekilde almas\u0131 i\u00e7in \u00e7al\u0131\u015fmalar yapmay\u0131 hedefliyoruz\u201d dedi.<\/span><br style=\"color: rgb(0, 0, 0); font-family: Tahoma, Arial, &quot;Times New Roman TUR&quot;, Verdana; font-size: 15px;\" \/><br \/>\n<span style=\"color: rgb(0, 0, 0); font-family: Tahoma, Arial, &quot;Times New Roman TUR&quot;, Verdana; font-size: 15px;\">Ba\u015fkan Sar\u0131, kooperatifle\u015fme sonunda \u00e7ilek \u00fcreticilerinin dayan\u0131\u015fma i\u00e7inde olaca\u011f\u0131n\u0131 ifade ederek, \u201cGe\u00e7ti\u011fimiz y\u0131llarda \u00e7evre il\u00e7elerde \u00e7ilek 8-10 liraya sat\u0131l\u0131rken Anamur&#8217;lu \u00fcretici \u00e7ile\u011fini 4-5 liraya zor satabiliyordu. Art\u0131k \u00e7ilek \u00fcreticileri g\u00fc\u00e7leniyor. \u00dcreticilerimizi kooperatifimize bekliyoruz, bir \u00e7ay\u0131m\u0131z\u0131 i\u00e7meye davet ediyoruz. En \u00f6nemlisi ise g\u00fcc\u00fcm\u00fcze g\u00fc\u00e7 katmalar\u0131 i\u00e7in Anamur \u00c7ilek \u00dcreticileri Tar\u0131msal Kalk\u0131nma Kooperatifimize \u00fcye olmalar\u0131 i\u00e7in davet ediyoruz\u201d diye konu\u015ftu.<\/span><br style=\"color: rgb(0, 0, 0); font-family: Tahoma, Arial, &quot;Times New Roman TUR&quot;, Verdana; font-size: 15px;\" \/><br \/>\n<span style=\"color: rgb(0, 0, 0); font-family: Tahoma, Arial, &quot;Times New Roman TUR&quot;, Verdana; font-size: 15px;\">Anamur \u00c7ilek \u00dcreticileri Kalk\u0131nma Kooperatifi Y\u00f6netimi \u015fu isimlerden olu\u015ftu:<\/span><br style=\"color: rgb(0, 0, 0); font-family: Tahoma, Arial, &quot;Times New Roman TUR&quot;, Verdana; font-size: 15px;\" \/><br \/>\n<span style=\"color: rgb(0, 0, 0); font-family: Tahoma, Arial, &quot;Times New Roman TUR&quot;, Verdana; font-size: 15px;\">\u201cBa\u015fkan Mehmet Sar\u0131, Ba\u015fkan Yard\u0131mc\u0131s\u0131 Ali Oktan, Ba\u015fkan Yard\u0131mc\u0131s\u0131 Ali Ufuk Y\u0131lmaz, Denetmen Talat Y\u0131lmaz, Y\u00f6netim Kurulu \u00dcyesi Atilla Yal\u00e7\u0131n, \u00fcye Mustafa G\u00fcrb\u00fcz, \u00fcye Nebi Demir.\u201d\u00a0<\/span><\/p>\n","protected":false},"excerpt":{"rendered":"<p>Mersin&#8217;in Anamur il\u00e7esinde \u00e7ilek \u00fcreticilerinin sorunlar\u0131na \u00e7\u00f6z\u00fcm bulabilmek amac\u0131yla \u00c7ilek \u00dcreticileri Tar\u0131msal Kalk\u0131nma Kooperatifi kuruldu. Kooperatif kurucu ba\u015fkan ve y\u00f6netim kurulu \u00fcyeleri bas\u0131n mensuplar\u0131yla kahvalt\u0131da bulu\u015farak derne\u011fin yapaca\u011f\u0131 faaliyetleri bas\u0131na &hellip; <a href=\"https:\/\/akdenizolaygazetesi.com\/?p=1454\" class=\"more-link\">Devam\u0131n\u0131 Oku&#8230;<\/a><\/p>\n","protected":false},"author":1,"featured_media":0,"comment_status":"open","ping_status":"open","sticky":false,"template":"","format":"standard","meta":[],"categories":[],"tags":[],"_links":{"self":[{"href":"https:\/\/akdenizolaygazetesi.com\/index.php?rest_route=\/wp\/v2\/posts\/1454"}],"collection":[{"href":"https:\/\/akdenizolaygazetesi.com\/index.php?rest_route=\/wp\/v2\/posts"}],"about":[{"href":"https:\/\/akdenizolaygazetesi.com\/index.php?rest_route=\/wp\/v2\/types\/post"}],"author":[{"embeddable":true,"href":"https:\/\/akdenizolaygazetesi.com\/index.php?rest_route=\/wp\/v2\/users\/1"}],"replies":[{"embeddable":true,"href":"https:\/\/akdenizolaygazetesi.com\/index.php?rest_route=%2Fwp%2Fv2%2Fcomments&post=1454"}],"version-history":[{"count":0,"href":"https:\/\/akdenizolaygazetesi.com\/index.php?rest_route=\/wp\/v2\/posts\/1454\/revisions"}],"wp:attachment":[{"href":"https:\/\/akdenizolaygazetesi.com\/index.php?rest_route=%2Fwp%2Fv2%2Fmedia&parent=1454"}],"wp:term":[{"taxonomy":"category","embeddable":true,"href":"https:\/\/akdenizolaygazetesi.com\/index.php?rest_route=%2Fwp%2Fv2%2Fcategories&post=1454"},{"taxonomy":"post_tag","embeddable":true,"href":"https:\/\/akdenizolaygazetesi.com\/index.php?rest_route=%2Fwp%2Fv2%2Ftags&post=1454"}],"curies":[{"name":"wp","href":"https:\/\/api.w.org\/{rel}","templated":true}]}}