{"id":14542,"date":"2021-10-06T11:53:09","date_gmt":"2021-10-06T08:53:09","guid":{"rendered":"http:\/\/akdenizolaygazetesi.com\/?p=14542"},"modified":"2021-10-06T11:53:09","modified_gmt":"2021-10-06T08:53:09","slug":"kondi-camilerimizin-amaci-herkesi-kardesce-bir-araya-getirmek","status":"publish","type":"post","link":"https:\/\/akdenizolaygazetesi.com\/?p=14542","title":{"rendered":"Kondi; \u201cCamilerimizin amac\u0131 herkesi karde\u015f\u00e7e bir araya getirmek\u201d"},"content":{"rendered":"<p>Akdeniz Belediye Ba\u015fkan\u0131 M. Mustafa G\u00fcltak, \u201cCamiler ve Din G\u00f6revlileri Haftas\u0131\u201d dolay\u0131s\u0131yla Mersin \u0130l M\u00fcft\u00fcs\u00fc Dr. \u015eaban Kondi ile Akdeniz \u0130l\u00e7e M\u00fcft\u00fcs\u00fc \u0130brahim Yavuz\u2019u makamlar\u0131nda ziyaret etti.<br \/>\nBa\u015fkan G\u00fcltak, ziyaretlerine ili\u015fkin yapt\u0131\u011f\u0131 a\u00e7\u0131klamada; \u201cHaftam\u0131z dolay\u0131s\u0131yla camilerimiz ve din g\u00f6revlilerimiz ile ilgili bir tak\u0131m konularda de\u011ferlendirme ve isti\u015farelerde de bulunaca\u011f\u0131z. Tabi din g\u00f6revlilerimiz ger\u00e7ekten \u00e7ok k\u0131ymetli, ulvi bir g\u00f6revi ifa ediyorlar. Bu nedenle de\u011ferli cami ve din g\u00f6revlilerimizin bu \u00f6zel haftas\u0131n\u0131 g\u00f6n\u00fclden kutluyor, kendilerine sevgi ve sayg\u0131lar\u0131m\u0131 sunuyorum\u201d dedi.<br \/>\nG\u00fcltak; \u201c\u0130badethanelerimizin s\u0131k\u0131nt\u0131lar\u0131n\u0131 \u00e7\u00f6zmek i\u00e7in \u00e7al\u0131\u015f\u0131yoruz\u201d<br \/>\nKonu\u015fmas\u0131nda; camiler ve din g\u00f6revlilerinin ta\u015f\u0131d\u0131\u011f\u0131 misyonun \u00f6nemine dikkat \u00e7eken Ba\u015fkan G\u00fcltak, ibadethanelerin toplumsal \u00f6nemine de de\u011finerek; \u201cAkdeniz Belediyesi olarak, camilerimiz ve di\u011fer ibadethanelerimizin eksikliklerinin yan\u0131 s\u0131ra, de\u011ferli hocalar\u0131m\u0131z\u0131n talep ve s\u0131k\u0131nt\u0131lar\u0131 noktas\u0131nda en k\u0131sa s\u00fcrede m\u00fcdahale ediyoruz. Camiler veya Kur&#8217;an kurslar\u0131 ile ilgili her t\u00fcrl\u00fc talep ve s\u0131k\u0131nt\u0131lar\u0131 \u00e7\u00f6zmek i\u00e7in aral\u0131ks\u0131z \u00e7al\u0131\u015f\u0131yoruz\u201d diye konu\u015ftu.<br \/>\nKondi; \u201cCamilerimizin amac\u0131 herkesi karde\u015f\u00e7e bir araya getirmek\u201d<br \/>\nZiyareti nedeniyle Ba\u015fkan G\u00fcltak\u2019a te\u015fekk\u00fcr eden Mersin \u0130l M\u00fcft\u00fcs\u00fc Dr. \u015eaban Kondi ise, \u201cAmac\u0131m\u0131z Mescid-i Nebevi ruhunu, caminin birle\u015ftirici, karde\u015fle\u015ftirici, huzur ve bar\u0131\u015f ruhunu topluma anlatmak, bu huzur ve bar\u0131\u015f\u0131 sa\u011flamakt\u0131r. Camilerimizin de as\u0131l amac\u0131 \u0131rk, dil, renk ay\u0131r\u0131m\u0131 g\u00f6zetmeksizin herkesi karde\u015f ve e\u015fit olarak bir araya getirmektir\u201d dedi.<br \/>\nHafta kapsam\u0131nda bu y\u0131l\u0131n temas\u0131n\u0131n \u2018Vefa\u2019 oldu\u011funu da kaydeden Dr. Kondi; \u201cB\u00fcy\u00fcklerimize, devletimize, milletimize, bayra\u011f\u0131m\u0131za, ezan\u0131m\u0131za ve kutsal de\u011ferlerimize kar\u015f\u0131 bir vefa borcumuz var. Nedir bu vefa borcumuz? Birli\u011fimizi, karde\u015fli\u011fimizi, huzur ve bar\u0131\u015f\u0131m\u0131z\u0131 sa\u011flamak; toplumda karde\u015f\u00e7e ya\u015fama k\u00fclt\u00fcr\u00fcm\u00fcz\u00fc geli\u015ftirmektir. Bizler de Mersin\u2019de 2 bin 300 personelimizle birlikte toplumumuzun her kesiminden insana do\u011fru bilgiyi aktararak, sahih dini bilgilerle ayd\u0131nlatmak, karde\u015fli\u011fi, birli\u011fi, huzur ve bar\u0131\u015f\u0131 sa\u011flamak amac\u0131n\u0131 g\u00fcd\u00fcyoruz. Bunun i\u00e7in fedak\u00e2rca \u00e7al\u0131\u015fan cami g\u00f6revlilerimize, g\u00f6n\u00fcll\u00fclerimize ve hay\u0131rseverlere can\u0131 g\u00f6n\u00fclden te\u015fekk\u00fcr ediyorum\u201d \u015feklinde konu\u015ftu. <\/p>\n","protected":false},"excerpt":{"rendered":"<p>Akdeniz Belediye Ba\u015fkan\u0131 M. Mustafa G\u00fcltak, \u201cCamiler ve Din G\u00f6revlileri Haftas\u0131\u201d dolay\u0131s\u0131yla Mersin \u0130l M\u00fcft\u00fcs\u00fc Dr. \u015eaban Kondi ile Akdeniz \u0130l\u00e7e M\u00fcft\u00fcs\u00fc \u0130brahim Yavuz\u2019u makamlar\u0131nda ziyaret etti. Ba\u015fkan G\u00fcltak, ziyaretlerine &hellip; <a href=\"https:\/\/akdenizolaygazetesi.com\/?p=14542\" class=\"more-link\">Devam\u0131n\u0131 Oku&#8230;<\/a><\/p>\n","protected":false},"author":2,"featured_media":14543,"comment_status":"open","ping_status":"open","sticky":false,"template":"","format":"standard","meta":[],"categories":[3,5],"tags":[],"_links":{"self":[{"href":"https:\/\/akdenizolaygazetesi.com\/index.php?rest_route=\/wp\/v2\/posts\/14542"}],"collection":[{"href":"https:\/\/akdenizolaygazetesi.com\/index.php?rest_route=\/wp\/v2\/posts"}],"about":[{"href":"https:\/\/akdenizolaygazetesi.com\/index.php?rest_route=\/wp\/v2\/types\/post"}],"author":[{"embeddable":true,"href":"https:\/\/akdenizolaygazetesi.com\/index.php?rest_route=\/wp\/v2\/users\/2"}],"replies":[{"embeddable":true,"href":"https:\/\/akdenizolaygazetesi.com\/index.php?rest_route=%2Fwp%2Fv2%2Fcomments&post=14542"}],"version-history":[{"count":1,"href":"https:\/\/akdenizolaygazetesi.com\/index.php?rest_route=\/wp\/v2\/posts\/14542\/revisions"}],"predecessor-version":[{"id":14544,"href":"https:\/\/akdenizolaygazetesi.com\/index.php?rest_route=\/wp\/v2\/posts\/14542\/revisions\/14544"}],"wp:featuredmedia":[{"embeddable":true,"href":"https:\/\/akdenizolaygazetesi.com\/index.php?rest_route=\/wp\/v2\/media\/14543"}],"wp:attachment":[{"href":"https:\/\/akdenizolaygazetesi.com\/index.php?rest_route=%2Fwp%2Fv2%2Fmedia&parent=14542"}],"wp:term":[{"taxonomy":"category","embeddable":true,"href":"https:\/\/akdenizolaygazetesi.com\/index.php?rest_route=%2Fwp%2Fv2%2Fcategories&post=14542"},{"taxonomy":"post_tag","embeddable":true,"href":"https:\/\/akdenizolaygazetesi.com\/index.php?rest_route=%2Fwp%2Fv2%2Ftags&post=14542"}],"curies":[{"name":"wp","href":"https:\/\/api.w.org\/{rel}","templated":true}]}}