{"id":14549,"date":"2021-10-06T16:46:23","date_gmt":"2021-10-06T13:46:23","guid":{"rendered":"http:\/\/akdenizolaygazetesi.com\/?p=14549"},"modified":"2021-10-06T16:46:23","modified_gmt":"2021-10-06T13:46:23","slug":"kilicdaroglundan-sektor-temsilcilerine-ben-sizin-oyunuza-degil-dertlerinize-ve-sorunlariniza-talibim","status":"publish","type":"post","link":"https:\/\/akdenizolaygazetesi.com\/?p=14549","title":{"rendered":"KILI\u00c7DARO\u011eLU\u2019NDAN SEKT\u00d6R TEMS\u0130LC\u0130LER\u0130NE: \u201cBEN S\u0130Z\u0130N OYUNUZA DE\u011e\u0130L, DERTLER\u0130N\u0130ZE VE SORUNLARINIZA TAL\u0130B\u0130M\u201d"},"content":{"rendered":"<p>Nakliye ve lojistik sekt\u00f6r\u00fcn\u00fcn temsilcileri, Mersin\u2019de ger\u00e7ekle\u015ftirilen B\u00fcy\u00fck Nakliyeci Bulu\u015fmas\u0131\u2019nda bir araya geldi. CHP Genel Ba\u015fkan\u0131 Kemal K\u0131l\u0131\u00e7daro\u011flu, sekt\u00f6r\u00fcn T\u00fcrkiye i\u00e7in \u00e7ok b\u00fcy\u00fck potansiyele sahip oldu\u011funu, gerekli ko\u015fullar\u0131n sa\u011flanmas\u0131 durumunda T\u00fcrkiye\u2019yi d\u00f6vize bo\u011faca\u011f\u0131n\u0131 belirterek, sekt\u00f6r temsilcilerine \u201cSak\u0131n moralinizi bozmay\u0131n. T\u00fcrkiye\u2019nin \u00e7\u00f6z\u00fclemeyecek hi\u00e7bir sorunu yoktur. Tereya\u011f\u0131ndan k\u0131l \u00e7eker gibi b\u00fct\u00fcn bu sorunlar\u0131 \u00e7\u00f6zece\u011fiz, hepsini \u00e7\u00f6zece\u011fim. G\u00fcvenin, biz size g\u00fcveniyoruz \u00e7\u00fcnk\u00fc\u201d diye seslendi.<br \/>\nCHP Lideri K\u0131l\u0131\u00e7daro\u011flu\u2019nun \u00f6nc\u00fcl\u00fc\u011f\u00fcnde Mersin B\u00fcy\u00fck\u015fehir Belediyesi T\u0131r Garaj\u0131\u2019nda d\u00fczenlenen B\u00fcy\u00fck Nakliyeci Bulu\u015fmas\u0131\u2019na, CHP Genel Ba\u015fkan Yard\u0131mc\u0131lar\u0131, Genel Merkez y\u00f6neticileri, Parti Meclisi \u00fcyeleri, milletvekilleri, Mersin B\u00fcy\u00fck\u015fehir Belediye Ba\u015fkan\u0131 Vahap Se\u00e7er, Adana B\u00fcy\u00fck\u015fehir Belediye Ba\u015fkan\u0131 Zeydan Karalar, siyasi partilerin il ve il\u00e7e \u00f6rg\u00fctleri, sivil toplum kurulu\u015flar\u0131 ve sekt\u00f6r temsilcileri kat\u0131ld\u0131.<br \/>\nCHP Lideri K\u0131l\u0131\u00e7daro\u011flu, konu\u015fmas\u0131na ba\u015flarken sekt\u00f6r temsilcilerini \u201cDireksiyon ba\u015f\u0131nda al\u0131n teri d\u00f6ken de\u011ferli arkada\u015flar\u0131m\u201d s\u00f6zleriyle selamlad\u0131. Sekt\u00f6r temsilcilerinin T\u00fcrkiye\u2019nin y\u00fck\u00fcn\u00fc \u00e7ekti\u011fini, Mersin\u2019de 27 y\u0131ld\u0131r \u00e7\u00f6z\u00fclemeyen bir site sorununun bulundu\u011funu ifade eden K\u0131l\u0131\u00e7daro\u011flu, \u201c\u015eimdi onu B\u00fcy\u00fck\u015fehir Belediye Ba\u015fkan\u0131m\u0131z \u00e7\u00f6zecek in\u015fallah. Arkas\u0131ndan da \u2018bir lojistik k\u00f6ye ihtiyac\u0131m\u0131z var\u2019 dediniz. Evet, \u00f6yle. Burada lojistik k\u00f6y\u00fc kuracaksak, lojistik k\u00f6y\u00fcn kurulmas\u0131ndan \u00f6t\u00fcr\u00fc ortaya bir rant \u00e7\u0131kacak. O rant\u0131n sahibi o k\u00f6y\u00fc kullananlard\u0131r. Onlara hak\u00e7a b\u00f6l\u00fc\u015ft\u00fcrd\u00fc\u011f\u00fcn\u00fcz zaman kimse a\u00e7, a\u00e7\u0131kta kalmaz. Herkes hayat\u0131ndan memnun olur. Al\u0131n teri d\u00f6ker, kazan\u0131r ve huzur i\u00e7inde ya\u015far. Onlar huzur i\u00e7inde ya\u015fad\u0131k\u00e7a biz de huzur i\u00e7inde ya\u015far\u0131z\u201d dedi.<br \/>\n\u201cMersin, sadece T\u00fcrkiye\u2019nin de\u011fil, d\u00fcnyan\u0131n \u00e7ok \u00f6nemli bir merkezi haline gelecek\u201d<br \/>\nMersin\u2019in sekt\u00f6r a\u00e7\u0131s\u0131ndan \u00f6nemli bir kent oldu\u011funu vurgulayan K\u0131l\u0131\u00e7daro\u011flu, \u015f\u00f6yle devam etti:<br \/>\n\u201cMersin, sadece bu b\u00f6lgenin de\u011fil, sadece T\u00fcrkiye\u2019nin de\u011fil, sadece Avrupa\u2019n\u0131n de\u011fil, d\u00fcnyan\u0131n \u00e7ok \u00f6nemli bir merkezi haline gelecek, g\u00f6receksiniz. Allah nasip eder iktidar olursak, g\u00f6receksiniz en \u00f6nemli merkez haline en ge\u00e7 8, 9 y\u0131l i\u00e7inde gelecek. B\u00f6ylece bu b\u00f6lge, sadece T\u00fcrkiye\u2019ye ve Akdeniz \u00fclkelerine hizmet veren bir b\u00f6lge de\u011fil, bu b\u00f6lge d\u00fcnyaya, \u00f6zellikle Avrupa ve Amerika\u2019ya en b\u00fcy\u00fck hizmeti g\u00f6t\u00fcrecek olan b\u00f6lge olacak. Bizim Merkez T\u00fcrkiye Projesi\u2019nin ana unsuru bu. Burada sadece nakliye olmayacak onu da s\u00f6yleyeyim. Biz ayn\u0131 zamanda Hakkari\u2019deki \u00e7inko madenini bu b\u00f6lgede kuraca\u011f\u0131m\u0131z maden rafinerisinde i\u015fleyece\u011fiz. O maden rafinerisinde madeni \u00e7ok ucuz bedelle d\u0131\u015far\u0131ya ihra\u00e7 ediyoruz. Burada i\u015fledi\u011fimiz zaman en az 50, 100 kat fazlas\u0131yla ihra\u00e7 edece\u011fiz. Herkes kazanacak, b\u00f6lgeyi d\u00fc\u015f\u00fcnd\u00fc\u011f\u00fcn\u00fczden daha fazla b\u00fcy\u00fctece\u011fiz. \u0130stanbul\u2019un n\u00fcfusu azalacak ama buras\u0131 \u0130stanbul\u2019dan sonra en b\u00fcy\u00fck kent olacak. Akdeniz\u2019in en b\u00fcy\u00fck havzas\u0131 olacak. Bu kadar b\u00fcy\u00fck bir imkan\u0131 bug\u00fcne kadar kullanmad\u0131 kimse. Biz kullanaca\u011f\u0131z, yapaca\u011f\u0131z. Herkes kazanacak bu b\u00f6lgede. Ger\u00e7ekten ki\u015fi ba\u015f\u0131na gelir \u00e7ok k\u0131sa s\u00fcre i\u00e7inde 20 bin, 25 bin dolara \u00e7\u0131kacak. Katma de\u011feri y\u00fcksek \u00fcr\u00fcn \u00fcretece\u011fiz bu b\u00f6lgede. B\u00f6lgede g\u00f6receksiniz arka arkaya otomobil fabrikalar\u0131 kurulacak \u00e7\u00fcnk\u00fc en rahat buradan ihracatlar\u0131n\u0131 yapacaklar. Bu nimetin bug\u00fcne kadar kullan\u0131lmad\u0131\u011f\u0131n\u0131 d\u00fc\u015f\u00fcnmek bile beni \u00fcrk\u00fct\u00fcyor. Neden kullan\u0131lmad\u0131? Neden bu imkan sa\u011flanmad\u0131? Bunlar\u0131n sa\u011flanmas\u0131 laz\u0131m.\u201d<br \/>\n670 bini a\u015fk\u0131n nakliyeci sahipsiz kald\u0131<br \/>\nGenel Ba\u015fkan K\u0131l\u0131\u00e7daro\u011flu, sekt\u00f6rdeki 670 bini a\u015fan nakliyecinin sahipsiz kald\u0131\u011f\u0131n\u0131 vurgulayarak, \u201cSahipsiz bir sekt\u00f6r. Ko\u015fars\u0131n\u0131z, \u2018acaba bir bakan\u0131, acaba Ba\u015fbakan\u0131 ya da Cumhurba\u015fkan\u0131\u2019n\u0131 bulup derdimizi anlatabilir miyiz\u2019 diye. 670 bin ki\u015filik bir kitle olacak, bu kitle al\u0131n teri d\u00f6kecek direksiyon ba\u015f\u0131nda. G\u00fcn\u00fcn gerekirse 24 saati \u00e7al\u0131\u015facak ama sahibiniz yok. Derdinizi anlatacak yer yok. Bir s\u00fcr\u00fc bakanl\u0131k var. Ne yap\u0131yor bu bakanl\u0131klar? Sizin ekonomiye katk\u0131n\u0131z en az 25 milyar dolar. 25 milyar dolarl\u0131k bir katk\u0131n\u0131z var sizin ekonomiye. Belki siz fark\u0131nda de\u011filsiniz ama biz bunlar\u0131n hepsini g\u00f6r\u00fcyoruz. 25 milyar dolarl\u0131k bir katk\u0131 yap\u0131yorsan\u0131z bu katk\u0131y\u0131 k\u0131sa s\u00fcrede 50 milyar dolara, 100 milyar dolara \u00e7\u0131karmak m\u00fcmk\u00fcn\u201d dedi.<br \/>\n\u201cNakliye sekt\u00f6r\u00fcn\u00fc toparlayacak bir \u00e7at\u0131 \u00f6rg\u00fct\u00fcne ihtiyac\u0131n\u0131z var\u201d<br \/>\nT\u00fcrkiye\u2019nin nakliye sekt\u00f6r\u00fc a\u00e7\u0131s\u0131ndan ola\u011fan\u00fcst\u00fc bir co\u011frafyaya sahip oldu\u011funu ifade eden K\u0131l\u0131\u00e7daro\u011flu, bu avantaj\u0131n iyi de\u011ferlendirilmesi gerekti\u011fini s\u00f6yledi. K\u0131l\u0131\u00e7daro\u011flu, sekt\u00f6r temsilcilerinin t\u00fcm\u00fcn\u00fcn dertlerini dinlemek i\u00e7in toplant\u0131y\u0131 Mersin\u2019de d\u00fczenlediklerini anlatt\u0131. K\u0131l\u0131\u00e7daro\u011flu, nakliye sekt\u00f6r\u00fcn\u00fcn 50\u2019den fazla derne\u011finin oldu\u011funu an\u0131msatarak, \u201cB\u00fct\u00fcn nakliye sekt\u00f6r\u00fcn\u00fc toparlayacak bir \u00e7at\u0131 \u00f6rg\u00fct\u00fcne ihtiyac\u0131n\u0131z var. O zaman sizin sesiniz \u00e7ok daha g\u00fcr \u00e7\u0131kar, o zaman her siyaset\u00e7i mutlaka gelir sizi dinlemek zorunda kal\u0131r. Bu \u00e7at\u0131 \u00f6rg\u00fct\u00fcn\u00fc sa\u011flay\u0131n. Mesela uluslararas\u0131 nakliyeciler var. Kendilerine g\u00f6re bir \u00e7at\u0131 \u00f6rg\u00fct\u00fc olu\u015fturmu\u015flar. Onun da \u00fcst\u00fcnde, onun da dahil olaca\u011f\u0131 g\u00fc\u00e7l\u00fc bir \u00e7at\u0131 \u00f6rg\u00fct\u00fc gerekiyor\u201d diye konu\u015ftu.<br \/>\n\u201cBu sekt\u00f6r\u00fcn Avrupa\u2019daki sekt\u00f6rle rekabet etmesi laz\u0131m\u201d<br \/>\nK\u0131l\u0131\u00e7daro\u011flu, nakliye sekt\u00f6r\u00fcn\u00fcn sa\u011fl\u0131kl\u0131 bir rekabet zincirine sahip olmas\u0131 gerekti\u011finin alt\u0131n\u0131 \u00e7izerek, \u015funlar\u0131 s\u00f6yledi:<br \/>\n\u201cSizin bir sa\u011fl\u0131kl\u0131 \u00e7al\u0131\u015fma iklimine ihtiyac\u0131n\u0131z var. Bunu da sa\u011flamam\u0131z laz\u0131m. Ara\u00e7 muayene \u00fccretleri oluyor. Rakamlar a\u00e7\u0131klan\u0131yor, hep beraber \u015fikayet ediyorsunuz ama sonunda g\u00f6t\u00fcr\u00fcp paray\u0131 \u00f6d\u00fcyorsunuz, paray\u0131 \u00f6dedikten sonra \u015fikayetler bitiyor. Ba\u015fka bir sorun \u00e7\u0131k\u0131yor, ondan \u015fikayet etmeye ba\u015fl\u0131yorsunuz. O nedenle biz bunu \u00e7\u00f6zece\u011fiz. Bu sekt\u00f6r\u00fcn Avrupa\u2019daki sekt\u00f6rle rekabet etmesi laz\u0131m. Avrupa\u2019daki ta\u015f\u0131mac\u0131l\u0131k yapanlara her t\u00fcrl\u00fc imkan sa\u011flan\u0131yor ama biz size sa\u011flayam\u0131yoruz, sa\u011flayamad\u0131\u011f\u0131m\u0131z i\u00e7indir ki sorun \u00e7\u0131k\u0131yor. Rekabet etmekte zorlan\u0131yorsunuz. Bu rekabetin sa\u011flanmas\u0131 laz\u0131m. Bunlardan birisi; hurda deste\u011fidir. 20 y\u0131l arac\u0131 kulland\u0131n\u0131z, sat\u0131p yeni bir ara\u00e7 alacaks\u0131n\u0131z. Size hurda deste\u011fi verilmesi laz\u0131m, arac\u0131n\u0131z\u0131 daha rahat yenileyin diye. K1 Belgesi al\u0131yorsunuz, bir s\u00fcr\u00fc para \u00f6deyerek. Yolcu ta\u015f\u0131mac\u0131l\u0131\u011f\u0131nda bunu devredebiliyorsunuz, satabiliyorsunuz ama t\u0131ra gelince hay\u0131r, bunu satam\u0131yorsunuz. Niye satam\u0131yorsunuz? \u00d6n\u00fcn\u00fczdeki engel ne? Niye b\u00f6yle bir engel \u00e7\u0131kar\u0131yorlar \u00f6n\u00fcn\u00fcze?  Bu engelin de kalkmas\u0131 laz\u0131m. Bak\u0131n bir \u015fey daha ifade edeyim; herhangi bir ki\u015fi ister Mersin\u2019de, ister Adana\u2019da, ister \u0130stanbul\u2019da, ister Hakkari\u2019de, ister Trabzon\u2019da taksi plakas\u0131 alamaz. Tahdidi vard\u0131r ama sizin i\u015finizi yapmak i\u00e7in hi\u00e7bir tahdit yok. Paran\u0131z varsa gider kamyon al\u0131rs\u0131n\u0131z, ba\u015flars\u0131n\u0131z \u00e7al\u0131\u015fmaya. Niye tahdit yok? Sizin plakan\u0131z\u0131n de\u011ferli olmas\u0131 laz\u0131m. Taksi plakas\u0131 nas\u0131l de\u011ferliyse; t\u0131r plakas\u0131n\u0131n da kamyonun plakas\u0131n\u0131n da de\u011ferli olmas\u0131 laz\u0131m.\u201d<br \/>\n\u201cTahdit gelecek, o da sizin g\u00fcvenceniz olacak\u201d<br \/>\nMemurun emekli oldu\u011funda ikramiye, i\u015f\u00e7inin k\u0131dem tazminat\u0131, d\u00fckkan\u0131 iyi yerde olan esnaf\u0131n hava paras\u0131 ald\u0131\u011f\u0131n\u0131 vurgulayan K\u0131l\u0131\u00e7daro\u011flu, \u201cSiz plakadan \u00f6t\u00fcr\u00fc bir gelir elde ediyor musunuz? Hi\u00e7bir \u015fey elde etmiyorsunuz. Tahdit gelecek, o da sizin g\u00fcvenceniz olacak. Her \u00f6n\u00fcne gelen kamyonu alacak, \u2018istedi\u011fim gibi \u00e7al\u0131\u015faca\u011f\u0131m\u2019, olmaz. Bu o kadar basit bir meslek de\u011fildir. Bu mesle\u011fe girenler al\u0131n teri d\u00f6k\u00fcyorlar, y\u0131llar\u0131n\u0131, aylar\u0131n\u0131 veriyorlar. Param var buldum, al 1 tane, 20 tane, 30 tane, 50 tane birden, piyasaya gir. Bu nedir ayn\u0131 zamanda? Sizin gelirlerinizi d\u00fc\u015f\u00fcr\u00fcr. Rekabet imkan\u0131n\u0131z\u0131 d\u00fc\u015f\u00fcr\u00fcr. Yok eder yani. Bunun da de\u011fi\u015fmesi laz\u0131m\u201d dedi. Nakliyecilik mesle\u011fine itibar kazand\u0131r\u0131lmas\u0131 ve cazip hale getirilmesi gerekti\u011fini s\u00f6yleyen K\u0131l\u0131\u00e7daro\u011flu, sekt\u00f6re \u00fcniversiteler arac\u0131l\u0131\u011f\u0131yla nitelikli eleman yeti\u015ftirilmesinin de \u00f6nemine dikkat \u00e7ekti.<br \/>\n\u201cMotor emisyon standartlar\u0131n\u0131n Avrupa Birli\u011fi\u2019ne uyum i\u00e7inde olmas\u0131 laz\u0131m\u201d<br \/>\nMotor emisyon standartlar\u0131yla ilgili Avrupa Birli\u011fi ve T\u00fcrkiye aras\u0131nda ya\u015fanan soruna da dikkat \u00e7eken K\u0131l\u0131\u00e7daro\u011flu, bunun \u015fu an i\u00e7in basit bir sorun olarak g\u00f6r\u00fclebildi\u011fini ancak ilerleyen s\u00fcre\u00e7te daha a\u011f\u0131r olaca\u011f\u0131n\u0131 vurgulad\u0131. K\u0131l\u0131\u00e7daro\u011flu, \u201cBelki sizin ara\u00e7lar\u0131n\u0131z\u0131 sokmayacaklar Avrupa\u2019ya. Belki de daha a\u011f\u0131r vergiler alacaklar sizden. Ne yapmas\u0131 laz\u0131m h\u00fck\u00fcmetin? Buna uygun ara\u00e7lar imal etmesi laz\u0131m. Buna uygun ara\u00e7lar\u0131n imali i\u00e7in te\u015fvik vermesi laz\u0131m ve siz ara\u00e7lar\u0131n\u0131z\u0131 yenilerken bu motor emisyon standartlar\u0131n\u0131n Avrupa Birli\u011fi\u2019ne uyum i\u00e7inde olmas\u0131 laz\u0131m. Ak\u0131llar\u0131na geliyor mu b\u00f6yle bir \u015fey? \u00dclkeyi y\u00f6neten y\u00f6netici 10 y\u0131l sonra, 20 y\u0131l sonra, 30 y\u0131l sonra d\u00fcnyada ne olacak, bunu bilemezse \u00fclkeyi y\u00f6netemez. Bunu bilmesi laz\u0131m. O nedenle \u00fcretimin bu standartlar\u0131 yakalayacak \u015fekilde \u00f6zendirilmesi laz\u0131m\u201d dedi.<br \/>\nT\u0131r \u015fof\u00f6rlerinin \u00e7al\u0131\u015fma saatlerine de de\u011finen K\u0131l\u0131\u00e7daro\u011flu, bu konuda Uluslararas\u0131 \u00c7al\u0131\u015fma \u00d6rg\u00fct\u00fc\u2019n\u00fcn raporlar\u0131 oldu\u011funu ve herkesin buna uydu\u011funu s\u00f6yledi. K\u0131l\u0131\u00e7daro\u011flu, \u201c9 saat \u00e7al\u0131\u015facaks\u0131n, 12 saat dinleneceksin. Avrupal\u0131 bunu gayet g\u00fczel yap\u0131yor. 9 saat gidiyor, bir yerde, e\u011flence merkezi var, sinemas\u0131 var, her t\u00fcrl\u00fc imkan\u0131 var, rahat ediyor, orada 12 saat kalabiliyor, 10 saat kalabiliyor. Da\u011f\u0131n ba\u015f\u0131nda ne yapacaks\u0131n\u0131z Allah a\u015fk\u0131na siz? Size b\u00f6yle bir imkan sa\u011fland\u0131 m\u0131? Rahat edebilece\u011finiz, rahatl\u0131kla dinlenebilece\u011finiz bir imkan sa\u011fland\u0131 m\u0131? Sa\u011flanmad\u0131. Niye sa\u011flanm\u0131yor? Siz vergi vermiyor musunuz? Vergi veriyorsunuz. Gelir Vergisi veriyorsunuz, Kurumlar Vergisi veriyorsunuz, Katma De\u011fer Vergisi veriyorsunuz, Motorlu Ta\u015f\u0131tlar Vergisi veriyorsunuz, \u00d6TV veriyorsunuz, mazot al\u0131rken veriyorsunuz. Niye bu imkan size sa\u011flanm\u0131yor? Hangi gerek\u00e7eyle sa\u011flanm\u0131yor? \u00c7\u00fcnk\u00fc sizin sahibiniz yok arkada\u015flar. Sahibiniz yok\u201d ifadelerine yer verdi.<br \/>\nBak\u0131ms\u0131zl\u0131k nedeniyle yanl\u0131\u015f tartan kantar\u0131n faturas\u0131n\u0131n da \u015fof\u00f6re kesildi\u011fini vurgulayan K\u0131l\u0131\u00e7daro\u011flu, \u201cCeza kime kesiliyor? Ceza size kesiliyor. Bunlar\u0131n bak\u0131m\u0131n\u0131 kim yapacak? \u0130lgili kamu kurumu yapacak. \u0130lgili kamu kurumu s\u00fcresinde, zaman\u0131nda bu bak\u0131mlar\u0131 yap\u0131yor mu? Yapm\u0131yor. Ne olacak ki? Gelir, yanl\u0131\u015f tartar\u0131z, gider \u00f6b\u00fcr tarafta do\u011fru tart\u0131l\u0131r, cezalar\u0131 keseriz, zaman\u0131nda \u00f6denmezse bir de faiziyle beraber bu paralar\u0131 sizden al\u0131r\u0131z. Almazsa? Gelir ehliyetinizi al\u0131r\u0131z\u201d dedi.<br \/>\n\u201cBen paras\u0131n\u0131 \u00f6d\u00fcyorsam ticari s\u0131r olmaz, bu devletin yolu\u201d<br \/>\nK\u0131l\u0131\u00e7daro\u011flu, T\u00fcrkiye\u2019deki otoyol, k\u00f6pr\u00fc ve t\u00fcnellerin neden yap\u0131ld\u0131\u011f\u0131n\u0131 sormad\u0131klar\u0131n\u0131 ancak ne kadara yap\u0131ld\u0131\u011f\u0131n\u0131 ve ne kadar garanti verildi\u011fini merak ettiklerini belirterek, \u201cAd\u0131 \u2018yap-i\u015flet-devret\u2019. Yap-i\u015flet-devret ne demektir? Sen yapacaks\u0131n, i\u015fleteceksin, belli bir s\u00fcre sonra da devlete devredeceksin. \u015eimdi yap, i\u015flet, \u00fcst\u00fcne para al, ola\u011fan\u00fcst\u00fc k\u00e2r elde ettikten sonra da devlete ver. Hem bal\u0131 var hem kayma\u011f\u0131 var. \u015eimdi sizi o yollardan ge\u00e7meye mecbur k\u0131l\u0131yorlar. Avro \u00fczerinden, dolar \u00fczerinden fiyat bi\u00e7iyorlar. Sorduk, bunlar\u0131 ka\u00e7a yapt\u0131n\u0131z? Cevab\u0131 yok. \u2018Efendim ticari s\u0131r bu\u2019. Ne demek ticari s\u0131r? Ben paras\u0131n\u0131 \u00f6d\u00fcyorsam ticari s\u0131r olmaz, bu devletin yolu. Ka\u00e7a yap\u0131ld\u0131 bu? Bilmiyoruz\u201d diye konu\u015ftu.<br \/>\n\u201c\u0130ktidar oldu\u011fumuzda bu yollar\u0131n tamam\u0131n\u0131 kamula\u015ft\u0131raca\u011f\u0131z\u201d<br \/>\n\u0130ktidara geldiklerinde soygun d\u00fczenini ortadan kald\u0131racaklar\u0131n\u0131 vurgulayan K\u0131l\u0131\u00e7daro\u011flu, \u015funlar\u0131 s\u00f6yledi:<br \/>\n\u201cY\u00fcksek bedeller al\u0131yorlar sizden. Navigasyondan sizi oraya y\u00f6nlendiriyorlar, bazen trafik polisi arkada\u015flar y\u00f6nlendiriyorlar, \u00f6yle talimat alm\u0131\u015ft\u0131r. Efendim, oraya devletin y\u00fck\u00fc az olsun, siz cebinizden ayr\u0131ca para \u00f6deyin buraya diye. S\u00f6yleyeyim; sizlerin oyuyla iktidar oldu\u011fumuzda bu yollar\u0131n tamam\u0131n\u0131 kamula\u015ft\u0131raca\u011f\u0131z. \u00d6yle u\u00e7uk rakamlar olmayacak. Soygun d\u00fczeni olmayacak. Soygun d\u00fczeni olur mu ya? Bunlar\u0131n tamam\u0131n\u0131 kald\u0131raca\u011f\u0131z. Ama \u015f\u00f6yle yapaca\u011f\u0131z; kimseyi ma\u011fdur etmeyece\u011fiz. Yolu ka\u00e7a yapt\u0131\u011f\u0131n\u0131n maliyetini \u00e7\u0131kartaca\u011f\u0131z. \u00dcst\u00fcne makul bir k\u00e2r koyaca\u011f\u0131z. Paras\u0131n\u0131 verece\u011fiz yolu alaca\u011f\u0131z, k\u00f6pr\u00fcy\u00fc alaca\u011f\u0131z. Makul bir fiyat koyars\u0131n\u0131z, mesele biter. Rahmetli \u00d6zal\u2019\u0131n yapt\u0131\u011f\u0131 yollardan, k\u00f6pr\u00fclerden de para al\u0131n\u0131yor ama bu kadar anormal paralar al\u0131nm\u0131yor. Bunun yap\u0131lmas\u0131 laz\u0131m.\u201d<br \/>\n\u201cSize mazot deste\u011fi veriliyor mu, verilmiyor\u201d<br \/>\nAvrupa\u2019n\u0131n bir\u00e7ok \u00fclkesinde 12 ton ve daha fazla y\u00fck ta\u015f\u0131yanlara mazot deste\u011fi verildi\u011fine dikkat \u00e7eken K\u0131l\u0131\u00e7daro\u011flu, \u201cSize mazot deste\u011fi veriliyor mu? Verilmiyor. Niye verilmiyor? Siz nas\u0131l rekabet edeceksiniz? Onlar\u0131n devletleri, onlar\u0131n h\u00fck\u00fcmetleri kendi nakliyecilerine destek verirken, bizim h\u00fck\u00fcmetler neden k\u00f6stek oluyor? Neden destek vermiyor? Siz bu memlekete dolar getiriyorsunuz, para getiriyorsunuz. 25 milyar dolar, az para m\u0131 bu 25 milyar dolar? Onlar hangi deste\u011fi veriyorsa bizim de en az o deste\u011fi vermemiz laz\u0131m ki rekabette e\u015fitlenelim. Onlar daha b\u00fcy\u00fck avantajlar elde ederlerse siz rekabet edemezsiniz\u201d dedi. CHP Lideri K\u0131l\u0131\u00e7daro\u011flu, nakliye sekt\u00f6r\u00fcndeki haks\u0131z rekabetin \u00f6nlenmesi i\u00e7in Avrupa ve Amerika\u2019da oldu\u011fu gibi kilometre ba\u015f\u0131na asgari fiyat tarifesi uygulanmas\u0131 \u00f6nerisinde bulundu.<br \/>\n\u201cD\u0131\u015f politikada kavgay\u0131 de\u011fil, bar\u0131\u015f\u0131 \u00f6nceleyece\u011fiz\u201d<br \/>\n\u0130ktidar olduklar\u0131nda d\u0131\u015f politikada bar\u0131\u015f\u0131 \u00f6nceleyeceklerini belirten K\u0131l\u0131\u00e7daro\u011flu, \u201c\u0130ktidar oldu\u011fumuzda Suriye ile hemen bar\u0131\u015faca\u011f\u0131z. M\u0131s\u0131r\u2019la hemen bar\u0131\u015faca\u011f\u0131z. Kar\u015f\u0131l\u0131kl\u0131 b\u00fcy\u00fckel\u00e7ilikleri a\u00e7aca\u011f\u0131z. Suriye\u2019den Ortado\u011fu\u2019ya, M\u0131s\u0131r\u2019a kadar giden yollar\u0131n tamam\u0131n\u0131 trafi\u011fe a\u00e7aca\u011f\u0131z. D\u0131\u015f politikada kavgay\u0131 de\u011fil, bar\u0131\u015f\u0131 \u00f6nceleyece\u011fiz. Azerbaycan, Kazakistan, K\u0131rg\u0131zistan, Rusya\u2026 Burada kar\u015f\u0131la\u015ft\u0131\u011f\u0131n\u0131z sorunlar\u0131 da biliyorum. Sarp S\u0131n\u0131r Kap\u0131s\u0131\u2019nda g\u00fcnlerce bekleyen t\u0131r \u015fof\u00f6rlerini biliyorum. Azerbaycan\u2019\u0131n bizden ald\u0131\u011f\u0131 ekstra paralar\u0131 biliyorum. Sizi ro-ro \u00fczerinden mal ta\u015f\u0131maya sevk ettiklerini biliyorum. 2 bin-2 bin 500 dolar ekstra para ald\u0131klar\u0131n\u0131 biliyorum. Yabanc\u0131 t\u0131rlardan al\u0131nmayan paran\u0131n T\u00fcrk t\u0131rlar\u0131ndan al\u0131nd\u0131\u011f\u0131n\u0131 biliyorum. Peki soru; bunlar olurken, bu h\u00fck\u00fcmet niye uykuda? Neden m\u00fcdahale etmiyor? Bu t\u0131rlar bizim t\u0131rlar de\u011fil mi? Bu \u015fof\u00f6rler bizim \u015fof\u00f6rlerimiz de\u011fil mi? Onlar\u0131n kazand\u0131\u011f\u0131 para T\u00fcrkiye\u2019ye gelmiyor mu? Neden bunlara sahip \u00e7\u0131k\u0131lm\u0131yor ve neden d\u0131\u015f politikada bu konuda oturulup g\u00f6r\u00fc\u015f\u00fclm\u00fcyor. 2 devlet, 1 millet. E g\u00fczel. 2 devlet 1 milletsek bizim t\u0131rlara neden farkl\u0131 muamele ediyorsunuz? Bunu sormayacak m\u0131y\u0131z? Bir telefona bakar. A\u00e7acaks\u0131n\u0131z telefonu, diyeceksiniz ki; e karde\u015fim sen Avrupa\u2019dan gelen t\u0131rlara, yabanc\u0131 t\u0131rlara ne yap\u0131yorsan ayn\u0131s\u0131n\u0131 bize de yap. Biz sizden ayr\u0131cal\u0131k beklemiyoruz. Bu telefon dahi a\u00e7\u0131lm\u0131yor arkada\u015flar. O nedenle sahibiniz yok, sorununuz var. Bunun \u00e7\u00f6z\u00fclmesi laz\u0131m\u201d dedi.<br \/>\n\u201c\u00c7antada keklik olarak g\u00f6r\u00fcld\u00fc\u011f\u00fcn\u00fcz s\u00fcrece sizin sorunlar\u0131n\u0131z \u00e7\u00f6z\u00fclmez\u201d<br \/>\nK\u0131l\u0131\u00e7daro\u011flu, d\u00fcnyan\u0131n ve ili\u015fkilerin de\u011fi\u015fti\u011finden s\u00f6z ederek,  \u015funlar\u0131 s\u00f6yledi:<br \/>\n\u201c6 sigorta t\u00fcr\u00fc \u00f6d\u00fcyorsunuz. Avrupal\u0131lar 1 sigorta. Karma\u015f\u0131k i\u015fi bitirmi\u015fler, tek sigorta, mesela bitiyor. Yapabilir miyiz? Yapar\u0131z. Elin o\u011flu yap\u0131yor da biz niye yapmayaca\u011f\u0131z? Biz de bunu yapabiliriz. Karayollar\u0131 Ta\u015f\u0131ma Kanunu. 17 y\u0131ll\u0131k da Ta\u015f\u0131ma Y\u00f6netmeli\u011fi var. Bunlar\u0131n de\u011fi\u015fmesi laz\u0131m.  D\u00fcnya de\u011fi\u015fiyor, ili\u015fkiler de\u011fi\u015fiyor. Ye\u015fil Ekonomi dedi\u011fimiz bir kavram var. Emisyon hacminin d\u00fc\u015f\u00fcr\u00fclmesi isteniyor. \u00c7evre ile ilgili toplumun duyarl\u0131l\u0131\u011f\u0131 var. Bunlar\u0131n de\u011fi\u015fmesi laz\u0131m. Nas\u0131l de\u011fi\u015fecek? \u0130\u015fin uzmanlar\u0131n\u0131 getireceksiniz, sekt\u00f6r\u00fcn temsilcilerini getireceksiniz. Bir masan\u0131n etraf\u0131nda oturtacaks\u0131n\u0131z, karde\u015fim \u015funlar\u0131n, \u015funlar\u0131n yap\u0131lmas\u0131 laz\u0131m. Siz derdinizi anlatacaks\u0131n\u0131z, \u00e7\u00f6zmek durumunda olan iktidar sahipleri de bunlar\u0131 \u00e7\u00f6zecekler. Ama sizinle bir araya bile gelmiyorlar. Niye gelmiyorlar? Onu da s\u00f6yleyeyim. \u2018Ne olacak\u2019 diyor, \u2018vur ensesine istedi\u011fini yap\u2019 diyor. \u2018Nas\u0131l olsa bunlar sonu\u00e7ta gelecek, oyu yine bize verecek\u2019 diyor. \u00c7antada keklik olarak g\u00f6r\u00fcld\u00fc\u011f\u00fcn\u00fcz s\u00fcrece sizin sorunlar\u0131n\u0131z \u00e7\u00f6z\u00fclmez. T\u00fcrk\u00e7esi budur arkada\u015flar. Kimse kusura bakmas\u0131n. A\u00e7\u0131k ve net konu\u015faca\u011f\u0131m. Birbirimizi kand\u0131rman\u0131n bir \u00e2lemi yok. A\u00e7\u0131k ve net. Oyunuzun rengini de\u011fi\u015ftirmek zorundas\u0131n\u0131z b\u00fct\u00fcn bu sorunlar\u0131n \u00e7\u00f6z\u00fclmesi i\u00e7in.\u201d<br \/>\n\u201cBen sizin oyunuza talip de\u011filim. Ben sizin dertlerinize, sorunlar\u0131n\u0131za talibim\u201d<br \/>\nSekt\u00f6re ili\u015fkin sorunlar\u0131 \u00e7\u00f6zeceklerini vurgulayan K\u0131l\u0131\u00e7daro\u011flu, \u201cBuyurun Mersin B\u00fcy\u00fck\u015fehir Belediye Ba\u015fkan\u0131m\u0131z burada. Sizin sorunlar\u0131n\u0131z\u0131 \u00e7\u00f6zmek i\u00e7in elinden gelen her \u00e7abay\u0131 g\u00f6steriyor. Ben sizin oyunuza talip de\u011filim. Ben sizin dertlerinize talibim, sorunlar\u0131n\u0131za talibim. \u00c7\u00f6zece\u011fim bunlar\u0131, niye \u00e7\u00f6zmeyelim? Arac\u0131n\u0131z\u0131 yenilerken size avantaj sa\u011flanmas\u0131 laz\u0131m. Az \u00f6nce s\u00f6yledim, hurda deste\u011fi verilmesi laz\u0131m arac\u0131n\u0131z\u0131 yenilerken. Plaka tahdidi getirilmesi laz\u0131m. Her \u00f6n\u00fcne gelen bu i\u015fi yapamaz. Plaka tahdidi gelmesi laz\u0131m. Ekmek teknesi arac\u0131n\u0131z\u0131n plakas\u0131 de\u011ferlenecek, evinize ekmek g\u00f6t\u00fcreceksiniz. Gelece\u011finiz de g\u00fcvence alt\u0131nda olacak. Bunun olmas\u0131 laz\u0131m. D\u0131\u015f politikan\u0131n tamamen de\u011fi\u015fmesi laz\u0131m. 180 derece. T\u00fcrkiye\u2019ye y\u00f6nelik olumsuz bir tav\u0131r tak\u0131n\u0131lmamas\u0131 laz\u0131m. Bunu yapmak \u00e7ok zor bir \u015fey de\u011fil arkada\u015flar. Oturursunuz, beraber dersiniz ki, \u2018Ya biz madem ki akrabay\u0131z, madem ki ayn\u0131 k\u00f6kten geliyoruz, e karde\u015fim o zaman bizim t\u0131r \u015fof\u00f6rlerine neden bu ayr\u0131cal\u0131\u011f\u0131 yap\u0131yorsun?\u2019 \u2018Neden Sarp S\u0131n\u0131r Kap\u0131s\u0131\u2019nda bunlar g\u00fcnlerce beklemek zorunda kal\u0131yorlar.\u2019 Onlar derse ki \u2018biz bunu yap\u0131yoruz\u2019, e biz de gere\u011fini yapar\u0131z o zaman\u201d diye konu\u015ftu.<br \/>\n\u201cTereya\u011f\u0131ndan k\u0131l \u00e7eker gibi b\u00fct\u00fcn bu sorunlar\u0131 \u00e7\u00f6zece\u011fiz\u201d<br \/>\nSekt\u00f6r\u00fcn T\u00fcrkiye a\u00e7\u0131s\u0131ndan \u00e7ok b\u00fcy\u00fck bir potansiyele sahip oldu\u011funu ve ola\u011fan\u00fcst\u00fc avantajlar sa\u011fland\u0131\u011f\u0131 takdirde T\u00fcrkiye\u2019yi d\u00f6vize bo\u011fabileceklerini belirten K\u0131l\u0131\u00e7daro\u011flu, \u015funlar\u0131 kaydetti:<br \/>\n\u201c\u0130\u015fin \u00f6z\u00fc; sorunlar\u0131n\u0131z belli. Hepsi \u00e7\u00f6z\u00fclecek t\u00fcrden sorunlar. \u00c7\u00f6z\u00fclemeyecek hi\u00e7bir sorununuz yok. T\u00fcrkiye a\u00e7\u0131s\u0131ndan \u00e7ok b\u00fcy\u00fck bir potansiyelsiniz. Ola\u011fan\u00fcst\u00fc avantajlar sa\u011fland\u0131\u011f\u0131 takdirde, emin olun her t\u00fcrl\u00fc imk\u00e2n size sa\u011fland\u0131\u011f\u0131 takdirde T\u00fcrkiye\u2019yi d\u00f6vize bo\u011fars\u0131n\u0131z. Ben buna da inan\u0131yorum. Bu co\u011frafya hem sizin hem T\u00fcrkiye\u2019nin kazanmas\u0131na uygun bir co\u011frafya. Bunu Mersin&#8217;de yapt\u0131k, sizlerle beraber yapt\u0131k. D\u00fc\u015f\u00fcncelerimi a\u00e7\u0131k ve net ifade ettim. \u00c7ok daha h\u0131zl\u0131, \u00e7ok daha g\u00fc\u00e7l\u00fc bir \u015fekilde b\u00fcy\u00fcyebiliriz. Bunu yapabiliriz, sa\u011flayabiliriz. Yeter ki bu dedi\u011fim olaylar, sorunlar \u00e7\u00f6z\u00fcls\u00fcn. Bunlar\u0131n \u00e7\u00f6z\u00fclmesi i\u00e7in de \u00f6yle 5 y\u0131l, 10 y\u0131l falan beklemeye gerek yok. 1 y\u0131l i\u00e7inde bunlar\u0131n tamam\u0131 \u00e7\u00f6z\u00fcl\u00fcr. 1 y\u0131l bak\u0131n. Siz belki bu mesle\u011fe girmeden \u00f6nce bu sorunlar vard\u0131. Mesle\u011fi neredeyse b\u0131rak\u0131p emekli olacaks\u0131n, yine bu sorunlar var ama \u00e7\u00f6z\u00fclm\u00fcyor. Oysa 1 y\u0131l i\u00e7inde bu sorunlar\u0131n tamam\u0131 \u00e7\u00f6z\u00fcl\u00fcr. Sorman\u0131z laz\u0131m ya, bu \u00fclkede D\u0131\u015fi\u015fleri Bakanl\u0131\u011f\u0131 ne yap\u0131yor? Sorman\u0131z laz\u0131m, bu \u00fclkede Ula\u015ft\u0131rma Bakan\u0131 ne yap\u0131yor? Siz d\u00fc\u015f\u00fcneceksiniz, ben de d\u00fc\u015f\u00fcnece\u011fim. Sorunlar\u0131 aktaracaks\u0131n\u0131z, biz parlamentoda da, parlamento d\u0131\u015f\u0131nda da sizin sorunlar\u0131n\u0131z\u0131, her yerde, her ortamda dile getirece\u011fiz. Sak\u0131n moralinizi bozmay\u0131n. T\u00fcrkiye\u2019nin \u00e7\u00f6z\u00fclemeyecek hi\u00e7bir sorunu yoktur. B\u00fct\u00fcn sorunlar\u0131 \u00e7\u00f6zece\u011fiz. Tereya\u011f\u0131ndan k\u0131l \u00e7eker gibi b\u00fct\u00fcn bu sorunlar\u0131 \u00e7\u00f6zece\u011fiz, hepsini \u00e7\u00f6zece\u011fim. G\u00fcvenin, biz size g\u00fcveniyoruz \u00e7\u00fcnk\u00fc. Sa\u011f olun, te\u015fekk\u00fcr ederiz.\u201d<br \/>\n\u201cLojistik sekt\u00f6r\u00fc ile ilgili \u00e7ok \u00f6nemli bir toplant\u0131\u201d<br \/>\nB\u00fcy\u00fck\u015fehir Belediye Ba\u015fkan\u0131 Vahap Se\u00e7er, Mersin\u2019in en \u00f6nemli sekt\u00f6r\u00fc olan lojistik sekt\u00f6r\u00fcn\u00fcn sorunlar\u0131n\u0131 dinlemek \u00fczere kente gelen CHP Genel Ba\u015fkan\u0131 Kemal K\u0131l\u0131\u00e7daro\u011flu\u2019na te\u015fekk\u00fcr ederek, \u201cBelediye Ba\u015fkanl\u0131\u011f\u0131n\u0131 yapt\u0131\u011f\u0131m \u015fehrin en \u00f6nemli sekt\u00f6r\u00fc lojistik sekt\u00f6r\u00fc ile ilgili \u00e7ok \u00f6nemli bir toplant\u0131. G\u00f6r\u00fc\u015f al\u0131\u015fveri\u015fi yapmak \u00fczere kentimize geldi. Genelde sekt\u00f6rler, sekt\u00f6r temsilcileri siyaset\u00e7ilerden randevu bekler, gidip siyaset\u00e7iye derdini, sorunlar\u0131n\u0131 anlatabilsin. Ancak Say\u0131n Genel Ba\u015fkan sekt\u00f6r temsilcilerinin, emek verenlerin yan\u0131na kadar geldi ve bu sorunlar\u0131 bizatihi kendi i\u00e7imizde, bizlerle beraber de\u011ferlendirmek i\u00e7in Akdeniz\u2019in incisi Mersin\u2019imize konuk oldu. Kendisine bir kez daha hasseten \u00e7ok te\u015fekk\u00fcr ediyorum\u201d dedi.<br \/>\n\u201cMersin\u2019de b\u00fct\u00fcn sekt\u00f6rlere hitap edebilecek bir lojistik hizmeti deste\u011fi laz\u0131m\u201d<br \/>\nMersin\u2019in konumu, liman\u0131 ve sekt\u00f6r potansiyellerinin lojistik sekt\u00f6r\u00fcn\u00fc \u00f6n plana \u00e7\u0131kard\u0131\u011f\u0131n\u0131 s\u00f6zlerine ekleyen Ba\u015fkan Se\u00e7er, \u201c\u015eehrimiz \u00e7ok sekt\u00f6rl\u00fc bir \u015fehir. Bu belki de bir\u00e7ok \u015fehirde olmayan ama co\u011frafyan\u0131n, stratejik konumun, toprak yap\u0131s\u0131n\u0131n, havan\u0131n, suyun, Allah\u2019\u0131n bir l\u00fctfu k\u0131sacas\u0131, biz de her \u015fey var ma\u015fallah. Yok yok. \u00c7er\u00e7i d\u00fckkan\u0131 gibi.  Lojistik de b\u00fct\u00fcn bu sekt\u00f6rlerin yaratt\u0131\u011f\u0131 bir sekt\u00f6r. Yani sanayi var, liman var, tar\u0131m var, tar\u0131msal \u00fcretim var, turizm var. B\u00fct\u00fcn bu sekt\u00f6rlere hitap edebilecek bir lojistik hizmeti deste\u011fi laz\u0131m. \u00dcretilen \u00fcr\u00fcnleri alacak ba\u015fka lokasyonlara g\u00f6t\u00fcrecek. \u0130\u015fte Mersin\u2019de lojisti\u011fi lojistik yapan \u00f6zellik bu\u201d diye konu\u015ftu.<br \/>\n\u201cSizlerin ba\u015f\u0131n\u0131 \u00f6ne e\u011fdirmeyecek bir \u015fekilde bu sekt\u00f6re gerekli katk\u0131y\u0131 veriyoruz\u201d<br \/>\nBa\u015fkan Se\u00e7er, lojistik filosunun geni\u015fli\u011fine ve \u00f6nemine ra\u011fmen sekt\u00f6rdeki sorunlar\u0131n fazlal\u0131\u011f\u0131na dikkat \u00e7ekerek, g\u00f6reve geldikleri g\u00fcnden bu yana lojistik sekt\u00f6r\u00fcne gerekli destekleri verdiklerinin ve vermeye devam edeceklerinin alt\u0131n\u0131 \u00e7izdi. Se\u00e7er, \u201cT\u00fcrkiye\u2019nin en b\u00fcy\u00fck lojistik filosunun oldu\u011fu \u015fehirdesiniz \u015fu anda. Ama ne yaz\u0131k ki bu kadar a\u011fz\u0131m dolu dolu bu sekt\u00f6r\u00fc konu\u015fuyorum, bir o kadar da a\u011fz\u0131m dolu dolu sorunlar\u0131n\u0131 konu\u015fmam laz\u0131m. Elbette 2.5 y\u0131ll\u0131k g\u00f6rev s\u00fcremiz i\u00e7erisinde sizlerin ba\u015f\u0131n\u0131 \u00f6ne e\u011fdirmeyecek bir \u015fekilde bu sekt\u00f6re gerekli katk\u0131y\u0131 veriyoruz, vermeye devam edece\u011fiz. Ama siz de takdir edersiniz ki bir anda y\u0131llar\u0131n \u00f6n\u00fcn\u00fcze koydu\u011fu sorunlar\u0131 \u00e7\u00f6zme \u015fans\u0131na sahip de\u011filsiniz. Emin olun bu s\u00f6z\u00fcm sizin huzurunuzda, sizin nezdinizde buradaki t\u00fcm \u015fof\u00f6r esnaf\u0131na, ta\u015f\u0131mac\u0131 esnaf\u0131na olsun. Burada g\u00f6revde kald\u0131\u011f\u0131m\u0131z s\u00fcrece nakliye sekt\u00f6r\u00fcn\u00fcn t\u00fcm sorunlar\u0131n\u0131 bir bir \u00e7\u00f6zme iradesini s\u00fcrd\u00fcrece\u011fiz\u201d ifadelerini kulland\u0131.<br \/>\nMersin\u2019in lojistik olarak \u00f6nemli kapasiteye ve potansiyellere sahip oldu\u011funu \u00f6rneklerle anlatan Ba\u015fkan Se\u00e7er, \u201cYenice\u2019den ba\u015flayay\u0131m. Lojistik k\u00f6y\u00fcm\u00fcz var. Yakla\u015f\u0131k 500 dekar arazi \u00fczerinde. Biliyorsunuz tarihi Berlin-Ba\u011fdat Demiryolu Hatt\u0131\u2019n\u0131n da en \u00f6nemli istasyonudur. 1800\u2019l\u00fc, 1900\u2019l\u00fc y\u0131llar\u0131n sonunda yap\u0131lan. Orada yeni yeni \u015fekillenen ve geli\u015fen bir lojistik k\u00f6y\u00fcm\u00fcz var. Bu iyi bir durumdur. Yine o b\u00f6lgede \u00e7ok yak\u0131n bir lokasyonda Uluslararas\u0131 \u00c7ukurova Kargo Havaliman\u0131 var. Uluslararas\u0131 olma \u00f6zelli\u011fini bir kenara yaz\u0131yorum. Kargo ta\u015f\u0131mac\u0131l\u0131\u011f\u0131na uygun bir havaalan\u0131 olmas\u0131n\u0131 da bir kenara yaz\u0131yorum. Bunlar \u00e7ok \u00f6nemli ve de\u011ferli \u00f6zellikler. Bunlar i\u015fte lojisti\u011fi g\u00fc\u00e7lendirmemiz gerekti\u011finin i\u015faretleri. Mersin liman\u0131 2.6 milyon TEU\u2019luk bir kapasiteye sahip, elle\u00e7leme kapasitesine sahip. Ancak yeni bir \u00f6zelle\u015ftirme ile Ta\u015fucu\u2019nda eski SEKA Liman\u0131 \u00f6zelle\u015ftirildi. \u015eu anda y\u00fcklenici firma orada belirli projeksiyonlar\u0131n\u0131 hayata ge\u00e7iriyor. Orada bir serbest b\u00f6lge d\u00fc\u015f\u00fcncesi oldu\u011funu da duyuyorum. Burada da bir serbest b\u00f6lgemiz var Mersin\u2019in merkezinde. 1980\u2019li y\u0131llardan beri hizmet veren bir alan\u0131m\u0131z var\u201d diye konu\u015ftu.<br \/>\n\u201cYeralt\u0131 metrosunun temelini beraberce ataca\u011f\u0131z\u201d<br \/>\nMersin tarihinin en \u00f6nemli yat\u0131r\u0131m\u0131 olarak hayata ge\u00e7irecekleri Metro Projesi\u2019nden de bahseden Se\u00e7er, temel atma t\u00f6renini Genel Ba\u015fkan K\u0131l\u0131\u00e7daro\u011flu ile yapmak istediklerini s\u00f6zlerine ekledi. Se\u00e7er, \u201cBiz de in\u015fallah 3 Ocak Mersin\u2019in Kurtulu\u015fu\u2019nda sizden rica edece\u011fiz; bu b\u00f6lgenin en \u00f6nemli yerel y\u00f6netim yat\u0131r\u0131m\u0131n\u0131n, yeralt\u0131 metrosunun Mersin\u2019e temelini beraberce ataca\u011f\u0131z. Ama demiryolu hatlar\u0131 \u015fehirleri de birbirine ba\u011flamal\u0131 sadece kendi ilimiz i\u00e7erisindeki il\u00e7eleri de\u011fil. Mersin-Adana-Osmaniye-Gaziantep h\u0131zl\u0131 tren projesi var \u015fu anda y\u00fcklenici firma yer teslimi yap\u0131ld\u0131, \u00e7al\u0131\u015fmalar\u0131 ba\u015flatt\u0131lar. Ula\u015ft\u0131rma Bakanl\u0131\u011f\u0131 uhdesinde yap\u0131lan bir yat\u0131r\u0131m. Yine Karaman-Uluk\u0131\u015fla-Yenice demiryolu hatt\u0131; bu yeni bir demir yolu g\u00fczergah\u0131. Mevcut kadim g\u00fczergah\u0131n d\u0131\u015f\u0131nda. Bu da lojistik i\u00e7in son derece \u00f6nemlidir\u201d ifadelerini kulland\u0131.<br \/>\n\u201cMersin Liman\u0131, T\u00fcrkiye\u2019nin elle\u00e7leme kapasitesi en y\u00fcksek liman\u0131\u201d<br \/>\nYap\u0131lmas\u0131 halinde Mersin i\u00e7in olduk\u00e7a \u00f6nemli olacak olan ana konteyner liman\u0131 konusuna da de\u011finen Se\u00e7er, 10. Kalk\u0131nma Plan\u0131\u2019nda yer alan ve Mersin\u2019de yap\u0131lmas\u0131 planlanan ana konteyner liman\u0131 ibaresinin 11. Kalk\u0131nma Plan\u0131\u2019nda \u2018Do\u011fu Akdeniz\u2019 olarak de\u011fi\u015ftirildi\u011fini hat\u0131rlatt\u0131. Se\u00e7er, \u201c\u0130kinci liman, ana konteyner liman\u0131, halk liman\u0131. Lojistikle u\u011fra\u015fan karde\u015flerim bu liman\u0131n \u00f6nemini benden kat be kat daha iyi bilecektir. Do\u011fu Akdeniz \u00e7ana\u011f\u0131n\u0131n \u00e7ok \u00f6nemli bir noktas\u0131nday\u0131z. Mersin Liman\u0131 da \u015fu anda \u00f6yle. T\u00fcrkiye\u2019nin en b\u00fcy\u00fck liman\u0131, elle\u00e7leme kapasitesi en y\u00fcksek liman\u0131. Mersin\u2019de d\u0131\u015f ticaret hacmi yakla\u015f\u0131k olarak 5 milyar dolar civar\u0131nda. Bunun 3.2 milyar\u0131 ihracat. Geri kalan k\u0131sm\u0131 da ithalat.  Bunun %50\u2019si de bu liman arac\u0131l\u0131\u011f\u0131yla yap\u0131l\u0131yor. Di\u011ferlerini de burada lastik tekerlekli ta\u015f\u0131ma ara\u00e7lar\u0131yla, buradaki karde\u015flerimiz Orta Do\u011fu\u2019ya, Kafkaslar\u2019a bu ihra\u00e7, transit \u00fcr\u00fcnlerini ya da burada \u00fcretilen \u00fcr\u00fcnleri ta\u015f\u0131ma imkan\u0131 buluyorlar. Ancak yeni planlanan ve Cumhurba\u015fkanl\u0131\u011f\u0131 yat\u0131r\u0131m program\u0131nda da olan 10. Kalk\u0131nma Plan\u0131\u2019nda; \u2018Mersin\u2019de bir ana konteyner liman\u0131\u2019 ibaresi ile yer alan ama bizim de kafam\u0131z\u0131 kar\u0131\u015ft\u0131ran 11. Kalk\u0131nma Plan\u0131\u2019nda \u2018Do\u011fu Akdeniz\u2019de bir ana konteyner liman\u0131\u2019 olarak o ibare de\u011fi\u015ftirilerek hala g\u00fcndemde bekletilen bir projeksiyon var, bir proje var. 12.8 milyon TEU, mevcut liman 2.6 milyon TEU. Aradaki kapasite fark\u0131n\u0131 siz daha iyi anlayacaks\u0131n\u0131z\u201d dedi.<br \/>\n\u201cBu toplant\u0131n\u0131n kentime \u00e7ok b\u00fcy\u00fck fayda getirece\u011fini umut ediyorum\u201d<br \/>\nGer\u00e7ekle\u015ftirilen bulu\u015fman\u0131n Mersin\u2019e b\u00fcy\u00fck katk\u0131 sa\u011flayaca\u011f\u0131na inand\u0131\u011f\u0131n\u0131 ifade eden Ba\u015fkan Se\u00e7er, \u201cPartimizin \u00e7ok \u00f6nemli lojistik bir projesi var; Merkez T\u00fcrkiye Projesi. Muazzam bir entegrasyon alan\u0131. Yeni konseptte \u00c7in\u2019in \u2018Deniz \u0130pek Yolu\u2019 konseptini d\u00fc\u015f\u00fcn\u00fcrseniz buran\u0131n ne kadar \u00f6nemli oldu\u011funu san\u0131yorum hep beraber daha iyi anlayaca\u011f\u0131z. Ben, bizlerin genel iktidar\u0131nda, merkezi h\u00fck\u00fcmetin Mersinime daha y\u00fcz\u00fcn\u00fc d\u00f6nerek bakmas\u0131n\u0131 umut ederim, dilerim, isterim. Bunu sizden do\u011fal olarak, partinizin Belediye Ba\u015fkan\u0131 olarak talep etme hakk\u0131m oldu\u011funu d\u00fc\u015f\u00fcn\u00fcyorum ve sizden talep ediyorum bunu. Bu toplant\u0131n\u0131n kentime \u00e7ok b\u00fcy\u00fck fayda getirece\u011fini,  ayn\u0131 zamanda partimin iktidar\u0131nda, partimin bu sekt\u00f6re bak\u0131\u015f a\u00e7\u0131s\u0131na \u00e7ok \u00f6nemli bir el feneri g\u00f6revi g\u00f6rece\u011fini umut ediyorum. Kentime geldi\u011finiz i\u00e7in tekrar sizlere te\u015fekk\u00fcr ediyorum\u201d dedi.<\/p>\n<p>K\u0131z\u0131ltan: \u201cNakliyat\u00e7\u0131l\u0131k kutsal bir sekt\u00f6r\u201d<\/p>\n<p>MTSO Ba\u015fkan\u0131 Ayhan K\u0131z\u0131ltan, sekt\u00f6r\u00fcn sorunlar\u0131n\u0131n konu\u015fulmas\u0131n\u0131n \u00f6nemli oldu\u011funu ifade ederek, \u201cSiz bunlar\u0131 dinlemek, parti program\u0131n\u0131za ta\u015f\u0131mak ve T\u00fcrkiye B\u00fcy\u00fck Millet Meclisi\u2019nde dile getirilmesi anlam\u0131nda \u00e7ok b\u00fcy\u00fck destek vereceksiniz, ben buna  inan\u0131yorum. \u0130n\u015fallah buradaki zirve Mersin i\u00e7in \u00e7ok yararl\u0131 olacakt\u0131r\u201d dedi. K\u0131z\u0131ltan, nakliyat\u00e7\u0131lar\u0131n uzun y\u0131llar boyunca \u00e7ok ilkel bir ortamda \u00e7al\u0131\u015ft\u0131klar\u0131n\u0131 ancak Ba\u015fkan Se\u00e7er\u2019in nakliyat\u00e7\u0131lara bekledikleri m\u00fcjdeyi verdi\u011fini belirterek, \u201cNakliyat\u00e7\u0131lar, daha modern, \u00e7a\u011fda\u015f, her t\u00fcrl\u00fc imkan\u0131 olan bir siteye kavu\u015facak. Bu lojistik anlamda bir ba\u015flang\u0131\u00e7 Mersin i\u00e7in\u201d diye konu\u015ftu.<\/p>\n<p>Toplant\u0131da Divan Ba\u015fkanl\u0131\u011f\u0131\u2019n\u0131 yapan MTSO Y\u00f6netim Kurulu \u00dcyesi \u0130sa \u00c7ani, ilk defa bu kadar g\u00fcr bir \u015fekilde sorunlar\u0131n\u0131 dile getirme imkan\u0131 bulduklar\u0131n\u0131 belirterek, \u201cBug\u00fcn\u00fc bir milat olarak g\u00f6r\u00fcyorum\u201d dedi. Bulu\u015fmaya b\u00fcy\u00fck ilgi g\u00f6steren sekt\u00f6rdeki esnaf da sorunlar\u0131na ili\u015fkin d\u00f6vizler ta\u015f\u0131d\u0131. Bulu\u015fman\u0131n ard\u0131ndan, CHP Lideri K\u0131l\u0131\u00e7daro\u011flu ve Ba\u015fkan Se\u00e7er, nakliyeci esnaf\u0131 ile birlikte yemek yedi.<\/p>\n","protected":false},"excerpt":{"rendered":"<p>Nakliye ve lojistik sekt\u00f6r\u00fcn\u00fcn temsilcileri, Mersin\u2019de ger\u00e7ekle\u015ftirilen B\u00fcy\u00fck Nakliyeci Bulu\u015fmas\u0131\u2019nda bir araya geldi. CHP Genel Ba\u015fkan\u0131 Kemal K\u0131l\u0131\u00e7daro\u011flu, sekt\u00f6r\u00fcn T\u00fcrkiye i\u00e7in \u00e7ok b\u00fcy\u00fck potansiyele sahip oldu\u011funu, gerekli ko\u015fullar\u0131n sa\u011flanmas\u0131 durumunda &hellip; <a href=\"https:\/\/akdenizolaygazetesi.com\/?p=14549\" class=\"more-link\">Devam\u0131n\u0131 Oku&#8230;<\/a><\/p>\n","protected":false},"author":2,"featured_media":14550,"comment_status":"open","ping_status":"open","sticky":false,"template":"","format":"standard","meta":[],"categories":[8,2,3,5,6],"tags":[],"_links":{"self":[{"href":"https:\/\/akdenizolaygazetesi.com\/index.php?rest_route=\/wp\/v2\/posts\/14549"}],"collection":[{"href":"https:\/\/akdenizolaygazetesi.com\/index.php?rest_route=\/wp\/v2\/posts"}],"about":[{"href":"https:\/\/akdenizolaygazetesi.com\/index.php?rest_route=\/wp\/v2\/types\/post"}],"author":[{"embeddable":true,"href":"https:\/\/akdenizolaygazetesi.com\/index.php?rest_route=\/wp\/v2\/users\/2"}],"replies":[{"embeddable":true,"href":"https:\/\/akdenizolaygazetesi.com\/index.php?rest_route=%2Fwp%2Fv2%2Fcomments&post=14549"}],"version-history":[{"count":1,"href":"https:\/\/akdenizolaygazetesi.com\/index.php?rest_route=\/wp\/v2\/posts\/14549\/revisions"}],"predecessor-version":[{"id":14551,"href":"https:\/\/akdenizolaygazetesi.com\/index.php?rest_route=\/wp\/v2\/posts\/14549\/revisions\/14551"}],"wp:featuredmedia":[{"embeddable":true,"href":"https:\/\/akdenizolaygazetesi.com\/index.php?rest_route=\/wp\/v2\/media\/14550"}],"wp:attachment":[{"href":"https:\/\/akdenizolaygazetesi.com\/index.php?rest_route=%2Fwp%2Fv2%2Fmedia&parent=14549"}],"wp:term":[{"taxonomy":"category","embeddable":true,"href":"https:\/\/akdenizolaygazetesi.com\/index.php?rest_route=%2Fwp%2Fv2%2Fcategories&post=14549"},{"taxonomy":"post_tag","embeddable":true,"href":"https:\/\/akdenizolaygazetesi.com\/index.php?rest_route=%2Fwp%2Fv2%2Ftags&post=14549"}],"curies":[{"name":"wp","href":"https:\/\/api.w.org\/{rel}","templated":true}]}}